{"id":199552,"date":"2022-05-15T14:10:57","date_gmt":"2022-05-15T12:10:57","guid":{"rendered":"http:\/\/www.leccecronaca.it\/?p=199552"},"modified":"2023-12-13T10:39:54","modified_gmt":"2023-12-13T09:39:54","slug":"la-natura-patrimonio-di-tutti-a-leverano-ieri-sera-sabato-14-maggio-il-terzo-appuntamento-con-il-corso-di-ecologia-ne-parlano-a-leccecronaca-it-i-relatori","status":"publish","type":"post","link":"https:\/\/www.leccecronaca.it\/index.php\/2022\/05\/15\/la-natura-patrimonio-di-tutti-a-leverano-ieri-sera-sabato-14-maggio-il-terzo-appuntamento-con-il-corso-di-ecologia-ne-parlano-a-leccecronaca-it-i-relatori\/","title":{"rendered":"LA NATURA, PATRIMONIO DI TUTTI. REPORTAGE DI leccecronaca.it DAL CORSO DI EDUCAZIONE AMBIENTALE A LEVERANO"},"content":{"rendered":"<p><img decoding=\"async\" loading=\"lazy\" class=\"alignnone wp-image-199553\" src=\"https:\/\/www.leccecronaca.it\/wordpress\/wp-content\/uploads\/2022\/05\/BIBLIOTECA-LEVERANO.jpg\" alt=\"\" width=\"522\" height=\"696\" srcset=\"https:\/\/www.leccecronaca.it\/wordpress\/wp-content\/uploads\/2022\/05\/BIBLIOTECA-LEVERANO.jpg 1080w, https:\/\/www.leccecronaca.it\/wordpress\/wp-content\/uploads\/2022\/05\/BIBLIOTECA-LEVERANO-225x300.jpg 225w, https:\/\/www.leccecronaca.it\/wordpress\/wp-content\/uploads\/2022\/05\/BIBLIOTECA-LEVERANO-768x1024.jpg 768w\" sizes=\"(max-width: 522px) 100vw, 522px\" \/><\/p>\n<p><strong>ORGANIZZATO DAL CIRCOLO TANDEM. I RELATORI, LE FOTO, I COMMENTI DELLA TERZA SERATA<\/strong><\/p>\n<p>&nbsp;<\/p>\n<p>di <strong>Carmen Leo<\/strong>______<em><strong> &#8220;L&#8217;idea di offrire alla cittadinanza di Leverano, e non solo,&nbsp; questi incontri formativi sulla conoscenza delle molteplici problematiche&nbsp; legate al degrado ambientale, \u00e8 frutto di una serie di considerazioni amare sul delicato tema, che tanto ci sta a cuore. <\/strong><\/em><\/p>\n<p><em><strong>Nonostante il preoccupante evolversi della situazione, ai diversi livelli, da quello del cambiamento climatico all&#8217;inquinamento biologico e chimico delle matrici fondamentali, quali acqua, terreno e aria, la reazione dell&#8217;Umanit\u00e0 \u00e8 ancora troppo flebile. <\/strong><\/em><\/p>\n<p><em><strong>Le considerazione pi\u00f9 immediata pu\u00f2 essere che l&#8217;uomo sia divenuto talmente egoista, fino a rasentare la stupidit\u00e0, da porsi nella condizione di voler tagliare il ramo su cui egli stesso \u00e8 seduto. <\/strong><\/em><\/p>\n<p><em><strong>Alla base di tutto c&#8217;\u00e8 sicuramente un enorme gap in materia di cultura ambientale. Da qui la creazione di questo Corso, che nei diversi incontri, intrisi di una logica di propedeuticit\u00e0, dovrebbe aiutare chi \u00e8 interessato a partecipare, a comprendere l&#8217;ABC dell&#8217;Ecologia, che non \u00e8 assolutamente una materia facile&#8221;.<\/strong><\/em><\/p>\n<p>Cos\u00ec <strong>Walter Tramacere<\/strong> ( nella foto sotto), di Leverano, biologo e scrittore, a <strong>lecceronaca.it<\/strong>&nbsp;ha spiegato le motivazioni che hanno indotto l&#8217;Associazione Culturale <em><strong>Circolo Tandem<\/strong><\/em>, che ha sede nel suo comune di nascita, e di cui \u00e8 presidente,&nbsp; ad organizzare questi eventi informativi e formativi,&nbsp;dei quali egli \u00e8 anche moderatore, sul delicato e tanto controverso tema ambientale.<\/p>\n<p>&nbsp;<\/p>\n<p><img decoding=\"async\" loading=\"lazy\" class=\"alignnone wp-image-199554\" src=\"https:\/\/www.leccecronaca.it\/wordpress\/wp-content\/uploads\/2022\/05\/WALTER-TRAMACERE.jpg\" alt=\"\" width=\"370\" height=\"744\"><\/p>\n<p>&nbsp;<\/p>\n<p>Ieri sera, sabato 14 maggio, si \u00e8 tenuto, infatti, presso gli ambienti accoglienti e molto ben organizzati della <strong>Biblioteca di Comunit\u00e0 di Leverano<\/strong>, il terzo dei quattro appuntamenti previsti del <em><strong>Corso di Educazione Ambientale,<\/strong><\/em> promosso dalla su citata <strong>Associazione,<\/strong> al quale hanno partecipato diversi esperti della materia.<\/p>\n<p>&nbsp;<\/p>\n<p><img decoding=\"async\" loading=\"lazy\" class=\"alignnone wp-image-199555\" src=\"https:\/\/www.leccecronaca.it\/wordpress\/wp-content\/uploads\/2022\/05\/ROBERTO-INGROSSO.jpg\" alt=\"\" width=\"571\" height=\"280\"><\/p>\n<p>&nbsp;<\/p>\n<p>Ad aprire la <em>convention<\/em> \u00e8 stato <strong>Roberto Ingrosso&nbsp;<\/strong>( nella foto sopra), di Lecce, laureato in scienze ambientali,&nbsp; specializzato in <strong>Meteorologia e Climatologia<\/strong>,&nbsp; attualmente in servizio presso l&#8217;<em><strong>Universit\u00e0 del Quebec,<\/strong><\/em>&nbsp;a Montreal, intervenuto, appunto, in diretta streaming dal Canada, per illustrare, anche attraverso la condivisione di alcune slide molto chiare, significative ed esplicative, i&nbsp; preoccupanti e continui cambiamenti climatici attualmente in atto sul <strong>Pianeta<\/strong>.<\/p>\n<p>&nbsp;<\/p>\n<p>Il secondo intervento quello di <strong>Lorenzo Mattia<\/strong>&nbsp;(nella foto in basso) in streaming dalla sua citt\u00e0, Vimercate, in provincia di Monza, giovanissimo perito chimico ambientale,&nbsp; impegnato attivista di <em><strong>Friday for Future<\/strong><\/em>, il movimento che si batte con veemenza per la causa ambientale, fondato nel 2018 dalla ora diciannovenne svedese <strong>Greta Thunberg<\/strong>, divenuta nota per le sue manifestazioni regolari tenute davanti al&nbsp;<em><strong>Riksdag<\/strong><\/em>, il&nbsp;parlamento&nbsp;nazionale del&nbsp;Regno di Svezia, &nbsp;a&nbsp;Stoccolma, con lo slogan&nbsp;<em><strong>Skolstrejk f\u00f6r klimatet&nbsp;<\/strong><\/em>(Sciopero scolastico per il clima -ndr), poi in tutto il mondo.<\/p>\n<p>Mattia ha riferito in merito alla crisi climatica mondiale, dal punto di vista della sua generazione, fortemente animata dalla lotta per la <strong>causa ambientale<\/strong>.<\/p>\n<p>&nbsp;<\/p>\n<p><img decoding=\"async\" loading=\"lazy\" class=\"alignnone wp-image-199556\" src=\"https:\/\/www.leccecronaca.it\/wordpress\/wp-content\/uploads\/2022\/05\/LORENZO-MATTIA.jpg\" alt=\"\" width=\"561\" height=\"253\"><\/p>\n<p>&nbsp;<\/p>\n<p><em><strong>&#8220;Sono pi\u00f9 di quaranta anni che combatto per questi temi, e non mi sono mai arreso. Mi occupo di idrogeno dall&#8217;estate 1980.&nbsp; Ora tocca a voi, alle nuove generazioni, il compito di fermare il surriscaldamento del Pianeta, a voi di rimettere le cose a posto. Io sto facendo la mia parte. Sfruttare le potenzialit\u00e0 dell\u2019idrogeno come combustibile pulito e sostenibile, facendo della Puglia il laboratorio di un nuovo modello energetico a zero emissioni, con Taranto citt\u00e0 simbolo per l\u2019alta presenza di fossili e con Accadia (Fg) come sede del primo villaggio ad idrogeno in Europa, \u00e8 una politica da attuare con tutti gli sforzi possibili.&nbsp; <\/strong><\/em><\/p>\n<p><em><strong>In tutti i paesi tecnologicamente avanzati l&#8217;idrogeno viene gi\u00e0 da tempo utilizzato come energia alternativa, solo l&#8217;Italia \u00e8 ancora paurosamente indietro con la ricerca e l&#8217;utilizzo di questa naturale e innovativa fonte di energia alternativa&#8221;.<\/strong><\/em><\/p>\n<p>Queste sono state, invece, in sintesi le parole del professor <strong>Nicola Conenna&nbsp;<\/strong>( sotto nella foto ) di Mola di Bari, fisico, scrittore di numerosi saggi scientifici,&nbsp; presidente della <em><strong>Fondazione H2U-The Hydrogen University<\/strong> <\/em>e della giovane associazione <em><strong>GREEN HYDROGEN COMMUNITY NETWORK<\/strong><\/em>, membro del comitato scientifico di <em><strong>Alboran Hydrogen<\/strong><\/em>, nonch\u00e8 autore del libro <em><strong>Idrogeno, il nuovo oro &#8211;&nbsp;<\/strong><\/em>&nbsp;che ha promosso proprio ieri in questo contesto.<\/p>\n<p>&nbsp;<\/p>\n<p><img decoding=\"async\" loading=\"lazy\" class=\"alignnone wp-image-199557\" src=\"https:\/\/www.leccecronaca.it\/wordpress\/wp-content\/uploads\/2022\/05\/NICOLA-CONENNA.jpg\" alt=\"\" width=\"586\" height=\"862\"><\/p>\n<p>Forse non a tutti \u00e8 noto che il professor Conenna ha presentato, il 31 gennaio 2019 al Senato, la proposta di legge di iniziativa popolare sulla <em><strong>Transizione&nbsp;energetica per l\u2019Italia<\/strong><\/em>, poi depositata in Corte di Cassazione.<\/p>\n<p>Molto appassionato e analitico l&#8217;inciso dello scienziato, sulle enormi potenzialit\u00e0 che l&#8217;idrogeno offre quale fonte di energia innovativa e pulita, con dolenti note di pungente sarcasmo sulla staticit\u00e0 tutta italiana nella ricerca in tale direzione.<\/p>\n<p>Tra gli intervenuti anche <strong>Lorenzo Errico<\/strong>, di Leverano,&nbsp; manager dell&#8217;azienda <em><strong>Erricoenginerring<\/strong>,<\/em> che ha avuto la genialit\u00e0 di&nbsp; creare &#8220;<strong>motori virtuosi&#8221;<\/strong> nel suo sito produttivo a Vasto.<\/p>\n<p>&nbsp;<\/p>\n<p>L\u2019attore <strong>Ulderico Pesce,<\/strong>&nbsp; ha raccontato in diretta online&nbsp;proprio dalla sua terra lucana,&nbsp; la triste storia di una Basilicata martoriata dalle trivellazioni petrolifere, vicenda diventata uno spettacolo teatrale, che lo stesso sta portando in tourn\u00e9e per l\u2019Italia, per spronare le istituzioni e la gente comune a reagire e adottare le misure e politiche pi\u00f9 idonee a debellare ci\u00f2 che continua ad accadere <strong>nel silenzio colpevole di tanti.<\/strong><\/p>\n<p>&nbsp;<\/p>\n<p><em><strong>&#8220;La scuola \u00e8 quell&#8217;Istituzione deputata all&#8217;istruzione e Formazione dell&#8217;individuo, che deve dare una&nbsp; forte spinta alla sensibilizzazione verso un maggiore rispetto dell&#8217;ambiente circostante, e deve collaborare strettamente in tal senso in sinergia con la famiglia e la societ\u00e0. <\/strong><\/em><\/p>\n<p><em><strong>Noi siamo immersi nella Natura e non possiamo ignorare il grido di dolore che da Essa proviene, e si fa ogni giorno pi\u00f9 urlante e disperato. <\/strong><\/em><\/p>\n<p><em><strong>Siamo Noi la Natura, stiamo dunque inquinando, devastando e uccidendo progressivamente noi stessi. <\/strong><\/em><\/p>\n<p><em><strong>Il filo conduttore delle attivit\u00e0 didattiche di questo anno scolastico nel mio istituto \u00e8 proprio la ecosostenibilit\u00e0, per il fine primario di insegnare ai bambini, sin dalla tenera et\u00e0, a relazionarsi in maniera corretta e rispettosa con l&#8217;ambiente circostante, con quello che \u00e8&nbsp; il loro habitat del presente e lo sar\u00e0 indubbiamente per le&nbsp; future generazioni&#8221;.<\/strong><\/em><\/p>\n<p>Termina cos\u00ec, con questa intervista a <strong>Chiara Genna <\/strong>(nella foto sotto)<strong>,<\/strong> di Leverano,&nbsp; docente di scuola dell&#8217;infanzia, che \u00e8 stata moderatrice dell&#8217;evento insieme con Tramacere, e fa parte anch&#8217;ella del direttivo del <em><strong>Circolo Tandem<\/strong><\/em>, il reportage di questo terzo e interessante incontro del <em><strong>Corso di Ecologia, <\/strong><\/em>di cui sabato prossimo 21 maggio &#8211; alle ore 18.30 &#8211; si terr\u00e0 il quarto e ultimo&nbsp; appuntamento.<\/p>\n<p>&nbsp;<\/p>\n<p><img decoding=\"async\" loading=\"lazy\" class=\"alignnone wp-image-199560\" src=\"https:\/\/www.leccecronaca.it\/wordpress\/wp-content\/uploads\/2022\/05\/CHIARA-GENNA.jpg\" alt=\"\" width=\"427\" height=\"949\"><\/p>\n<p>&nbsp;<\/p>\n<p><strong>Leccecronaca.it<\/strong> \u00e8 fortemente sensibile alle problematiche ambientali, sostenendo efficacemente, dal punto di vista giornalistico, enti, associazioni e privati che si adoperano con ogni mezzo nelle battaglie in tal senso.<\/p>\n<p>Lo dimostrano i numerosi articoli pubblicati dalla nostra testata, poi le vere e proprie battaglie giornalistiche, intraprese da anni per sensibilizzare fino allo sfinimento i cittadini&nbsp; a comprendere che <strong>l&#8217;Uomo e l&#8217;Ambiente<\/strong> devono realizzare una <strong>simbiosi primordiale<\/strong>, che li conduca a vivere nel totale rispetto reciproco.<\/p>\n<p>Questo, utilizzando in maniera sostenibile le risorse naturali, che purtroppo \u00e8 risaputo non siano inesauribili, imprimendo una determinante efficacia al concetto di <strong>sostenibilit\u00e0 futura,<\/strong> la quale si basa sul concetto fondamentale che <strong>l&#8217;Adamo ed Eva<\/strong> del presente di un Pianeta sovraffollato, possano &#8220;sfruttare&#8221; in maniera consapevole le fonti di sostentamento che la Natura mette a loro disposizione, derivanti da acqua, aria e suolo, senza comprometterne in alcun modo, o perlomeno con il minor impatto&nbsp;possibile, sia ambientale sia economico , <strong>l&#8217;utilizzo per le future generazioni<\/strong>.<\/p>\n<p>&nbsp;<\/p>\n<p>_____<\/p>\n<p>&nbsp;<\/p>\n<p>LA RICERCA nei nostri articoli del 2 e 8 maggio scorsi<\/p>\n<p>&nbsp;<\/p>\n<blockquote class=\"wp-embedded-content\" data-secret=\"HKThvaXkUM\"><p><a href=\"https:\/\/www.leccecronaca.it\/index.php\/2022\/05\/02\/il-primo-appuntamento-con-il-corso-di-educazione-ambientale-a-leverano-in-sintesi-giornalistica-il-resoconto-della-serata\/\">SI E&#8217; TENUTO IL PRIMO APPUNTAMENTO CON IL CORSO DI EDUCAZIONE AMBIENTALE A LEVERANO. IN SINTESI GIORNALISTICA, IL RESOCONTO DELLA SERATA<\/a><\/p><\/blockquote>\n<p><iframe class=\"wp-embedded-content\" sandbox=\"allow-scripts\" security=\"restricted\" style=\"position: absolute; clip: rect(1px, 1px, 1px, 1px);\" title=\"&#8220;SI E&#8217; TENUTO IL PRIMO APPUNTAMENTO CON IL CORSO DI EDUCAZIONE AMBIENTALE A LEVERANO. IN SINTESI GIORNALISTICA, IL RESOCONTO DELLA SERATA&#8221; &#8212; LecceCronaca.it\" src=\"https:\/\/www.leccecronaca.it\/index.php\/2022\/05\/02\/il-primo-appuntamento-con-il-corso-di-educazione-ambientale-a-leverano-in-sintesi-giornalistica-il-resoconto-della-serata\/embed\/#?secret=E4oTJKugz0#?secret=HKThvaXkUM\" data-secret=\"HKThvaXkUM\" width=\"500\" height=\"282\" frameborder=\"0\" marginwidth=\"0\" marginheight=\"0\" scrolling=\"no\"><\/iframe><\/p>\n<p>&nbsp;<\/p>\n<p>&nbsp;<\/p>\n<blockquote class=\"wp-embedded-content\" data-secret=\"zSdFZHqIq3\"><p><a href=\"https:\/\/www.leccecronaca.it\/index.php\/2022\/05\/08\/si-e-tenuto-il-secondo-appuntamento-con-il-corso-di-educazione-ambientale-a-leverano-in-sintesi-giornalistica-il-resoconto-della-serata\/\">SI E\u2019 TENUTO IL SECONDO APPUNTAMENTO CON IL CORSO DI EDUCAZIONE AMBIENTALE A LEVERANO. IN SINTESI GIORNALISTICA, IL RESOCONTO DELLA SERATA<\/a><\/p><\/blockquote>\n<p><iframe class=\"wp-embedded-content\" sandbox=\"allow-scripts\" security=\"restricted\" style=\"position: absolute; clip: rect(1px, 1px, 1px, 1px);\" title=\"&#8220;SI E\u2019 TENUTO IL SECONDO APPUNTAMENTO CON IL CORSO DI EDUCAZIONE AMBIENTALE A LEVERANO. IN SINTESI GIORNALISTICA, IL RESOCONTO DELLA SERATA&#8221; &#8212; LecceCronaca.it\" src=\"https:\/\/www.leccecronaca.it\/index.php\/2022\/05\/08\/si-e-tenuto-il-secondo-appuntamento-con-il-corso-di-educazione-ambientale-a-leverano-in-sintesi-giornalistica-il-resoconto-della-serata\/embed\/#?secret=IV1UpEjCNM#?secret=zSdFZHqIq3\" data-secret=\"zSdFZHqIq3\" width=\"500\" height=\"282\" frameborder=\"0\" marginwidth=\"0\" marginheight=\"0\" scrolling=\"no\"><\/iframe><\/p>\n<p>&nbsp;<\/p>\n<p>&nbsp;<\/p>\n<p>&nbsp;<\/p>\n<fb:like href='https:\/\/www.leccecronaca.it\/index.php\/2022\/05\/15\/la-natura-patrimonio-di-tutti-a-leverano-ieri-sera-sabato-14-maggio-il-terzo-appuntamento-con-il-corso-di-ecologia-ne-parlano-a-leccecronaca-it-i-relatori\/' send='true' layout='button_count' show_faces='true' width='450' height='65' action='recommend' colorscheme='light' font='lucida grande'><\/fb:like><span class=\"fb_share\"><fb:like href=\"https:\/\/www.leccecronaca.it\/index.php\/2022\/05\/15\/la-natura-patrimonio-di-tutti-a-leverano-ieri-sera-sabato-14-maggio-il-terzo-appuntamento-con-il-corso-di-ecologia-ne-parlano-a-leccecronaca-it-i-relatori\/\" layout=\"button_count\"><\/fb:like><\/span>","protected":false},"excerpt":{"rendered":"<p>ORGANIZZATO DAL CIRCOLO TANDEM. I RELATORI, LE FOTO, I COMMENTI DELLA TERZA SERATA &nbsp; di Carmen Leo______ &#8220;L&#8217;idea di offrire alla cittadinanza di Leverano, e non solo,&nbsp; questi incontri formativi sulla conoscenza delle molteplici problematiche&nbsp; legate al degrado ambientale, \u00e8 frutto di una serie di considerazioni amare sul delicato tema, che tanto ci sta a [&hellip;]<\/p>\n","protected":false},"author":4,"featured_media":199554,"comment_status":"open","ping_status":"closed","sticky":false,"template":"","format":"standard","meta":[],"categories":[1,69,31,75],"tags":[],"_links":{"self":[{"href":"https:\/\/www.leccecronaca.it\/index.php\/wp-json\/wp\/v2\/posts\/199552"}],"collection":[{"href":"https:\/\/www.leccecronaca.it\/index.php\/wp-json\/wp\/v2\/posts"}],"about":[{"href":"https:\/\/www.leccecronaca.it\/index.php\/wp-json\/wp\/v2\/types\/post"}],"author":[{"embeddable":true,"href":"https:\/\/www.leccecronaca.it\/index.php\/wp-json\/wp\/v2\/users\/4"}],"replies":[{"embeddable":true,"href":"https:\/\/www.leccecronaca.it\/index.php\/wp-json\/wp\/v2\/comments?post=199552"}],"version-history":[{"count":13,"href":"https:\/\/www.leccecronaca.it\/index.php\/wp-json\/wp\/v2\/posts\/199552\/revisions"}],"predecessor-version":[{"id":224347,"href":"https:\/\/www.leccecronaca.it\/index.php\/wp-json\/wp\/v2\/posts\/199552\/revisions\/224347"}],"wp:featuredmedia":[{"embeddable":true,"href":"https:\/\/www.leccecronaca.it\/index.php\/wp-json\/wp\/v2\/media\/199554"}],"wp:attachment":[{"href":"https:\/\/www.leccecronaca.it\/index.php\/wp-json\/wp\/v2\/media?parent=199552"}],"wp:term":[{"taxonomy":"category","embeddable":true,"href":"https:\/\/www.leccecronaca.it\/index.php\/wp-json\/wp\/v2\/categories?post=199552"},{"taxonomy":"post_tag","embeddable":true,"href":"https:\/\/www.leccecronaca.it\/index.php\/wp-json\/wp\/v2\/tags?post=199552"}],"curies":[{"name":"wp","href":"https:\/\/api.w.org\/{rel}","templated":true}]}}