{"id":199658,"date":"2022-05-17T12:46:53","date_gmt":"2022-05-17T10:46:53","guid":{"rendered":"http:\/\/www.leccecronaca.it\/?p=199658"},"modified":"2022-05-17T15:07:00","modified_gmt":"2022-05-17T13:07:00","slug":"silvio-berlusconi-torna-leader-della-maggioranza-silenziosa-degli-italiani","status":"publish","type":"post","link":"https:\/\/www.leccecronaca.it\/index.php\/2022\/05\/17\/silvio-berlusconi-torna-leader-della-maggioranza-silenziosa-degli-italiani\/","title":{"rendered":"SILVIO BERLUSCONI A SORPRESA RITORNA E TORNA LEADER DELLA MAGGIORANZA SILENZIOSA DEGLI ITALIANI"},"content":{"rendered":"<p><img decoding=\"async\" loading=\"lazy\" class=\"alignnone size-full wp-image-199659\" src=\"https:\/\/www.leccecronaca.it\/wordpress\/wp-content\/uploads\/2022\/05\/bebbuna.jpg\" alt=\"\" width=\"512\" height=\"640\" srcset=\"https:\/\/www.leccecronaca.it\/wordpress\/wp-content\/uploads\/2022\/05\/bebbuna.jpg 512w, https:\/\/www.leccecronaca.it\/wordpress\/wp-content\/uploads\/2022\/05\/bebbuna-240x300.jpg 240w\" sizes=\"(max-width: 512px) 100vw, 512px\" \/><\/p>\n<p>di <strong>Giuseppe Puppo<\/strong>\u00a0 ______ Il Re \u00e8 nudo, dice. Ha detto, insomma quello che tutti vedono, quindi sanno, ma nessuno aveva detto prima:\u00a0<strong><span style=\"color: #0000ff;\"><em>\u201csiamo in guerra anche noi perch\u00e9 gli mandiamo le armi. Dopo quelle leggere, mi hanno detto che stiamo spedendo\u00a0carri armati e cannoni pesanti&#8230;\u201d.<\/em><\/span><\/strong><\/p>\n<p>Un Silvio Berlusconi che non t&#8217;aspetti, quello di ieri sera, a Treviglio, vicino Bergamo, dove, sorridente e in buona forma, \u00e8 intervenuto a sorpresa a una manifestazione di Forza Italia\u00a0(nella foto), e &#8211; a ragione &#8211; si \u00e8 tolto qualche sassolino dalle scarpe e l&#8217;ha buttato nel pantano del conformismo dilagante.<\/p>\n<p>Ne ha avuto in primis con Joe Biden e i suoi &#8216;fedeli alla linea&#8217; dell&#8217;americanismo:<strong><span style=\"color: #0000ff;\"><em> \u201cnon abbiamo signori leader nel mondo, non li abbiamo in Europa, tanto che un leader mondiale che doveva avvicinare Putin al tavolo gli ha dato del criminale di guerra, gli ha detto che doveva andare via dal governo russo e\u00a0finire in galera\u201d.<\/em><\/span><\/strong><\/p>\n<p>&nbsp;<\/p>\n<p>Poi con il\u00a0segretario generale della Nato\u00a0Jens Stoltenberg: <span style=\"color: #0000ff;\"><em><strong>\u201cHa detto che mai pi\u00f9 l\u2019Ucraina sar\u00e0 sotto la Russia e cos\u00ec sar\u00e0 anche delle due repubbliche del Donbass a cui mai l\u2019indipendenza, mai, sarebbe riconosciuta. Capite che con queste premesse il signor Putin \u00e8 ben lontano dal sedersi a un tavolo\u201d.<\/strong><\/em><\/span><\/p>\n<p>&nbsp;<\/p>\n<p>Quindi, si \u00e8 fatto interprete di un sentimento diffuso in Italia, di una maggioranza silenziosa soffocata dalla retorica militarista e bellica del pensiero unico dominante:<\/p>\n<p><span style=\"color: #0000ff;\"><strong>\u201c<em>stando cos\u00ec le cose questa guerra continuer\u00e0, con forti danni alla nostra economia derivanti dalle sanzioni imposte alla Russia.\u00a0Gi\u00e0 si \u00e8 fermato lo sviluppo, avremo una diminuzione del nostro prodotto interno lordo&#8230;<\/em><\/strong><\/span><\/p>\n<p><span style=\"color: #0000ff;\"><strong><em>Ci saranno\u00a0danni ancora pi\u00f9 gravi in Africa\u00a0perch\u00e9 nei porti dell\u2019Ucraina sono ferme tonnellate di grano e mais, in Africa non hanno pi\u00f9 la possibilit\u00e0 di fare il pane, \u00e8 possibile che ci siano\u00a0ondate di profughi, \u00e8 un pericolo grande derivante dalla guerra in Ucraina. <\/em><\/strong><\/span><\/p>\n<p><span style=\"color: #0000ff;\"><strong><em>E terzo: a causa della carestia mondiale, \u00e8 possibile che si formino delle ondate di profughi\u201d.\u00a0<\/em><\/strong><\/span><\/p>\n<p>&nbsp;<\/p>\n<p>Quindi\u00a0<strong><span style=\"color: #0000ff;\"><em>\u201cbisogna pensare a qualcosa di eccezionale per far smettere a Putin la guerra&#8221;.<\/em><\/span><\/strong><\/p>\n<p>Infine, un tocco di nostalgia e una spruzzata di legittimo orgoglio:<\/p>\n<p>&nbsp;<\/p>\n<p><span style=\"color: #0000ff;\"><strong><em>\u201cIo a Pratica di Mare ho fatto stringere la mano a George W. Bush e Vladimir Putin, hanno raggiunto un accordo Nato e Russia&#8221;.<\/em><\/strong><\/span><br \/>\n<span style=\"color: #0000ff;\"><strong><em>\u00a0<\/em><\/strong><\/span><\/p>\n<p>E&#8217; vero. All&#8217;epoca si parl\u00f2 addirittura di &#8216;fine della guerra fredda&#8217;, durata mezzo secolo, una data storica, insomma.<\/p>\n<p>Il 28 maggio 2002 all&#8217;aeroporto militare di Pratica di Mare, vicino Pomezia e quindi vicino Roma,\u00a0 fu firmato l&#8217;accordo che sanciva\u00a0la nascita di un Consiglio a Venti nel panorama internazionale e poneva le premesse all\u2019ingresso effettivo di Mosca nell\u2019Alleanza Atlantica.<\/p>\n<p>E&#8217; questa \u00e8 Storia.<\/p>\n<p>Come la pagina scritta in un&#8217;altra base militare, a Sigonella, in Sicilia, il 10 ottobre 1985, quando il governo italiano ebbe uno scatto d&#8217;orgoglio e di sovranit\u00e0, ponendosi in aperto conflitto con gli Usa, artefice Bettino Craxi.<\/p>\n<p>Gli ultimi, ad aver cercato di dare alla nostra Nazione una politica estera, sulla lezione di Aldo Moro, che aveva capito che il futuro dell&#8217;Italia, sulla scia della propria tradizione, non stava nell&#8217;Oceano Atlantico, ma nel Mediterraneo.<\/p>\n<p>Un futuro di pace, di cooperazione internazionale, di prosperit\u00e0 economica, che non stavano nelle mani degli Usa, bens\u00ec in quelle proprie, di costruttori di uno scenario nel <em>mare nostrum<\/em>.<\/p>\n<p>&nbsp;<\/p>\n<p>Sappiamo tutti la fine politica e umana che han fatto Aldo Moro e Bettino Craxi.<\/p>\n<p>Sul ruolo di Silvio Berlusconi, che comunque sulla scia di Moro e di Craxi in politica estera si era posto, \u00e8 ancora aperta la questione della fine del suo ultimo governo, il Berlusconi IV, nel novembre del 2011, per cui &#8211; a torto, o a ragione, \u00e8 ancora da valutare correttamente &#8211; si parl\u00f2 di un vero e proprio &#8216;colpo di Stato&#8217;, ordito dalla&#8217;alta finanza internazionale.<\/p>\n<p>Pesa ancora su Silvio Berlusconi &#8211; ma anche questa \u00e8 questione ancora non del tutto chiarita &#8211; il suo appoggio alla guerra di Usa e Francia che nell&#8217;ottobre 2011 &#8211; vero e proprio atto di aggressione militare contro uno Stato sovrano &#8211; fece fuori Gheddafi, al quale egli aveva baciato le mani, e con il quale egli aveva instaurato un rapporto di proficua collaborazione. La fine di Gheddafi fu\u00a0 per tanti versi\u00a0 l&#8217;inizio della rovina anche dell&#8217;Italia.<\/p>\n<p>&nbsp;<\/p>\n<p>&nbsp;<\/p>\n<p>&nbsp;<\/p>\n<fb:like href='https:\/\/www.leccecronaca.it\/index.php\/2022\/05\/17\/silvio-berlusconi-torna-leader-della-maggioranza-silenziosa-degli-italiani\/' send='true' layout='button_count' show_faces='true' width='450' height='65' action='recommend' colorscheme='light' font='lucida grande'><\/fb:like><span class=\"fb_share\"><fb:like href=\"https:\/\/www.leccecronaca.it\/index.php\/2022\/05\/17\/silvio-berlusconi-torna-leader-della-maggioranza-silenziosa-degli-italiani\/\" layout=\"button_count\"><\/fb:like><\/span>","protected":false},"excerpt":{"rendered":"<p>di Giuseppe Puppo\u00a0 ______ Il Re \u00e8 nudo, dice. Ha detto, insomma quello che tutti vedono, quindi sanno, ma nessuno aveva detto prima:\u00a0\u201csiamo in guerra anche noi perch\u00e9 gli mandiamo le armi. Dopo quelle leggere, mi hanno detto che stiamo spedendo\u00a0carri armati e cannoni pesanti&#8230;\u201d. Un Silvio Berlusconi che non t&#8217;aspetti, quello di ieri sera, [&hellip;]<\/p>\n","protected":false},"author":4,"featured_media":199659,"comment_status":"open","ping_status":"closed","sticky":false,"template":"","format":"standard","meta":[],"categories":[69,76],"tags":[],"_links":{"self":[{"href":"https:\/\/www.leccecronaca.it\/index.php\/wp-json\/wp\/v2\/posts\/199658"}],"collection":[{"href":"https:\/\/www.leccecronaca.it\/index.php\/wp-json\/wp\/v2\/posts"}],"about":[{"href":"https:\/\/www.leccecronaca.it\/index.php\/wp-json\/wp\/v2\/types\/post"}],"author":[{"embeddable":true,"href":"https:\/\/www.leccecronaca.it\/index.php\/wp-json\/wp\/v2\/users\/4"}],"replies":[{"embeddable":true,"href":"https:\/\/www.leccecronaca.it\/index.php\/wp-json\/wp\/v2\/comments?post=199658"}],"version-history":[{"count":14,"href":"https:\/\/www.leccecronaca.it\/index.php\/wp-json\/wp\/v2\/posts\/199658\/revisions"}],"predecessor-version":[{"id":199685,"href":"https:\/\/www.leccecronaca.it\/index.php\/wp-json\/wp\/v2\/posts\/199658\/revisions\/199685"}],"wp:featuredmedia":[{"embeddable":true,"href":"https:\/\/www.leccecronaca.it\/index.php\/wp-json\/wp\/v2\/media\/199659"}],"wp:attachment":[{"href":"https:\/\/www.leccecronaca.it\/index.php\/wp-json\/wp\/v2\/media?parent=199658"}],"wp:term":[{"taxonomy":"category","embeddable":true,"href":"https:\/\/www.leccecronaca.it\/index.php\/wp-json\/wp\/v2\/categories?post=199658"},{"taxonomy":"post_tag","embeddable":true,"href":"https:\/\/www.leccecronaca.it\/index.php\/wp-json\/wp\/v2\/tags?post=199658"}],"curies":[{"name":"wp","href":"https:\/\/api.w.org\/{rel}","templated":true}]}}