{"id":200196,"date":"2022-05-30T09:19:34","date_gmt":"2022-05-30T07:19:34","guid":{"rendered":"http:\/\/www.leccecronaca.it\/?p=200196"},"modified":"2022-05-30T11:09:12","modified_gmt":"2022-05-30T09:09:12","slug":"note-darte-attraverso-il-paesaggio-una-mostra-per-antonio-sanso-a-lecce-mercoledi-1-giugno","status":"publish","type":"post","link":"https:\/\/www.leccecronaca.it\/index.php\/2022\/05\/30\/note-darte-attraverso-il-paesaggio-una-mostra-per-antonio-sanso-a-lecce-mercoledi-1-giugno\/","title":{"rendered":"NOTE D\u2019ARTE \/ \u201cAttraverso il paesaggio: una mostra per Antonio Sans\u00f2\u201d , A LECCE MERCOLEDI&#8217; 1 GIUGNO"},"content":{"rendered":"<p><img decoding=\"async\" loading=\"lazy\" class=\"alignnone size-full wp-image-200206\" src=\"https:\/\/www.leccecronaca.it\/wordpress\/wp-content\/uploads\/2022\/05\/284002905_740500317122661_8349387196482382790_n.jpg\" alt=\"\" width=\"512\" height=\"506\" srcset=\"https:\/\/www.leccecronaca.it\/wordpress\/wp-content\/uploads\/2022\/05\/284002905_740500317122661_8349387196482382790_n.jpg 512w, https:\/\/www.leccecronaca.it\/wordpress\/wp-content\/uploads\/2022\/05\/284002905_740500317122661_8349387196482382790_n-300x296.jpg 300w, https:\/\/www.leccecronaca.it\/wordpress\/wp-content\/uploads\/2022\/05\/284002905_740500317122661_8349387196482382790_n-60x60.jpg 60w\" sizes=\"(max-width: 512px) 100vw, 512px\" \/><\/p>\n<p>di <strong>Raffaele Polo<\/strong>\u00a0______<\/p>\n<p>La nuda cronaca ci dice che <strong>Antonio Sans\u00f2<\/strong> (Gallipoli 1909 &#8211; Lecce 1978, nella foto) si forma presso lo studio del gallipolino Giulio Pagliano (1882-1932) e frequenta lo scultore Gaetano Martinez (1892-1954), a Roma dove segue i corsi della Libera Accademia del Nudo in via Margutta.<\/p>\n<p>&nbsp;<\/p>\n<p>Si abilita all\u2019insegnamento delle discipline artistiche, ma per motivi familiari lavora come controllore alle Ferrovie Sud-Est a Lecce. Partecipa a numerose mostre personali e collettive leccesi presso il Circolo Cittadino (1957), il Sedile (1967, 1971, 1973, 1975) e la Galleria Maccagnani (1959, 1962, 1964, 1966, 1969, 1974, 1976, 1977).<\/p>\n<p>Presso gli spazi espositivi dell\u2019Ex Conservatorio Sant\u2019Anna di Lecce per l\u2019intero mese di giugno sar\u00e0 visitabile la mostra <em><strong>Attraverso il paesaggio: una mostra per Antonio Sans\u00f2 (1909-1978) <\/strong><\/em>a cura di Guglielmo Sans\u00f2 e Andrea Fiore in collaborazione con l\u2019 Agenzia per il Patrimonio Culturale Euromediterraneo.<\/p>\n<p>&nbsp;<\/p>\n<p>Ma, come per raccontare un viaggio, \u00e8 necessario descrivere i luoghi che lo caratterizzano, cos\u00ec, allo stesso modo, \u00e8 possibile utilizzare immagini e parole per narrare la vita di un uomo e tenere vivo il suo ricordo.\u00a0 Questa sorta di mostra antologica non percorre filologicamente il percorso artistico di Antonio Sans\u00f2, ma raccoglie i nuclei tematici della sua vita, attraverso un viaggio immaginario.<\/p>\n<p>&nbsp;<\/p>\n<p>La prima sezione \u201cUn autoritratto\u201d \u00e8 costituita da oggetti e ricordi della sua vita personale, testimonianze di amicizia e affetti. Sono esposti i taccuini che rappresentano l\u2019anima del suo lavoro: rapidi bozzetti eseguiti dal pittore mentre attraversava ogni giorno il cuore del Salento nei vagoni delle Ferrovie Sud-Est.<\/p>\n<p>&nbsp;<\/p>\n<p><img decoding=\"async\" loading=\"lazy\" class=\"alignnone size-full wp-image-200204\" src=\"https:\/\/www.leccecronaca.it\/wordpress\/wp-content\/uploads\/2022\/05\/unnamed-file-1.jpg\" alt=\"\" width=\"3518\" height=\"2635\" \/><\/p>\n<p>&nbsp;<\/p>\n<p>La sezione successiva intitolata \u201cTutto intorno\u201d proietta il visitatore in una realt\u00e0 senza tempo: cos\u00ec l\u2019<em>Arco di Prato <\/em>(1973) diventa quasi un paesaggio metafisico e la luce che irradia la strada del <em>Paesaggio Urbano<\/em> (1976) ci guida verso una dimensione sospesa. I colori si accendono con i paesaggi rurali e costieri: il mare in tempesta di <em>Tramontana salentina<\/em> e della <em>Marina di San Foca<\/em> (1976) descrive una natura severa, inflessibile e pericolosa, che contrasta con la pacatezza delle compagne nei numerosi <em>Paesaggi Salentini<\/em>.<\/p>\n<p>&nbsp;<\/p>\n<p>&nbsp;<\/p>\n<p><img decoding=\"async\" loading=\"lazy\" class=\"alignnone size-full wp-image-200203\" src=\"https:\/\/www.leccecronaca.it\/wordpress\/wp-content\/uploads\/2022\/05\/unnamed-file.jpg\" alt=\"\" width=\"3168\" height=\"2352\" \/><\/p>\n<p>&nbsp;<\/p>\n<p>La sala dedicata agli ulivi ci restituisce un paesaggio perduto: le radici degli alberi dipinte da Sans\u00f2 sono le stesse che legano il pittore alla storia della sua terra, la stessa che aveva scelto per crescere i figli e custodire i propri amori.<\/p>\n<p>&nbsp;<\/p>\n<p>Il percorso si conclude con la piccola sezione \u201cPaesaggio dentro\u201d. Quest\u2019ultima tappa espone i lavori pi\u00f9 estremi di Sans\u00f2, nei quali la tecnica e l\u2019uso del colore differiscono dal resto della sua pittura, riflettendo su una visione interiore di paesaggio. I netti contrasti cromatici e le forme idealizzate, rendono possibile una costruzione intima della realt\u00e0 che ripercorre i temi gi\u00e0 trattati e risolvendo le forme con dei <em>Paesaggi <\/em>inconsueti e inaspettati che accompagnano Sans\u00f2 nel suo viaggio estremo.<\/p>\n<p>&nbsp;<\/p>\n<p>______<\/p>\n<p>Mercoled\u00ec 1 giugno, alle 19.30, in occasione dell\u2019apertura della mostra sar\u00e0 ricordato Antonio Sans\u00f2 in un incontro presso la sala conferenze dell\u2019Ex Conservatorio Sant\u2019Anna in presenza dei curatori, delle autorit\u00e0 e di Michele Afferri, storico dell\u2019arte e studioso dell\u2019arte in Terra d\u2019Otranto tra Ottocento e Novecento.<\/p>\n<p>&nbsp;<\/p>\n<p>Dal luned\u00ec al venerd\u00ec 16.00\/20.00<\/p>\n<p>Sabato e domenica 16.30\/21.00<\/p>\n<p>Ingresso gratuito<\/p>\n<p>&nbsp;<\/p>\n<fb:like href='https:\/\/www.leccecronaca.it\/index.php\/2022\/05\/30\/note-darte-attraverso-il-paesaggio-una-mostra-per-antonio-sanso-a-lecce-mercoledi-1-giugno\/' send='true' layout='button_count' show_faces='true' width='450' height='65' action='recommend' colorscheme='light' font='lucida grande'><\/fb:like><span class=\"fb_share\"><fb:like href=\"https:\/\/www.leccecronaca.it\/index.php\/2022\/05\/30\/note-darte-attraverso-il-paesaggio-una-mostra-per-antonio-sanso-a-lecce-mercoledi-1-giugno\/\" layout=\"button_count\"><\/fb:like><\/span>","protected":false},"excerpt":{"rendered":"<p>di Raffaele Polo\u00a0______ La nuda cronaca ci dice che Antonio Sans\u00f2 (Gallipoli 1909 &#8211; Lecce 1978, nella foto) si forma presso lo studio del gallipolino Giulio Pagliano (1882-1932) e frequenta lo scultore Gaetano Martinez (1892-1954), a Roma dove segue i corsi della Libera Accademia del Nudo in via Margutta. &nbsp; Si abilita all\u2019insegnamento delle discipline [&hellip;]<\/p>\n","protected":false},"author":4,"featured_media":200206,"comment_status":"open","ping_status":"closed","sticky":false,"template":"","format":"standard","meta":[],"categories":[31],"tags":[],"_links":{"self":[{"href":"https:\/\/www.leccecronaca.it\/index.php\/wp-json\/wp\/v2\/posts\/200196"}],"collection":[{"href":"https:\/\/www.leccecronaca.it\/index.php\/wp-json\/wp\/v2\/posts"}],"about":[{"href":"https:\/\/www.leccecronaca.it\/index.php\/wp-json\/wp\/v2\/types\/post"}],"author":[{"embeddable":true,"href":"https:\/\/www.leccecronaca.it\/index.php\/wp-json\/wp\/v2\/users\/4"}],"replies":[{"embeddable":true,"href":"https:\/\/www.leccecronaca.it\/index.php\/wp-json\/wp\/v2\/comments?post=200196"}],"version-history":[{"count":4,"href":"https:\/\/www.leccecronaca.it\/index.php\/wp-json\/wp\/v2\/posts\/200196\/revisions"}],"predecessor-version":[{"id":200208,"href":"https:\/\/www.leccecronaca.it\/index.php\/wp-json\/wp\/v2\/posts\/200196\/revisions\/200208"}],"wp:featuredmedia":[{"embeddable":true,"href":"https:\/\/www.leccecronaca.it\/index.php\/wp-json\/wp\/v2\/media\/200206"}],"wp:attachment":[{"href":"https:\/\/www.leccecronaca.it\/index.php\/wp-json\/wp\/v2\/media?parent=200196"}],"wp:term":[{"taxonomy":"category","embeddable":true,"href":"https:\/\/www.leccecronaca.it\/index.php\/wp-json\/wp\/v2\/categories?post=200196"},{"taxonomy":"post_tag","embeddable":true,"href":"https:\/\/www.leccecronaca.it\/index.php\/wp-json\/wp\/v2\/tags?post=200196"}],"curies":[{"name":"wp","href":"https:\/\/api.w.org\/{rel}","templated":true}]}}