{"id":200213,"date":"2022-05-30T00:02:04","date_gmt":"2022-05-29T22:02:04","guid":{"rendered":"http:\/\/www.leccecronaca.it\/?p=200213"},"modified":"2022-05-30T11:38:27","modified_gmt":"2022-05-30T09:38:27","slug":"vedi-napoli-e-poi-canta-il-romanzo-di-vincenzo-sparviero-a-palazzo-bn-martedi-31","status":"publish","type":"post","link":"https:\/\/www.leccecronaca.it\/index.php\/2022\/05\/30\/vedi-napoli-e-poi-canta-il-romanzo-di-vincenzo-sparviero-a-palazzo-bn-martedi-31\/","title":{"rendered":"\u201cVedi Napoli e poi canta\u201d, IL ROMANZO DI VINCENZO SPARVIERO A PALAZZO BN MARTEDI&#8217; 31"},"content":{"rendered":"<p><img decoding=\"async\" loading=\"lazy\" class=\"alignnone size-full wp-image-200215\" src=\"https:\/\/www.leccecronaca.it\/wordpress\/wp-content\/uploads\/2022\/05\/Vincenzo-Sparviero.jpeg\" alt=\"\" width=\"285\" height=\"427\" srcset=\"https:\/\/www.leccecronaca.it\/wordpress\/wp-content\/uploads\/2022\/05\/Vincenzo-Sparviero.jpeg 285w, https:\/\/www.leccecronaca.it\/wordpress\/wp-content\/uploads\/2022\/05\/Vincenzo-Sparviero-200x300.jpeg 200w\" sizes=\"(max-width: 285px) 100vw, 285px\" \/><\/p>\n<p>(Rdl) _____\u00a0Vedi Napoli e poi? No, non <em>muori<\/em>, come recita una frase ormai di uso comune, ma <em>canta<\/em>. La pensa cos\u00ec <strong>Vincenzo Sparviero\u00a0<\/strong>(nella foto), giornalista de \u201c<strong>La Gazzetta del Mezzogiorno<\/strong>\u201d, che presenter\u00e0 <strong>marted\u00ec 31 maggio<\/strong> alle ore <strong>17<\/strong> nella splendida cornice del <em>Rooftop<\/em> di <strong>Palazzo BN<\/strong> il suo primo romanzo intitolato appunto <strong>\u201cVedi Napoli e poi canta\u201d<\/strong>. Un omaggio che Sparviero, in passato autore e consulente di alcune trasmissioni di approfondimento targate <em>Rai<\/em> e <em>Mediaset<\/em>, ha voluto dedicare, pur essendo nato a Oria (BR), alla citt\u00e0 partenopea, in cui ha vissuto un anno, e alla sua <strong>musica immortale<\/strong> conosciuta in tutto il mondo.<\/p>\n<p>&nbsp;<\/p>\n<p>La prefazione dell\u2019opera \u00e8 a cura di <strong>Albano Carrisi<\/strong>, cantante che ha trasmesso a Sparviero l\u2019amore per i classici di Napoli in virt\u00f9 di un\u2019amicizia trentennale.<\/p>\n<p>&nbsp;<\/p>\n<p>Tra le pagine tanti <strong>aneddoti e curiosit\u00e0<\/strong> legati alla canzone napoletana, a chi ha saputo creare versi senza tempo ma anche a chi, nel corso della storia si \u00e8 incontrato (o scontrato) con le melodie nate all\u2019ombra del Vesuvio, da <strong>Federico II<\/strong> a <strong>Paul McCartney<\/strong>. Il tutto tramite un\u2019impostazione narrativa e non saggistica, precisa scelta dell\u2019autore per \u201cavvicinare i lettori a questo mondo magico in punta di piedi e con leggerezza\u201d. \u201cA Napoli, la musica, non \u00e8 mai come pu\u00f2 essere altrove \u2013 ha spiegato Vincenzo Sparviero \u2013, anzi: \u00e8 <strong>linfa di vita<\/strong>\u201d.<\/p>\n<p>&nbsp;<\/p>\n<p>A dialogare con l\u2019autore, sulla terrazza della nostra Townhouse, ci sar\u00e0 la professoressa <strong>Annarita Miglietta<\/strong>, docente di Linguistica Italiana all\u2019Universit\u00e0 del Salento, mentre il cantautore <strong>Franco Tommasi<\/strong> intervaller\u00e0 la serata suonando le pi\u00f9 note canzoni partenopee.<\/p>\n<p>A margine dell\u2019evento ci saranno delle degustazioni di vini offerti da <strong>Wine &amp; More<\/strong> e dalle <strong>Cantine Al Bano Carrisi<\/strong>.<\/p>\n<p><img decoding=\"async\" loading=\"lazy\" class=\"alignnone size-full wp-image-200216\" src=\"https:\/\/www.leccecronaca.it\/wordpress\/wp-content\/uploads\/2022\/05\/Sparviero-a-BN.jpeg\" alt=\"\" width=\"1600\" height=\"1595\" srcset=\"https:\/\/www.leccecronaca.it\/wordpress\/wp-content\/uploads\/2022\/05\/Sparviero-a-BN.jpeg 1600w, https:\/\/www.leccecronaca.it\/wordpress\/wp-content\/uploads\/2022\/05\/Sparviero-a-BN-300x300.jpeg 300w, https:\/\/www.leccecronaca.it\/wordpress\/wp-content\/uploads\/2022\/05\/Sparviero-a-BN-1024x1021.jpeg 1024w, https:\/\/www.leccecronaca.it\/wordpress\/wp-content\/uploads\/2022\/05\/Sparviero-a-BN-150x150.jpeg 150w, https:\/\/www.leccecronaca.it\/wordpress\/wp-content\/uploads\/2022\/05\/Sparviero-a-BN-768x766.jpeg 768w, https:\/\/www.leccecronaca.it\/wordpress\/wp-content\/uploads\/2022\/05\/Sparviero-a-BN-1536x1531.jpeg 1536w, https:\/\/www.leccecronaca.it\/wordpress\/wp-content\/uploads\/2022\/05\/Sparviero-a-BN-60x60.jpeg 60w\" sizes=\"(max-width: 1600px) 100vw, 1600px\" \/><\/p>\n<p>&nbsp;<\/p>\n<p>Il libro \u201cVedi Napoli e poi canta\u201d \u00e8 disponibile anche su Amazon.<\/p>\n<p>&nbsp;<\/p>\n<p>&nbsp;<\/p>\n<p>&nbsp;<\/p>\n<p><img decoding=\"async\" loading=\"lazy\" class=\"alignnone size-full wp-image-200214\" src=\"https:\/\/www.leccecronaca.it\/wordpress\/wp-content\/uploads\/2022\/05\/PalazzoBN_RGB-1.png\" alt=\"\" width=\"1578\" height=\"353\" srcset=\"https:\/\/www.leccecronaca.it\/wordpress\/wp-content\/uploads\/2022\/05\/PalazzoBN_RGB-1.png 1578w, https:\/\/www.leccecronaca.it\/wordpress\/wp-content\/uploads\/2022\/05\/PalazzoBN_RGB-1-300x67.png 300w, https:\/\/www.leccecronaca.it\/wordpress\/wp-content\/uploads\/2022\/05\/PalazzoBN_RGB-1-1024x229.png 1024w, https:\/\/www.leccecronaca.it\/wordpress\/wp-content\/uploads\/2022\/05\/PalazzoBN_RGB-1-768x172.png 768w, https:\/\/www.leccecronaca.it\/wordpress\/wp-content\/uploads\/2022\/05\/PalazzoBN_RGB-1-1536x344.png 1536w\" sizes=\"(max-width: 1578px) 100vw, 1578px\" \/><\/p>\n<p>&nbsp;<\/p>\n<p>&nbsp;<\/p>\n<p><strong>PALAZZO BN<\/strong> \u2013 Sull\u2019area dove adesso si erge l\u2019hotel, nel XVI sorgeva un palazzo di giustizia, poi nel 1755 il Palazzo della Regia Udienza. Al 1902 risale la volont\u00e0 di costruire una struttura dove ospitare la succursale leccese del Banco di Napoli, che sar\u00e0 inaugurata solo nel 1930; il palazzo, di stile eclettico tardo ottocentesco, rimarr\u00e0 inutilizzato dal 2009, per un cambio sede dell\u2019istituto bancario.<\/p>\n<p>Dopo dieci anni di inattivit\u00e0 a rilevare l\u2019edificio \u00e8 l\u2019imprenditore italo-svizzero Ren\u00e8 De Picciotto, che ne intravede le potenzialit\u00e0 trasformandolo in un hotel con 13 appartamenti di lusso e con un\u2019offerta gastronomica declinata in tre ristoranti e un roof garden. La genialit\u00e0 \u00e8 rappresentata dalla valorizzazione degli elementi preesistenti: le casseforti diventano cos\u00ec elementi d\u2019arredo, il bancone in marmo ospita ora il Banco Lounge Bar, e l\u2019area fitness BN Wellness \u00e8 situata in quelli che erano i vecchi caveaux.<\/p>\n<p>&nbsp;<\/p>\n<fb:like href='https:\/\/www.leccecronaca.it\/index.php\/2022\/05\/30\/vedi-napoli-e-poi-canta-il-romanzo-di-vincenzo-sparviero-a-palazzo-bn-martedi-31\/' send='true' layout='button_count' show_faces='true' width='450' height='65' action='recommend' colorscheme='light' font='lucida grande'><\/fb:like><span class=\"fb_share\"><fb:like href=\"https:\/\/www.leccecronaca.it\/index.php\/2022\/05\/30\/vedi-napoli-e-poi-canta-il-romanzo-di-vincenzo-sparviero-a-palazzo-bn-martedi-31\/\" layout=\"button_count\"><\/fb:like><\/span>","protected":false},"excerpt":{"rendered":"<p>(Rdl) _____\u00a0Vedi Napoli e poi? No, non muori, come recita una frase ormai di uso comune, ma canta. La pensa cos\u00ec Vincenzo Sparviero\u00a0(nella foto), giornalista de \u201cLa Gazzetta del Mezzogiorno\u201d, che presenter\u00e0 marted\u00ec 31 maggio alle ore 17 nella splendida cornice del Rooftop di Palazzo BN il suo primo romanzo intitolato appunto \u201cVedi Napoli e [&hellip;]<\/p>\n","protected":false},"author":4,"featured_media":200215,"comment_status":"open","ping_status":"closed","sticky":false,"template":"","format":"standard","meta":[],"categories":[31,75,57],"tags":[],"_links":{"self":[{"href":"https:\/\/www.leccecronaca.it\/index.php\/wp-json\/wp\/v2\/posts\/200213"}],"collection":[{"href":"https:\/\/www.leccecronaca.it\/index.php\/wp-json\/wp\/v2\/posts"}],"about":[{"href":"https:\/\/www.leccecronaca.it\/index.php\/wp-json\/wp\/v2\/types\/post"}],"author":[{"embeddable":true,"href":"https:\/\/www.leccecronaca.it\/index.php\/wp-json\/wp\/v2\/users\/4"}],"replies":[{"embeddable":true,"href":"https:\/\/www.leccecronaca.it\/index.php\/wp-json\/wp\/v2\/comments?post=200213"}],"version-history":[{"count":3,"href":"https:\/\/www.leccecronaca.it\/index.php\/wp-json\/wp\/v2\/posts\/200213\/revisions"}],"predecessor-version":[{"id":200219,"href":"https:\/\/www.leccecronaca.it\/index.php\/wp-json\/wp\/v2\/posts\/200213\/revisions\/200219"}],"wp:featuredmedia":[{"embeddable":true,"href":"https:\/\/www.leccecronaca.it\/index.php\/wp-json\/wp\/v2\/media\/200215"}],"wp:attachment":[{"href":"https:\/\/www.leccecronaca.it\/index.php\/wp-json\/wp\/v2\/media?parent=200213"}],"wp:term":[{"taxonomy":"category","embeddable":true,"href":"https:\/\/www.leccecronaca.it\/index.php\/wp-json\/wp\/v2\/categories?post=200213"},{"taxonomy":"post_tag","embeddable":true,"href":"https:\/\/www.leccecronaca.it\/index.php\/wp-json\/wp\/v2\/tags?post=200213"}],"curies":[{"name":"wp","href":"https:\/\/api.w.org\/{rel}","templated":true}]}}