{"id":200468,"date":"2022-06-05T12:02:50","date_gmt":"2022-06-05T10:02:50","guid":{"rendered":"http:\/\/www.leccecronaca.it\/?p=200468"},"modified":"2023-06-17T19:40:35","modified_gmt":"2023-06-17T17:40:35","slug":"ho-abitato-la-casa-del-silenzio-a-lecce-lunedi-6","status":"publish","type":"post","link":"https:\/\/www.leccecronaca.it\/index.php\/2022\/06\/05\/ho-abitato-la-casa-del-silenzio-a-lecce-lunedi-6\/","title":{"rendered":"\u201cHo abitato la casa del silenzio\u201d A LECCE LUNEDI&#8217; 6"},"content":{"rendered":"<p><img decoding=\"async\" loading=\"lazy\" class=\"alignnone size-full wp-image-200469\" src=\"https:\/\/www.leccecronaca.it\/wordpress\/wp-content\/uploads\/2022\/06\/mfg.jpg\" alt=\"\" width=\"1000\" height=\"750\" srcset=\"https:\/\/www.leccecronaca.it\/wordpress\/wp-content\/uploads\/2022\/06\/mfg.jpg 1000w, https:\/\/www.leccecronaca.it\/wordpress\/wp-content\/uploads\/2022\/06\/mfg-300x225.jpg 300w, https:\/\/www.leccecronaca.it\/wordpress\/wp-content\/uploads\/2022\/06\/mfg-768x576.jpg 768w, https:\/\/www.leccecronaca.it\/wordpress\/wp-content\/uploads\/2022\/06\/mfg-400x300.jpg 400w\" sizes=\"(max-width: 1000px) 100vw, 1000px\" \/><\/p>\n<p>(Rdl) ______<\/p>\n<p>Luned\u00ec 6 giugno 2022, alle 19.00, a Lecce, presso la biblioteca Nicola Bernardini, in piazzetta Giosu\u00e8 Carducci, ci sar\u00e0 la presentazione della raccolta di poesie\u00a0di <strong>Maria Francesca<\/strong> <strong>Giordano\u00a0<\/strong>(terza da sinistra nella foto)\u00a0<strong><em>\u201cHo abitato la casa del silenzio\u201d<\/em><\/strong> edito da Edizioni Esperidi\u00a0(88 pagg. 13 euro).<\/p>\n<p>Introdurr\u00e0 l\u2019incontro l\u2019editore Claudio Martino, presenta la professoressa Marcella Rizzo.<\/p>\n<p>Info 0832 373576.<\/p>\n<p>Maria Francesca Giordano, docente di lettere al liceo scientifico Banzi Bazoli di Lecce, alla sua seconda raccolta di poesie, \u00e8 autrice anche di un romanzo.<\/p>\n<p><img decoding=\"async\" loading=\"lazy\" class=\"alignnone wp-image-200472 size-large\" src=\"https:\/\/www.leccecronaca.it\/wordpress\/wp-content\/uploads\/2022\/06\/Copertina_HoAbitatoLaCasaDelSilenzio_Giordano_Esperidi-609x1024.jpg\" alt=\"\" width=\"609\" height=\"1024\" srcset=\"https:\/\/www.leccecronaca.it\/wordpress\/wp-content\/uploads\/2022\/06\/Copertina_HoAbitatoLaCasaDelSilenzio_Giordano_Esperidi-609x1024.jpg 609w, https:\/\/www.leccecronaca.it\/wordpress\/wp-content\/uploads\/2022\/06\/Copertina_HoAbitatoLaCasaDelSilenzio_Giordano_Esperidi-178x300.jpg 178w, https:\/\/www.leccecronaca.it\/wordpress\/wp-content\/uploads\/2022\/06\/Copertina_HoAbitatoLaCasaDelSilenzio_Giordano_Esperidi-768x1292.jpg 768w, https:\/\/www.leccecronaca.it\/wordpress\/wp-content\/uploads\/2022\/06\/Copertina_HoAbitatoLaCasaDelSilenzio_Giordano_Esperidi-913x1536.jpg 913w, https:\/\/www.leccecronaca.it\/wordpress\/wp-content\/uploads\/2022\/06\/Copertina_HoAbitatoLaCasaDelSilenzio_Giordano_Esperidi-1217x2048.jpg 1217w, https:\/\/www.leccecronaca.it\/wordpress\/wp-content\/uploads\/2022\/06\/Copertina_HoAbitatoLaCasaDelSilenzio_Giordano_Esperidi.jpg 1410w\" sizes=\"(max-width: 609px) 100vw, 609px\" \/><\/p>\n<fb:like href='https:\/\/www.leccecronaca.it\/index.php\/2022\/06\/05\/ho-abitato-la-casa-del-silenzio-a-lecce-lunedi-6\/' send='true' layout='button_count' show_faces='true' width='450' height='65' action='recommend' colorscheme='light' font='lucida grande'><\/fb:like><span class=\"fb_share\"><fb:like href=\"https:\/\/www.leccecronaca.it\/index.php\/2022\/06\/05\/ho-abitato-la-casa-del-silenzio-a-lecce-lunedi-6\/\" layout=\"button_count\"><\/fb:like><\/span>","protected":false},"excerpt":{"rendered":"<p>(Rdl) ______ Luned\u00ec 6 giugno 2022, alle 19.00, a Lecce, presso la biblioteca Nicola Bernardini, in piazzetta Giosu\u00e8 Carducci, ci sar\u00e0 la presentazione della raccolta di poesie\u00a0di Maria Francesca Giordano\u00a0(terza da sinistra nella foto)\u00a0\u201cHo abitato la casa del silenzio\u201d edito da Edizioni Esperidi\u00a0(88 pagg. 13 euro). Introdurr\u00e0 l\u2019incontro l\u2019editore Claudio Martino, presenta la professoressa Marcella [&hellip;]<\/p>\n","protected":false},"author":4,"featured_media":200469,"comment_status":"open","ping_status":"closed","sticky":false,"template":"","format":"standard","meta":[],"categories":[31,57],"tags":[],"_links":{"self":[{"href":"https:\/\/www.leccecronaca.it\/index.php\/wp-json\/wp\/v2\/posts\/200468"}],"collection":[{"href":"https:\/\/www.leccecronaca.it\/index.php\/wp-json\/wp\/v2\/posts"}],"about":[{"href":"https:\/\/www.leccecronaca.it\/index.php\/wp-json\/wp\/v2\/types\/post"}],"author":[{"embeddable":true,"href":"https:\/\/www.leccecronaca.it\/index.php\/wp-json\/wp\/v2\/users\/4"}],"replies":[{"embeddable":true,"href":"https:\/\/www.leccecronaca.it\/index.php\/wp-json\/wp\/v2\/comments?post=200468"}],"version-history":[{"count":3,"href":"https:\/\/www.leccecronaca.it\/index.php\/wp-json\/wp\/v2\/posts\/200468\/revisions"}],"predecessor-version":[{"id":217413,"href":"https:\/\/www.leccecronaca.it\/index.php\/wp-json\/wp\/v2\/posts\/200468\/revisions\/217413"}],"wp:featuredmedia":[{"embeddable":true,"href":"https:\/\/www.leccecronaca.it\/index.php\/wp-json\/wp\/v2\/media\/200469"}],"wp:attachment":[{"href":"https:\/\/www.leccecronaca.it\/index.php\/wp-json\/wp\/v2\/media?parent=200468"}],"wp:term":[{"taxonomy":"category","embeddable":true,"href":"https:\/\/www.leccecronaca.it\/index.php\/wp-json\/wp\/v2\/categories?post=200468"},{"taxonomy":"post_tag","embeddable":true,"href":"https:\/\/www.leccecronaca.it\/index.php\/wp-json\/wp\/v2\/tags?post=200468"}],"curies":[{"name":"wp","href":"https:\/\/api.w.org\/{rel}","templated":true}]}}