{"id":200533,"date":"2022-06-06T17:40:43","date_gmt":"2022-06-06T15:40:43","guid":{"rendered":"http:\/\/www.leccecronaca.it\/?p=200533"},"modified":"2022-06-06T17:45:20","modified_gmt":"2022-06-06T15:45:20","slug":"d-12-pullman-le","status":"publish","type":"post","link":"https:\/\/www.leccecronaca.it\/index.php\/2022\/06\/06\/d-12-pullman-le\/","title":{"rendered":"NOVITA&#8217; NEL TRASPORTO PUBBLICO A LECCE CITTA&#8217;"},"content":{"rendered":"<p><img decoding=\"async\" loading=\"lazy\" class=\"alignnone size-full wp-image-200545\" src=\"https:\/\/www.leccecronaca.it\/wordpress\/wp-content\/uploads\/2022\/06\/conferenza-stampa-sgm.jpeg\" alt=\"\" width=\"1600\" height=\"1200\" srcset=\"https:\/\/www.leccecronaca.it\/wordpress\/wp-content\/uploads\/2022\/06\/conferenza-stampa-sgm.jpeg 1600w, https:\/\/www.leccecronaca.it\/wordpress\/wp-content\/uploads\/2022\/06\/conferenza-stampa-sgm-300x225.jpeg 300w, https:\/\/www.leccecronaca.it\/wordpress\/wp-content\/uploads\/2022\/06\/conferenza-stampa-sgm-1024x768.jpeg 1024w, https:\/\/www.leccecronaca.it\/wordpress\/wp-content\/uploads\/2022\/06\/conferenza-stampa-sgm-768x576.jpeg 768w, https:\/\/www.leccecronaca.it\/wordpress\/wp-content\/uploads\/2022\/06\/conferenza-stampa-sgm-1536x1152.jpeg 1536w, https:\/\/www.leccecronaca.it\/wordpress\/wp-content\/uploads\/2022\/06\/conferenza-stampa-sgm-400x300.jpeg 400w\" sizes=\"(max-width: 1600px) 100vw, 1600px\" \/><\/p>\n<p>(g.p.)\u00a0 ______\u00a0I ritardi accumulati nella Citt\u00e0 di Lecce dimostrano\u00a0 un\u2019arretratezza evidente del trasporto pubblico locale.<\/p>\n<p>C&#8217;\u00e8 stato un cumulo di errori, inadempienze e incapacit\u00e0 che si sono susseguiti negli ultimi decenni, quindi tutti responsabili, in un modo o nell\u2019altro, nessuno escluso.<\/p>\n<p>Ancora oggi Lecce \u00e8 una citt\u00e0 in cui chi voglia usare il mezzo pubblico, toh, per andare nelle marine, viene sistematicamente scoraggiato dal farlo, dall&#8217;inconsistenza delle fermate, dalla mancanza di informazioni, dalla indisponibilit\u00e0 dei biglietti.<\/p>\n<p>Lecce citt\u00e0 di serie A, che crediamo \u2013 correggeteci se sbagliamo \u2013 sia l\u2019unica citt\u00e0 d\u2019Italia capoluogo di provincia in cui non ci sono indicazioni alle fermate dei pullman, non ci sono orari, non ci sono tragitti, e non ci sono panchine e pensiline per l\u2019attesa.<\/p>\n<p>&nbsp;<\/p>\n<p>Ora questa mattina il Comune di Lecce ha annunciato &#8211; con decorrenza da domenica\u00a0 12 giugno &#8211;<\/p>\n<p><em>\u201cil nuovo programma di esercizio del servizio di Trasporto Pubblico Urbano della citt\u00e0 di Lecce. che ridisegna interamente i percorsi delle linee degli autobus cittadini, garantendo in maniera pi\u00f9 efficiente il collegamento tra quartieri, frazioni e marine con il centro citt\u00e0 rendendoli meno contorti e pi\u00f9 lineari, riorganizza gli orari del servizio, potenzia i collegamenti con i nodi di interscambio e le aree parcheggio Foro Boario, Settelacquare e Stazione Ferroviaria\u201d.<\/em><\/p>\n<p>&nbsp;<\/p>\n<p>Al netto di reboanti annunci e buone intenzioni, bisogner\u00e0 aspettare, per capire.<\/p>\n<p>Al momento non si pu\u00f2 giudicare, sulla carta, su una mappa virtuale, e non \u00e8 possibile valutare che cosa cambier\u00e0, e che cosa significher\u00e0, dalla riduzione dei chilometri della rete percorsa, all&#8217;aumento del numero delle fermate.<\/p>\n<p>Bisogner\u00e0 vedere inoltre come saranno realizzate queste fermate, che assistenza daranno, che servizi garantiranno.<\/p>\n<p>Ah, e per i biglietti quanto costeranno, ma prima ancora come saranno resi disponibili.<\/p>\n<p>&nbsp;<\/p>\n<p>Insomma, va bene la solita conferenza stampa spettacolo\u00a0(nella foto),\u00a0ma aspettiamo i fatti.<\/p>\n<p>Del resto lo stesso sindaco Carlo Salvemini, lo ha detto questa mattina, sa che si tratta\u00a0 solo di una fase di transizione, anzi, uno <em>step<\/em>, ha detto egli che parla bene l&#8217;italiano.<\/p>\n<p>Step by step capiremo se converr\u00e0 finalmente, come pure tanti vorrebbero\u00a0 fare, lasciare a casa l&#8217;auto, oppure no, e capiremo se chi l&#8217;auto non ce l&#8217;ha, potendo fisicamente reggerli, dovr\u00e0 fare molti, tanti passi a piedi.<\/p>\n<fb:like href='https:\/\/www.leccecronaca.it\/index.php\/2022\/06\/06\/d-12-pullman-le\/' send='true' layout='button_count' show_faces='true' width='450' height='65' action='recommend' colorscheme='light' font='lucida grande'><\/fb:like><span class=\"fb_share\"><fb:like href=\"https:\/\/www.leccecronaca.it\/index.php\/2022\/06\/06\/d-12-pullman-le\/\" layout=\"button_count\"><\/fb:like><\/span>","protected":false},"excerpt":{"rendered":"<p>(g.p.)\u00a0 ______\u00a0I ritardi accumulati nella Citt\u00e0 di Lecce dimostrano\u00a0 un\u2019arretratezza evidente del trasporto pubblico locale. C&#8217;\u00e8 stato un cumulo di errori, inadempienze e incapacit\u00e0 che si sono susseguiti negli ultimi decenni, quindi tutti responsabili, in un modo o nell\u2019altro, nessuno escluso. Ancora oggi Lecce \u00e8 una citt\u00e0 in cui chi voglia usare il mezzo pubblico, [&hellip;]<\/p>\n","protected":false},"author":4,"featured_media":200545,"comment_status":"open","ping_status":"closed","sticky":false,"template":"","format":"standard","meta":[],"categories":[69,76],"tags":[],"_links":{"self":[{"href":"https:\/\/www.leccecronaca.it\/index.php\/wp-json\/wp\/v2\/posts\/200533"}],"collection":[{"href":"https:\/\/www.leccecronaca.it\/index.php\/wp-json\/wp\/v2\/posts"}],"about":[{"href":"https:\/\/www.leccecronaca.it\/index.php\/wp-json\/wp\/v2\/types\/post"}],"author":[{"embeddable":true,"href":"https:\/\/www.leccecronaca.it\/index.php\/wp-json\/wp\/v2\/users\/4"}],"replies":[{"embeddable":true,"href":"https:\/\/www.leccecronaca.it\/index.php\/wp-json\/wp\/v2\/comments?post=200533"}],"version-history":[{"count":6,"href":"https:\/\/www.leccecronaca.it\/index.php\/wp-json\/wp\/v2\/posts\/200533\/revisions"}],"predecessor-version":[{"id":200549,"href":"https:\/\/www.leccecronaca.it\/index.php\/wp-json\/wp\/v2\/posts\/200533\/revisions\/200549"}],"wp:featuredmedia":[{"embeddable":true,"href":"https:\/\/www.leccecronaca.it\/index.php\/wp-json\/wp\/v2\/media\/200545"}],"wp:attachment":[{"href":"https:\/\/www.leccecronaca.it\/index.php\/wp-json\/wp\/v2\/media?parent=200533"}],"wp:term":[{"taxonomy":"category","embeddable":true,"href":"https:\/\/www.leccecronaca.it\/index.php\/wp-json\/wp\/v2\/categories?post=200533"},{"taxonomy":"post_tag","embeddable":true,"href":"https:\/\/www.leccecronaca.it\/index.php\/wp-json\/wp\/v2\/tags?post=200533"}],"curies":[{"name":"wp","href":"https:\/\/api.w.org\/{rel}","templated":true}]}}