{"id":200622,"date":"2022-06-09T13:03:06","date_gmt":"2022-06-09T11:03:06","guid":{"rendered":"http:\/\/www.leccecronaca.it\/?p=200622"},"modified":"2022-06-09T13:12:53","modified_gmt":"2022-06-09T11:12:53","slug":"salento-fuoco-e-fumo-a-leccecronaca-it-parla-il-consigliere-regionale-paolo-pagliaro-riguardo-i-mezzi-della-protezione-civile-abbandonati-da-anni","status":"publish","type":"post","link":"https:\/\/www.leccecronaca.it\/index.php\/2022\/06\/09\/salento-fuoco-e-fumo-a-leccecronaca-it-parla-il-consigliere-regionale-paolo-pagliaro-riguardo-i-mezzi-della-protezione-civile-abbandonati-da-anni\/","title":{"rendered":"SALENTO FUOCO E FUMO \/ A leccecronaca.it PARLA IL CONSIGLIERE REGIONALE PAOLO PAGLIARO RIGUARDO I MEZZI DELLA PROTEZIONE CIVILE ABBANDONATI"},"content":{"rendered":"<p><em><img decoding=\"async\" loading=\"lazy\" class=\"alignnone size-full wp-image-200623\" src=\"https:\/\/www.leccecronaca.it\/wordpress\/wp-content\/uploads\/2022\/06\/IMG-20220607-WA0027.jpg\" alt=\"\" width=\"1971\" height=\"1392\" srcset=\"https:\/\/www.leccecronaca.it\/wordpress\/wp-content\/uploads\/2022\/06\/IMG-20220607-WA0027.jpg 1971w, https:\/\/www.leccecronaca.it\/wordpress\/wp-content\/uploads\/2022\/06\/IMG-20220607-WA0027-300x212.jpg 300w, https:\/\/www.leccecronaca.it\/wordpress\/wp-content\/uploads\/2022\/06\/IMG-20220607-WA0027-1024x723.jpg 1024w, https:\/\/www.leccecronaca.it\/wordpress\/wp-content\/uploads\/2022\/06\/IMG-20220607-WA0027-768x542.jpg 768w, https:\/\/www.leccecronaca.it\/wordpress\/wp-content\/uploads\/2022\/06\/IMG-20220607-WA0027-1536x1085.jpg 1536w\" sizes=\"(max-width: 1971px) 100vw, 1971px\" \/><\/em><\/p>\n<p>di <strong>Flora Fina<\/strong> ______<\/p>\n<p>&nbsp;<\/p>\n<p><em>\u201cL\u2019emergenza roghi che torna prepotentemente alla ribalta ogni estate e che non riusciamo a frenare, ritengo sia provocata da una serie di concause.<\/em><\/p>\n<p><em>Ovviamente dotare gli organi preposti dei mezzi necessari per poter arginare gli incendi \u00e8 il primo passo per evitare i grandi e incalcolabili danni che siamo costretti a contare, ed ecco perch\u00e9 \u00e8 inammissibile che quei mezzi restino fermi e che nessuno riesca a risolvere in tempi brevi una questione che si trascina da sette anni. <\/em><\/p>\n<p><em>Quei mezzi essendo pi\u00f9 snelli ma con le caratteristiche necessarie, rispetto ad altri, per macinare chilometri e terra, sarebbero ideali per combattere questi eventi cos\u00ec dolorosi per tutti i territori ma per i quali il Salento paga il prezzo pi\u00f9 alto in termini di devastazioni\u201d.<\/em><\/p>\n<p>&nbsp;<\/p>\n<p>&nbsp;<\/p>\n<p>Si esprime cos\u00ec Paolo Pagliaro ( nella foto ), consigliere regionale &#8211; capogruppo La Puglia Domani e Presidente Movimento Regione Salento \u2013 raggiunto ieri telefonicamente da leccecronaca.it, in merito alla spinosa questione riguardante un vero e proprio spreco di denaro pubblico per l\u2019acquisto di mezzi di trasporto destinati alla Protezione Civile.<\/p>\n<p>&nbsp;<\/p>\n<p>&nbsp;<\/p>\n<p>Nei giorni scorsi infatti, Pagliaro ha denunciato la pesante situazione di degrado e spreco dei fondi regionali, aprendo cos\u00ec un vaso di pandora che ha portato scompiglio tra le fila della pubblica amministrazione pugliese: \u00e8 emerso cos\u00ec, che sono numerosi i mezzi in totale disuso su tutto il territorio regionale, acquistati ovviamente con denaro pubblico, frutto delle tasse pagate dagli onesti cittadini, come egli stesso ci spiega:<\/p>\n<p><em>\u201c Sottolineo che dopo la mia prima segnalazione, il 18 maggio, la Regione ha scritto alla Provincia di Lecce chiedendo informazioni sui due mezzi fermi in garage. <\/em><\/p>\n<p><em>Il 31 maggio la Provincia ha risposto alla Regione, ricordando di aver chiesto gi\u00e0 a settembre 2016, quasi sei anni fa, di ridefinire l\u2019impiego dei mezzi di protezione civile ricevuti in dotazione ma fermi. E come al solito \u00e8 uno scaricabarile di chi o quando e perch\u00e9 si debbano fare le cose. Una cosa \u00e8 certa ad oggi, le segnalazioni aumentano e la situazione non \u00e8 certo da sottovalutare ma bisogna trovare una soluzione ed uscire fuori da questo rimbalzo delle responsabilit\u00e0. A noi non interessano i colpevoli, a noi interessano le soluzioni. <\/em><\/p>\n<p><em>E spero che preso si dia seguito alla richiesta della mia mozione: assegnare i mezzi a chi pu\u00f2 averne bisogno per il bene della collettivit\u00e0 \u201d <\/em><\/p>\n<p>&nbsp;<\/p>\n<p>&nbsp;<\/p>\n<p>\u00c8 emerso infatti, che i mezzi sono fermi da ben sette lunghi anni, nella totale indifferenza istituzionale. Pagliaro spiega nel dettaglio poi che la questione:<\/p>\n<p>\u201c<em>Nasce da diverse segnalazioni di cittadini fatte al coordinatore cittadino del Movimento Regione Salento, Giancarlo Capoccia, che \u00e8 un vigile del fuoco, che mi ha avvisato e dunque abbiamo fatto un sopralluogo, costatando e toccando con mano una situazione che ritengo gravissima, perch\u00e9 \u00e8 uno spreco enorme di soldi pubblici.<\/em><\/p>\n<p><em> Mezzi nuovi lasciati fermi a impolverarsi e deteriorarsi solo per una mancanza di programmazione. A quel punto ho scritto una lettera, indirizzata al presidente della Regione Puglia e al consigliere Maurizio Bruno, presidente del Comitato permanente della Protezione civile, con la quale ho chiesto l\u2019assegnazione in uso dei due mezzi ai Vigili del Fuoco del Comando Provinciale di Lecce, che gi\u00e0 da tempo ne avevano fatto richiesta perch\u00e9 specialmente in questo periodo ne hanno bisogno a causa dei frequenti roghi che si registrano in tutta la provincia<\/em> \u201d<\/p>\n<p>&nbsp;<\/p>\n<p><img decoding=\"async\" loading=\"lazy\" class=\"alignnone size-full wp-image-200624\" src=\"https:\/\/www.leccecronaca.it\/wordpress\/wp-content\/uploads\/2022\/06\/IMG-20220607-WA0033.jpg\" alt=\"\" width=\"2048\" height=\"1536\" srcset=\"https:\/\/www.leccecronaca.it\/wordpress\/wp-content\/uploads\/2022\/06\/IMG-20220607-WA0033.jpg 2048w, https:\/\/www.leccecronaca.it\/wordpress\/wp-content\/uploads\/2022\/06\/IMG-20220607-WA0033-300x225.jpg 300w, https:\/\/www.leccecronaca.it\/wordpress\/wp-content\/uploads\/2022\/06\/IMG-20220607-WA0033-1024x768.jpg 1024w, https:\/\/www.leccecronaca.it\/wordpress\/wp-content\/uploads\/2022\/06\/IMG-20220607-WA0033-768x576.jpg 768w, https:\/\/www.leccecronaca.it\/wordpress\/wp-content\/uploads\/2022\/06\/IMG-20220607-WA0033-1536x1152.jpg 1536w, https:\/\/www.leccecronaca.it\/wordpress\/wp-content\/uploads\/2022\/06\/IMG-20220607-WA0033-400x300.jpg 400w\" sizes=\"(max-width: 2048px) 100vw, 2048px\" \/><\/p>\n<p>&nbsp;<\/p>\n<p>Qui in particolare, nella provincia di Lecce, sono state individuate due Jeep ( nella foto ) totalmente ricoperte di polvere e palesemente mai utilizzate da tempo, diventate in questi giorni simbolo per eccellenza dello sperpero e, probabilmente, causa in buona parte dei disservizi da parte di Protezione Civile e Vigili del Fuoco che non riescono a fronteggiare l\u2019attuale e gravissima emergenza incendi che da poche settimane continua imperterrita ad affliggere la Puglia tutta, e in special modo il Salento.<\/p>\n<p>&nbsp;<\/p>\n<p>&nbsp;<\/p>\n<p>&nbsp;<\/p>\n<p>Il paradosso, \u00e8 stato infatti messo luce attraverso una nota di ieri dello stesso consigliere regionale Paolo Pagliaro che ha affermato: \u201c <em>Mentre i vigili del fuoco e le associazioni di protezione civile sono impegnati a spegnere incendi a mani nude, fuoristrada e mezzi speciali restano fermi nei garage della Provincia di Lecce e nelle autorimesse sparse per la Puglia, accumulando polvere e deteriorandosi. \u00c8 un paradosso che ho segnalato gi\u00e0 da tre settimane e che ho ribadito ieri, alla luce delle segnalazioni che continuo a ricevere, per sollecitare la Regione ad intervenire \u2013 come ho gi\u00e0 chiesto con un\u2019interrogazione urgente \u2013 per una ricognizione rapida di tutti i mezzi acquistati con soldi pubblici, assegnati e non operativi<\/em> \u201d<\/p>\n<p>&nbsp;<\/p>\n<p>&nbsp;<\/p>\n<p>Lo stato di emergenza relativo agli incessanti incendi dunque, continua ad affaticare con costanza i nostri territori, divenendo in tale maniera il frutto di un evidente lassismo istituzionale che probabilmente, poco vuole avere a che fare con status di responsabilit\u00e0 per arginare la disastrosa situazione che intere aree di macchia mediterranea stanno vivendo: il nostro ecosistema locale e regionale non riesce a sostenere il peso di tali eventi drammatici, e tuttavia, ad una situazione gi\u00e0 tragica in partenza, si aggiunge un totale sentimento di menefreghismo amministrativo che dilapida, senza alcuna vergogna, soldi pubblici che potrebbero invece arginare il tragico esodo di cui siamo attualmente spettatori.<\/p>\n<p>&nbsp;<\/p>\n<p>Come gi\u00e0 ribadito nei giorni scorsi, la questione del nostro personalissimo stato di emergenza di matrice tutta pugliese, non solo non deve essere in alcun modo sottovalutata, ma necessita \u2013 nella forma pi\u00f9 urgente possibile \u2013 di tutti i sostegni economici ed istituzionali affinch\u00e9 possa arrestarsi nel minor tempo e senza che si verifichino ulteriori eventi di un bollettino di guerra gi\u00e0 pregno di drammaticit\u00e0, poich\u00e9 come afferma lo stesso consigliere regionale Paolo Pagliaro<\/p>\n<p>\u201c<em>I fattori possono essere diversi: i piromani in primis, ma anche il contadino che mette fuoco alle sue sterpaglie, oppure chi inavvertitamente getta un mozzicone di sigaretta che diventa in pochi minuti l\u2019inizio dell\u2019inferno. Ecco perch\u00e9 non serve solo intervenire dopo ma anche prevenire, e quei mezzi potrebbero essere utilizzati sia prima anche dopo. <\/em><\/p>\n<p><em>Nelle prossime ore presenter\u00f2 una mozione e chieder\u00f2 dopo la ricognizione gi\u00e0 richiesta per capire quanti sono questi mezzi fermi su tutto il territorio regionale, di provvedere all\u2019assegnazione a chi pu\u00f2 usarli per il bene della collettivit\u00e0, come gli interventi antincendio che vedono in prima linea, insieme ai vigli del fuoco, le associazioni di protezione civile<\/em> \u201d<\/p>\n<p>&nbsp;<\/p>\n<p>&nbsp;<\/p>\n<p>\u00c8 giunto il momento per tutti di adeguarsi ed attivarsi per bloccare nell\u2019immediato una situazione giunta al colmo, nel pieno del suo limite, non pi\u00f9 sostenibile per la sua letalit\u00e0 e pericolosit\u00e0: la natura e coloro che la abitano sono nell\u2019occhio di un ciclone che tarder\u00e0 a spegnersi senza un interessamento dall\u2019alto.<\/p>\n<p>&nbsp;<\/p>\n<p>\u00c8 giunto il momento di assumersi le responsabilit\u00e0 delle cause e degli effetti di questo male ardente, che sta asfissiando lentamente e con sadismo l\u2019habitat salentino tutto: siamo tristi spettatori di uno spettacolo che avanza con violenza sotto i nostri occhi, mentre, al riparo e nell\u2019incolumit\u00e0\u00a0 di un refrigerio fingiamo con totale alienazione di essere impotenti e disincantati.<\/p>\n<p>______<\/p>\n<p>&nbsp;<\/p>\n<p>LA RICERCA nel nostro ultimo articolo sugli incendi, del 7 giugno scorso<\/p>\n<blockquote class=\"wp-embedded-content\" data-secret=\"2LXP8pMpbk\"><p><a href=\"https:\/\/www.leccecronaca.it\/index.php\/2022\/06\/07\/emergenza-incendi-e-arrivata-nel-gargano\/\">L&#8217; EMERGENZA INCENDI E&#8217; ARRIVATA NEL GARGANO<\/a><\/p><\/blockquote>\n<p><iframe class=\"wp-embedded-content\" sandbox=\"allow-scripts\" security=\"restricted\" style=\"position: absolute; clip: rect(1px, 1px, 1px, 1px);\" src=\"https:\/\/www.leccecronaca.it\/index.php\/2022\/06\/07\/emergenza-incendi-e-arrivata-nel-gargano\/embed\/#?secret=2LXP8pMpbk\" data-secret=\"2LXP8pMpbk\" width=\"500\" height=\"282\" title=\"&#8220;L&#8217; EMERGENZA INCENDI E&#8217; ARRIVATA NEL GARGANO&#8221; &#8212; LecceCronaca.it\" frameborder=\"0\" marginwidth=\"0\" marginheight=\"0\" scrolling=\"no\"><\/iframe><\/p>\n<p>&nbsp;<\/p>\n<fb:like href='https:\/\/www.leccecronaca.it\/index.php\/2022\/06\/09\/salento-fuoco-e-fumo-a-leccecronaca-it-parla-il-consigliere-regionale-paolo-pagliaro-riguardo-i-mezzi-della-protezione-civile-abbandonati-da-anni\/' send='true' layout='button_count' show_faces='true' width='450' height='65' action='recommend' colorscheme='light' font='lucida grande'><\/fb:like><span class=\"fb_share\"><fb:like href=\"https:\/\/www.leccecronaca.it\/index.php\/2022\/06\/09\/salento-fuoco-e-fumo-a-leccecronaca-it-parla-il-consigliere-regionale-paolo-pagliaro-riguardo-i-mezzi-della-protezione-civile-abbandonati-da-anni\/\" layout=\"button_count\"><\/fb:like><\/span>","protected":false},"excerpt":{"rendered":"<p>di Flora Fina ______ &nbsp; \u201cL\u2019emergenza roghi che torna prepotentemente alla ribalta ogni estate e che non riusciamo a frenare, ritengo sia provocata da una serie di concause. Ovviamente dotare gli organi preposti dei mezzi necessari per poter arginare gli incendi \u00e8 il primo passo per evitare i grandi e incalcolabili danni che siamo costretti [&hellip;]<\/p>\n","protected":false},"author":4,"featured_media":0,"comment_status":"open","ping_status":"closed","sticky":false,"template":"","format":"standard","meta":[],"categories":[1,69],"tags":[],"_links":{"self":[{"href":"https:\/\/www.leccecronaca.it\/index.php\/wp-json\/wp\/v2\/posts\/200622"}],"collection":[{"href":"https:\/\/www.leccecronaca.it\/index.php\/wp-json\/wp\/v2\/posts"}],"about":[{"href":"https:\/\/www.leccecronaca.it\/index.php\/wp-json\/wp\/v2\/types\/post"}],"author":[{"embeddable":true,"href":"https:\/\/www.leccecronaca.it\/index.php\/wp-json\/wp\/v2\/users\/4"}],"replies":[{"embeddable":true,"href":"https:\/\/www.leccecronaca.it\/index.php\/wp-json\/wp\/v2\/comments?post=200622"}],"version-history":[{"count":8,"href":"https:\/\/www.leccecronaca.it\/index.php\/wp-json\/wp\/v2\/posts\/200622\/revisions"}],"predecessor-version":[{"id":200633,"href":"https:\/\/www.leccecronaca.it\/index.php\/wp-json\/wp\/v2\/posts\/200622\/revisions\/200633"}],"wp:attachment":[{"href":"https:\/\/www.leccecronaca.it\/index.php\/wp-json\/wp\/v2\/media?parent=200622"}],"wp:term":[{"taxonomy":"category","embeddable":true,"href":"https:\/\/www.leccecronaca.it\/index.php\/wp-json\/wp\/v2\/categories?post=200622"},{"taxonomy":"post_tag","embeddable":true,"href":"https:\/\/www.leccecronaca.it\/index.php\/wp-json\/wp\/v2\/tags?post=200622"}],"curies":[{"name":"wp","href":"https:\/\/api.w.org\/{rel}","templated":true}]}}