{"id":200727,"date":"2022-06-11T18:26:40","date_gmt":"2022-06-11T16:26:40","guid":{"rendered":"http:\/\/www.leccecronaca.it\/?p=200727"},"modified":"2022-06-11T18:31:35","modified_gmt":"2022-06-11T16:31:35","slug":"election-day-si-vota-solo-domenica-12-giugno-2","status":"publish","type":"post","link":"https:\/\/www.leccecronaca.it\/index.php\/2022\/06\/11\/election-day-si-vota-solo-domenica-12-giugno-2\/","title":{"rendered":"ELECTION DAY, SI VOTA SOLO DOMENICA 12 GIUGNO"},"content":{"rendered":"<p><img decoding=\"async\" loading=\"lazy\" class=\"alignnone size-full wp-image-200728\" src=\"https:\/\/www.leccecronaca.it\/wordpress\/wp-content\/uploads\/2022\/06\/urna_e_cabina_elezioni_imagoeconomica.jpg\" alt=\"\" width=\"885\" height=\"400\" srcset=\"https:\/\/www.leccecronaca.it\/wordpress\/wp-content\/uploads\/2022\/06\/urna_e_cabina_elezioni_imagoeconomica.jpg 885w, https:\/\/www.leccecronaca.it\/wordpress\/wp-content\/uploads\/2022\/06\/urna_e_cabina_elezioni_imagoeconomica-300x136.jpg 300w, https:\/\/www.leccecronaca.it\/wordpress\/wp-content\/uploads\/2022\/06\/urna_e_cabina_elezioni_imagoeconomica-768x347.jpg 768w\" sizes=\"(max-width: 885px) 100vw, 885px\" \/><\/p>\n<p>(g.p.) ______ Si \u00e8 chiusa a mezzanotte una campagna elettorale sostanzialmente mediatica per i cinque referendum abrogativi su questioni della giustizia, mentre \u00e8 stata accesa e fin troppo animata nelle piazze di citt\u00e0 e paesi in cui si voter\u00e0 per le amministrative.<\/p>\n<p>Oggi tradizionale &#8216;pausa di riflessione&#8217; e stop alla propaganda.<\/p>\n<p>Domani domenica 12 giugno seggi aperti dalle 7 alle 23.<\/p>\n<p>Ricordiamo prima che si voter\u00e0 per il previsto referendum sulla giustizia, per meglio dire sui cinque quesiti referendari aventi tema comune l\u2019organizzazione della giustizia. Contemporaneamente si voter\u00e0 per le elezioni amministrative in quasi mille comuni, di cui venticinque capoluoghi di provincia.<\/p>\n<p>Fra le altre localit\u00e0, a Taranto. Nel Salento a Galatina, Galatone, Aradeo, Castrignano dei Greci, Castro, Guagnano, Leverano, Matino, Melendugno, Ortelle, Otranto, Ruffano, Salice Salentino, San Cassiano, San Cesario di Lecce, Scorrano,\u00a0Sava, San Michele Salentino.<\/p>\n<p>Eventuali ballottaggi domenica 26 giugno, ma solo nei comuni oltre i 15.000 abitanti.<\/p>\n<p>Al termine del voto si proceder\u00e0 prima allo scrutinio delle schede votate per ciascun referendum e successivamente, dalle ore 14 del luned\u00ec, alle operazioni di scrutinio per le elezioni comunali.<\/p>\n<p>&nbsp;<\/p>\n<p>Appuntamento per la serata di domenica 12\u00a0 dunque, in quanto dalle consuete rilevazioni dei votanti,\u00a0 svolte come sempre dal Ministero dell&#8217;Interno, si capir\u00e0 per tempo se il referendum avr\u00e0 o meno la partecipazione di pi\u00f9 del 50%\u00a0 degli elettori aventi diritto, la conditio sine qua non per la sua effettiva validit\u00e0.<\/p>\n<p>Appuntamento per la serata di luned\u00ec 13 invece per i risultati delle amministrative, l&#8217;attenzione degli osservatori \u00e8 rivolta soprattutto a quelli che saranno i dati di Taranto, Galatina e Galatone, a Genova e Palermo in campo nazionale.<\/p>\n<p>&nbsp;<\/p>\n<p>&nbsp;<\/p>\n<p>&nbsp;<\/p>\n<fb:like href='https:\/\/www.leccecronaca.it\/index.php\/2022\/06\/11\/election-day-si-vota-solo-domenica-12-giugno-2\/' send='true' layout='button_count' show_faces='true' width='450' height='65' action='recommend' colorscheme='light' font='lucida grande'><\/fb:like><span class=\"fb_share\"><fb:like href=\"https:\/\/www.leccecronaca.it\/index.php\/2022\/06\/11\/election-day-si-vota-solo-domenica-12-giugno-2\/\" layout=\"button_count\"><\/fb:like><\/span>","protected":false},"excerpt":{"rendered":"<p>(g.p.) ______ Si \u00e8 chiusa a mezzanotte una campagna elettorale sostanzialmente mediatica per i cinque referendum abrogativi su questioni della giustizia, mentre \u00e8 stata accesa e fin troppo animata nelle piazze di citt\u00e0 e paesi in cui si voter\u00e0 per le amministrative. Oggi tradizionale &#8216;pausa di riflessione&#8217; e stop alla propaganda. Domani domenica 12 giugno [&hellip;]<\/p>\n","protected":false},"author":4,"featured_media":200728,"comment_status":"open","ping_status":"closed","sticky":false,"template":"","format":"standard","meta":[],"categories":[76],"tags":[],"_links":{"self":[{"href":"https:\/\/www.leccecronaca.it\/index.php\/wp-json\/wp\/v2\/posts\/200727"}],"collection":[{"href":"https:\/\/www.leccecronaca.it\/index.php\/wp-json\/wp\/v2\/posts"}],"about":[{"href":"https:\/\/www.leccecronaca.it\/index.php\/wp-json\/wp\/v2\/types\/post"}],"author":[{"embeddable":true,"href":"https:\/\/www.leccecronaca.it\/index.php\/wp-json\/wp\/v2\/users\/4"}],"replies":[{"embeddable":true,"href":"https:\/\/www.leccecronaca.it\/index.php\/wp-json\/wp\/v2\/comments?post=200727"}],"version-history":[{"count":3,"href":"https:\/\/www.leccecronaca.it\/index.php\/wp-json\/wp\/v2\/posts\/200727\/revisions"}],"predecessor-version":[{"id":200731,"href":"https:\/\/www.leccecronaca.it\/index.php\/wp-json\/wp\/v2\/posts\/200727\/revisions\/200731"}],"wp:featuredmedia":[{"embeddable":true,"href":"https:\/\/www.leccecronaca.it\/index.php\/wp-json\/wp\/v2\/media\/200728"}],"wp:attachment":[{"href":"https:\/\/www.leccecronaca.it\/index.php\/wp-json\/wp\/v2\/media?parent=200727"}],"wp:term":[{"taxonomy":"category","embeddable":true,"href":"https:\/\/www.leccecronaca.it\/index.php\/wp-json\/wp\/v2\/categories?post=200727"},{"taxonomy":"post_tag","embeddable":true,"href":"https:\/\/www.leccecronaca.it\/index.php\/wp-json\/wp\/v2\/tags?post=200727"}],"curies":[{"name":"wp","href":"https:\/\/api.w.org\/{rel}","templated":true}]}}