{"id":200733,"date":"2022-06-12T12:03:55","date_gmt":"2022-06-12T10:03:55","guid":{"rendered":"http:\/\/www.leccecronaca.it\/?p=200733"},"modified":"2022-06-12T12:05:27","modified_gmt":"2022-06-12T10:05:27","slug":"forza-palermo","status":"publish","type":"post","link":"https:\/\/www.leccecronaca.it\/index.php\/2022\/06\/12\/forza-palermo\/","title":{"rendered":"FORZA  PALERMO!"},"content":{"rendered":"<p><img decoding=\"async\" loading=\"lazy\" class=\"alignnone size-full wp-image-200734\" src=\"https:\/\/www.leccecronaca.it\/wordpress\/wp-content\/uploads\/2022\/06\/1600x900_1654866326913_Palermo.jpg\" alt=\"\" width=\"1600\" height=\"900\" srcset=\"https:\/\/www.leccecronaca.it\/wordpress\/wp-content\/uploads\/2022\/06\/1600x900_1654866326913_Palermo.jpg 1600w, https:\/\/www.leccecronaca.it\/wordpress\/wp-content\/uploads\/2022\/06\/1600x900_1654866326913_Palermo-300x169.jpg 300w, https:\/\/www.leccecronaca.it\/wordpress\/wp-content\/uploads\/2022\/06\/1600x900_1654866326913_Palermo-1024x576.jpg 1024w, https:\/\/www.leccecronaca.it\/wordpress\/wp-content\/uploads\/2022\/06\/1600x900_1654866326913_Palermo-768x432.jpg 768w, https:\/\/www.leccecronaca.it\/wordpress\/wp-content\/uploads\/2022\/06\/1600x900_1654866326913_Palermo-1536x864.jpg 1536w\" sizes=\"(max-width: 1600px) 100vw, 1600px\" \/><\/p>\n<p>(Rdl)\u00a0_____\u00a0 Il titolo va inteso in senso puramente calcistico, ci mancherebbe altro. Infatti oggi, fra le altre citt\u00e0, oltre che per il referendum, si vota per le Comunali anche a Palermo, anzi \u00e8 la citt\u00e0 italiana pi\u00f9 importante coinvolta da questo turno di amministrative.<\/p>\n<p>Ma oggi \u00e8 il giorno del Palermo, la squadra di calcio, pronta a tornare, dalle ceneri del fallimento\u00a0 finanziario del 2019, e la ripartenza dai dilettanti, nel calcio importante.<\/p>\n<p>Alle 21.15, davanti ai 35.000 spettatori della stadio Favorita-Renzo Barbera\u00a0\u00a0(nella foto),\u00a0e al pubblico televisivo della Rai, si gioca Palermo-Padova, partita di ritorno dell&#8217;ultimo atto dei play off &#8211; lunghissimi ed estenuanti &#8211; di serie C.\u00a0In palio, la promozione in serie B.<\/p>\n<p>All&#8217;andata, in Veneto, i Siciliani hanno vinto 1 a 0.<\/p>\n<p>&#8216;Stasera avranno dalla loro dunque, oltre che i favori del fattore campo, che si annuncia incandescente, anche i favori del pronostico calcistico, per quanto gli avversari siano una compagine forte e autorevole.<\/p>\n<p>Palermo \u00e8 una citt\u00e0 per tante ragioni importanti da sempre legata a Lecce.<\/p>\n<p>I tifosi del Lecce sono gemellati con quelli del Palermo da tanti anni in un gemellaggio straordinario.<\/p>\n<p>Da Lecce e dal\u00a0 Salento dunque giunga nell&#8217;Isola un prepotente, stentoreo e affettuoso FORZA PALERMO!<\/p>\n<fb:like href='https:\/\/www.leccecronaca.it\/index.php\/2022\/06\/12\/forza-palermo\/' send='true' layout='button_count' show_faces='true' width='450' height='65' action='recommend' colorscheme='light' font='lucida grande'><\/fb:like><span class=\"fb_share\"><fb:like href=\"https:\/\/www.leccecronaca.it\/index.php\/2022\/06\/12\/forza-palermo\/\" layout=\"button_count\"><\/fb:like><\/span>","protected":false},"excerpt":{"rendered":"<p>(Rdl)\u00a0_____\u00a0 Il titolo va inteso in senso puramente calcistico, ci mancherebbe altro. Infatti oggi, fra le altre citt\u00e0, oltre che per il referendum, si vota per le Comunali anche a Palermo, anzi \u00e8 la citt\u00e0 italiana pi\u00f9 importante coinvolta da questo turno di amministrative. Ma oggi \u00e8 il giorno del Palermo, la squadra di calcio, [&hellip;]<\/p>\n","protected":false},"author":4,"featured_media":200734,"comment_status":"open","ping_status":"closed","sticky":false,"template":"","format":"standard","meta":[],"categories":[69,28],"tags":[],"_links":{"self":[{"href":"https:\/\/www.leccecronaca.it\/index.php\/wp-json\/wp\/v2\/posts\/200733"}],"collection":[{"href":"https:\/\/www.leccecronaca.it\/index.php\/wp-json\/wp\/v2\/posts"}],"about":[{"href":"https:\/\/www.leccecronaca.it\/index.php\/wp-json\/wp\/v2\/types\/post"}],"author":[{"embeddable":true,"href":"https:\/\/www.leccecronaca.it\/index.php\/wp-json\/wp\/v2\/users\/4"}],"replies":[{"embeddable":true,"href":"https:\/\/www.leccecronaca.it\/index.php\/wp-json\/wp\/v2\/comments?post=200733"}],"version-history":[{"count":3,"href":"https:\/\/www.leccecronaca.it\/index.php\/wp-json\/wp\/v2\/posts\/200733\/revisions"}],"predecessor-version":[{"id":200737,"href":"https:\/\/www.leccecronaca.it\/index.php\/wp-json\/wp\/v2\/posts\/200733\/revisions\/200737"}],"wp:featuredmedia":[{"embeddable":true,"href":"https:\/\/www.leccecronaca.it\/index.php\/wp-json\/wp\/v2\/media\/200734"}],"wp:attachment":[{"href":"https:\/\/www.leccecronaca.it\/index.php\/wp-json\/wp\/v2\/media?parent=200733"}],"wp:term":[{"taxonomy":"category","embeddable":true,"href":"https:\/\/www.leccecronaca.it\/index.php\/wp-json\/wp\/v2\/categories?post=200733"},{"taxonomy":"post_tag","embeddable":true,"href":"https:\/\/www.leccecronaca.it\/index.php\/wp-json\/wp\/v2\/tags?post=200733"}],"curies":[{"name":"wp","href":"https:\/\/api.w.org\/{rel}","templated":true}]}}