{"id":200796,"date":"2022-06-13T16:26:53","date_gmt":"2022-06-13T14:26:53","guid":{"rendered":"http:\/\/www.leccecronaca.it\/?p=200796"},"modified":"2022-06-13T16:27:08","modified_gmt":"2022-06-13T14:27:08","slug":"il-degrado-del-piazzale-dello-stadio","status":"publish","type":"post","link":"https:\/\/www.leccecronaca.it\/index.php\/2022\/06\/13\/il-degrado-del-piazzale-dello-stadio\/","title":{"rendered":"IL DEGRADO DEL PIAZZALE DELLO STADIO"},"content":{"rendered":"<p><img decoding=\"async\" loading=\"lazy\" class=\"alignnone size-full wp-image-200798\" src=\"https:\/\/www.leccecronaca.it\/wordpress\/wp-content\/uploads\/2022\/06\/Foto-in-piazzale-stadio.jpg\" alt=\"\" width=\"1024\" height=\"768\" srcset=\"https:\/\/www.leccecronaca.it\/wordpress\/wp-content\/uploads\/2022\/06\/Foto-in-piazzale-stadio.jpg 1024w, https:\/\/www.leccecronaca.it\/wordpress\/wp-content\/uploads\/2022\/06\/Foto-in-piazzale-stadio-300x225.jpg 300w, https:\/\/www.leccecronaca.it\/wordpress\/wp-content\/uploads\/2022\/06\/Foto-in-piazzale-stadio-768x576.jpg 768w, https:\/\/www.leccecronaca.it\/wordpress\/wp-content\/uploads\/2022\/06\/Foto-in-piazzale-stadio-400x300.jpg 400w\" sizes=\"(max-width: 1024px) 100vw, 1024px\" \/><\/p>\n<p>Riceviamo e volentieri pubblichiamo. Il MovimentoNuovo ci manda il seguente comunicato\u00a0\u00a0______<\/p>\n<p>Bronek Pankiewicz, MovimentoNuovo : \u201cpiazzale dello stadio in totale stato di degrado e il 7 agosto prima gara di Coppa Italia, al Comune lo sanno ?\u201d<\/p>\n<p>&nbsp;<\/p>\n<p>Il 7 agosto, il Via del Mare riaprir\u00e0 i battenti per la prima gara di Coppa Italia con il Cittadella, a Palazzo Carafa lo sanno? Si rendono conto che mancano meno di due mesi?<\/p>\n<p>Poche ore dopo la promozione in serie A, il presidente Sticchi Damiani avvert\u00ec il sindaco Salvemini e l\u2019Amministrazione comunale che la parte esterna all\u2019impianto era non solo un pessimo biglietto da visita per la citt\u00e0 ma rappresentava soprattutto un pericolo per la sicurezza e l\u2019incolumit\u00e0 dei tifosi : buche, radici sporgenti, sterpi, asfalto mancante, pozzanghere in caso di pioggia e per le gare in notturna illuminazione da terzo mondo.<\/p>\n<p>&nbsp;<\/p>\n<p>Purtroppo tutto \u00e8 ancora fermo e tutto tace. La serie A costituisce una vetrina troppo importante non solo per il calcio, ma anche per la citt\u00e0 che avr\u00e0 enorme visibilit\u00e0 e proprio grazie al calcio attrarr\u00e0 in periodi non turistici persone che si spostano in base alle partite delle loro squadre e che certamente coglieranno l\u2019occasione per un week-end nella capitale del barocco. Evidentemente non si vuole cogliere tale opportunit\u00e0.<\/p>\n<p>Oggi il piazzale dello stadio \u00e8 una landa deserta priva di alberi, ricca di sterpi e radici sporgenti dopo l\u2019espianto dei pini. Un paesaggio spettrale. Un percorso di guerra.<\/p>\n<p>&nbsp;<\/p>\n<p>Il Comune, si ricordi che c\u2019\u00e8 una squadra in serie A e non si trinceri dietro l\u2019alibi della mancanza di fondi. Quando si vuole i fondi si trovano nelle pieghe del bilancio, dunque, si provveda con la massima sollecitudine a mettere in sicurezza, abbellire e rendere confortevole quella zona. Il Via del Mare costituisce il tempio calcistico della sua gente. Tra poche settimane si ricomincia, il Comune eviti questo clamoroso autogol.<\/p>\n<p>Bronek Pankiewicz<\/p>\n<p>Presidente di Movimento Nuovo\u00a0\u00a0______<\/p>\n<p>&nbsp;<\/p>\n<p>LA RICERCA\u00a0 nel nostro articolo del 22 dicembre 2021<\/p>\n<blockquote class=\"wp-embedded-content\" data-secret=\"Gu7HTNtxdE\"><p><a href=\"https:\/\/www.leccecronaca.it\/index.php\/2021\/12\/22\/il-piu-grave-ingiustificato-irreparabile-vulnus-ambientale-a-danno-della-citta\/\">\u201cIl pi\u00f9\u00a0 grave, ingiustificato, irreparabile\u00a0vulnus ambientale compiuto a danno della Citt\u00e0\u201d DUE ANNI DOPO<\/a><\/p><\/blockquote>\n<p><iframe class=\"wp-embedded-content\" sandbox=\"allow-scripts\" security=\"restricted\" style=\"position: absolute; clip: rect(1px, 1px, 1px, 1px);\" src=\"https:\/\/www.leccecronaca.it\/index.php\/2021\/12\/22\/il-piu-grave-ingiustificato-irreparabile-vulnus-ambientale-a-danno-della-citta\/embed\/#?secret=Gu7HTNtxdE\" data-secret=\"Gu7HTNtxdE\" width=\"500\" height=\"282\" title=\"&#8220;\u201cIl pi\u00f9\u00a0 grave, ingiustificato, irreparabile\u00a0vulnus ambientale compiuto a danno della Citt\u00e0\u201d DUE ANNI DOPO&#8221; &#8212; LecceCronaca.it\" frameborder=\"0\" marginwidth=\"0\" marginheight=\"0\" scrolling=\"no\"><\/iframe><\/p>\n<p>&nbsp;<\/p>\n<fb:like href='https:\/\/www.leccecronaca.it\/index.php\/2022\/06\/13\/il-degrado-del-piazzale-dello-stadio\/' send='true' layout='button_count' show_faces='true' width='450' height='65' action='recommend' colorscheme='light' font='lucida grande'><\/fb:like><span class=\"fb_share\"><fb:like href=\"https:\/\/www.leccecronaca.it\/index.php\/2022\/06\/13\/il-degrado-del-piazzale-dello-stadio\/\" layout=\"button_count\"><\/fb:like><\/span>","protected":false},"excerpt":{"rendered":"<p>Riceviamo e volentieri pubblichiamo. Il MovimentoNuovo ci manda il seguente comunicato\u00a0\u00a0______ Bronek Pankiewicz, MovimentoNuovo : \u201cpiazzale dello stadio in totale stato di degrado e il 7 agosto prima gara di Coppa Italia, al Comune lo sanno ?\u201d &nbsp; Il 7 agosto, il Via del Mare riaprir\u00e0 i battenti per la prima gara di Coppa Italia [&hellip;]<\/p>\n","protected":false},"author":4,"featured_media":200798,"comment_status":"open","ping_status":"closed","sticky":false,"template":"","format":"standard","meta":[],"categories":[69,76,36],"tags":[],"_links":{"self":[{"href":"https:\/\/www.leccecronaca.it\/index.php\/wp-json\/wp\/v2\/posts\/200796"}],"collection":[{"href":"https:\/\/www.leccecronaca.it\/index.php\/wp-json\/wp\/v2\/posts"}],"about":[{"href":"https:\/\/www.leccecronaca.it\/index.php\/wp-json\/wp\/v2\/types\/post"}],"author":[{"embeddable":true,"href":"https:\/\/www.leccecronaca.it\/index.php\/wp-json\/wp\/v2\/users\/4"}],"replies":[{"embeddable":true,"href":"https:\/\/www.leccecronaca.it\/index.php\/wp-json\/wp\/v2\/comments?post=200796"}],"version-history":[{"count":1,"href":"https:\/\/www.leccecronaca.it\/index.php\/wp-json\/wp\/v2\/posts\/200796\/revisions"}],"predecessor-version":[{"id":200799,"href":"https:\/\/www.leccecronaca.it\/index.php\/wp-json\/wp\/v2\/posts\/200796\/revisions\/200799"}],"wp:featuredmedia":[{"embeddable":true,"href":"https:\/\/www.leccecronaca.it\/index.php\/wp-json\/wp\/v2\/media\/200798"}],"wp:attachment":[{"href":"https:\/\/www.leccecronaca.it\/index.php\/wp-json\/wp\/v2\/media?parent=200796"}],"wp:term":[{"taxonomy":"category","embeddable":true,"href":"https:\/\/www.leccecronaca.it\/index.php\/wp-json\/wp\/v2\/categories?post=200796"},{"taxonomy":"post_tag","embeddable":true,"href":"https:\/\/www.leccecronaca.it\/index.php\/wp-json\/wp\/v2\/tags?post=200796"}],"curies":[{"name":"wp","href":"https:\/\/api.w.org\/{rel}","templated":true}]}}