{"id":200891,"date":"2022-06-14T21:11:46","date_gmt":"2022-06-14T19:11:46","guid":{"rendered":"http:\/\/www.leccecronaca.it\/?p=200891"},"modified":"2022-06-14T21:11:46","modified_gmt":"2022-06-14T19:11:46","slug":"esponente-di-spicco-della-scu-arrestato-in-spagna","status":"publish","type":"post","link":"https:\/\/www.leccecronaca.it\/index.php\/2022\/06\/14\/esponente-di-spicco-della-scu-arrestato-in-spagna\/","title":{"rendered":"ESPONENTE DI SPICCO DELLA SCU ARRESTATO IN SPAGNA"},"content":{"rendered":"<p><img decoding=\"async\" loading=\"lazy\" class=\"alignnone size-full wp-image-200892\" src=\"https:\/\/www.leccecronaca.it\/wordpress\/wp-content\/uploads\/2022\/06\/10369_Crop_720_480.jpg\" alt=\"\" width=\"720\" height=\"480\" srcset=\"https:\/\/www.leccecronaca.it\/wordpress\/wp-content\/uploads\/2022\/06\/10369_Crop_720_480.jpg 720w, https:\/\/www.leccecronaca.it\/wordpress\/wp-content\/uploads\/2022\/06\/10369_Crop_720_480-300x200.jpg 300w\" sizes=\"(max-width: 720px) 100vw, 720px\" \/><\/p>\n<p>(e.l.)\u00a0_____ Ieri sera\u00a0\u00e8 stato arrestato, nella cittadina di Benalmadena\u00a0(nella foto), in Spagna, Vincenzo Amato 45 anni, latitante dal 2016, inserito nell\u2019elenco di Polizia dei cento latitanti pi\u00f9 pericolosi.<\/p>\n<p>La cattura \u00e8 giunta al termine di una complessa attivit\u00e0 d\u2019indagine, coordinata dalla Direzione Distrettuale Antimafia della Procura della Repubblica di Lecce e svolta dalla Direzione Centrale Anticrimine del Dipartimento della Pubblica Sicurezza,\u00a0 mediante l\u2019impiego di investigatori del Servizio Centrale Operativo e della Squadra Mobile di Lecce, oltre che del Servizio per la Cooperazione Internazionale di Polizia e della Central della Polizia spagnola.<\/p>\n<p>Amato deve scontare una condanna definitiva a 19 anni e 5 mesi per associazione a delinquere finalizzata al traffico di sostanze stupefacenti<\/p>\n<p>La certosina attivit\u00e0 svolta dagli uomini della Polizia di Stato ha permesso, giorno dopo giorno, di restringere l\u2019area di ricerca alla provincia di MALAGA ove \u00e8 stata individuata, nel comune di Benalmadena, l\u2019abitazione di una donna che risultava avere un rapporto di natura sentimentale con lui.<\/p>\n<p>Sono in corso le procedure dirette all\u2019estradizione dell\u2019arrestato.<\/p>\n<p>Amato Vincenzo \u00e8 destinatario anche\u00a0 di una misura cautelare in carcere che ha riguardato circa trenta persone per essere ritenuto, nell\u2019ambito di un\u2019indagine svolta dalla Squadra Mobile di Milano e coordinata dalla Direzione Distrettuale Antimafia del capoluogo lombardo, responsabile di un traffico internazionale di cocaina.\u00a0\u00a0______<\/p>\n<p>&nbsp;<\/p>\n<p>LA RICERCA nel nostro articolo del 22 maggio scorso<\/p>\n<blockquote class=\"wp-embedded-content\" data-secret=\"Sxks4p4n6U\"><p><a href=\"https:\/\/www.leccecronaca.it\/index.php\/2022\/05\/12\/blitz-contro-il-traffico-di-droga-e-il-riciclaggio-di-opere-darte-coinvolto-anche-un-latitante-salentino\/\">LA MILANO DA BERE, ORA DA SNIFFARE. BLITZ CONTRO IL TRAFFICO INTERNAZIONALE DI DROGA E IL RICICLAGGIO DI OPERE D&#8217;ARTE. VENTIQUATTRO ARRESTI IN TUTTA ITALIA.  COINVOLTO ANCHE UN LATITANTE SALENTINO RITENUTO ELEMENTO DI SPICCO  DELLA SACRA CORONA UNITA<\/a><\/p><\/blockquote>\n<p><iframe class=\"wp-embedded-content\" sandbox=\"allow-scripts\" security=\"restricted\" style=\"position: absolute; clip: rect(1px, 1px, 1px, 1px);\" src=\"https:\/\/www.leccecronaca.it\/index.php\/2022\/05\/12\/blitz-contro-il-traffico-di-droga-e-il-riciclaggio-di-opere-darte-coinvolto-anche-un-latitante-salentino\/embed\/#?secret=Sxks4p4n6U\" data-secret=\"Sxks4p4n6U\" width=\"500\" height=\"282\" title=\"&#8220;LA MILANO DA BERE, ORA DA SNIFFARE. BLITZ CONTRO IL TRAFFICO INTERNAZIONALE DI DROGA E IL RICICLAGGIO DI OPERE D&#8217;ARTE. VENTIQUATTRO ARRESTI IN TUTTA ITALIA.  COINVOLTO ANCHE UN LATITANTE SALENTINO RITENUTO ELEMENTO DI SPICCO  DELLA SACRA CORONA UNITA&#8221; &#8212; LecceCronaca.it\" frameborder=\"0\" marginwidth=\"0\" marginheight=\"0\" scrolling=\"no\"><\/iframe><\/p>\n<p>&nbsp;<\/p>\n<fb:like href='https:\/\/www.leccecronaca.it\/index.php\/2022\/06\/14\/esponente-di-spicco-della-scu-arrestato-in-spagna\/' send='true' layout='button_count' show_faces='true' width='450' height='65' action='recommend' colorscheme='light' font='lucida grande'><\/fb:like><span class=\"fb_share\"><fb:like href=\"https:\/\/www.leccecronaca.it\/index.php\/2022\/06\/14\/esponente-di-spicco-della-scu-arrestato-in-spagna\/\" layout=\"button_count\"><\/fb:like><\/span>","protected":false},"excerpt":{"rendered":"<p>(e.l.)\u00a0_____ Ieri sera\u00a0\u00e8 stato arrestato, nella cittadina di Benalmadena\u00a0(nella foto), in Spagna, Vincenzo Amato 45 anni, latitante dal 2016, inserito nell\u2019elenco di Polizia dei cento latitanti pi\u00f9 pericolosi. La cattura \u00e8 giunta al termine di una complessa attivit\u00e0 d\u2019indagine, coordinata dalla Direzione Distrettuale Antimafia della Procura della Repubblica di Lecce e svolta dalla Direzione Centrale [&hellip;]<\/p>\n","protected":false},"author":4,"featured_media":200892,"comment_status":"open","ping_status":"closed","sticky":false,"template":"","format":"standard","meta":[],"categories":[69],"tags":[],"_links":{"self":[{"href":"https:\/\/www.leccecronaca.it\/index.php\/wp-json\/wp\/v2\/posts\/200891"}],"collection":[{"href":"https:\/\/www.leccecronaca.it\/index.php\/wp-json\/wp\/v2\/posts"}],"about":[{"href":"https:\/\/www.leccecronaca.it\/index.php\/wp-json\/wp\/v2\/types\/post"}],"author":[{"embeddable":true,"href":"https:\/\/www.leccecronaca.it\/index.php\/wp-json\/wp\/v2\/users\/4"}],"replies":[{"embeddable":true,"href":"https:\/\/www.leccecronaca.it\/index.php\/wp-json\/wp\/v2\/comments?post=200891"}],"version-history":[{"count":1,"href":"https:\/\/www.leccecronaca.it\/index.php\/wp-json\/wp\/v2\/posts\/200891\/revisions"}],"predecessor-version":[{"id":200893,"href":"https:\/\/www.leccecronaca.it\/index.php\/wp-json\/wp\/v2\/posts\/200891\/revisions\/200893"}],"wp:featuredmedia":[{"embeddable":true,"href":"https:\/\/www.leccecronaca.it\/index.php\/wp-json\/wp\/v2\/media\/200892"}],"wp:attachment":[{"href":"https:\/\/www.leccecronaca.it\/index.php\/wp-json\/wp\/v2\/media?parent=200891"}],"wp:term":[{"taxonomy":"category","embeddable":true,"href":"https:\/\/www.leccecronaca.it\/index.php\/wp-json\/wp\/v2\/categories?post=200891"},{"taxonomy":"post_tag","embeddable":true,"href":"https:\/\/www.leccecronaca.it\/index.php\/wp-json\/wp\/v2\/tags?post=200891"}],"curies":[{"name":"wp","href":"https:\/\/api.w.org\/{rel}","templated":true}]}}