{"id":201346,"date":"2022-06-24T16:50:48","date_gmt":"2022-06-24T14:50:48","guid":{"rendered":"http:\/\/www.leccecronaca.it\/?p=201346"},"modified":"2022-06-24T17:50:06","modified_gmt":"2022-06-24T15:50:06","slug":"casa-lecce-le-dichiarazioni-di-corvino-e-baroni","status":"publish","type":"post","link":"https:\/\/www.leccecronaca.it\/index.php\/2022\/06\/24\/casa-lecce-le-dichiarazioni-di-corvino-e-baroni\/","title":{"rendered":"CASA LECCE \/ LE DICHIARAZIONI DI CORVINO E BARONI"},"content":{"rendered":"<p><strong>(m.a.)______<\/strong><\/p>\n<p><strong>Pantaleo Corvino<\/strong> e <strong>Marco Baroni<\/strong>, rispettivamente Responsabile dell&#8217;Area Tecnica e allenatore del<strong> Lecce<\/strong>, hanno commentato il sorteggio del calendario della nuova stagione\u00a0 \u00a0ai canali ufficiali del club.<\/p>\n<p>Di seguito le loro parole:<\/p>\n<p><strong><img decoding=\"async\" loading=\"lazy\" class=\"alignnone size-full wp-image-195034\" src=\"https:\/\/www.leccecronaca.it\/wordpress\/wp-content\/uploads\/2022\/02\/baroni-2.jpg\" alt=\"\" width=\"1650\" height=\"2048\" srcset=\"https:\/\/www.leccecronaca.it\/wordpress\/wp-content\/uploads\/2022\/02\/baroni-2.jpg 1650w, https:\/\/www.leccecronaca.it\/wordpress\/wp-content\/uploads\/2022\/02\/baroni-2-242x300.jpg 242w, https:\/\/www.leccecronaca.it\/wordpress\/wp-content\/uploads\/2022\/02\/baroni-2-825x1024.jpg 825w, https:\/\/www.leccecronaca.it\/wordpress\/wp-content\/uploads\/2022\/02\/baroni-2-768x953.jpg 768w, https:\/\/www.leccecronaca.it\/wordpress\/wp-content\/uploads\/2022\/02\/baroni-2-1238x1536.jpg 1238w\" sizes=\"(max-width: 1650px) 100vw, 1650px\" \/><\/strong><\/p>\n<p><strong>MARCO BARONI<\/strong> (allenatore del Lecce, nella foto): &#8220;<i>Ieri \u00e8 stato il giorno del nostro raduno in sede e da domani inizier\u00e0 la fase del pre- ritiro. <\/i><\/p>\n<p><i>Oggi \u00e8 stato reso noto il calendario della nuova stagione. Siamo felici di poter iniziare questa nuova avventura davanti ai nostri tifosi. Ci siamo congedati da loro la sera della gara con il Pordenone e tra non molto li ritroveremo nel nostro Via del Mare per la prima gara di campionato con l&#8217;Inter. <\/i><\/p>\n<p><i>Ogni gara che ci riserver\u00e0 questo torneo sar\u00e0 estremamente impegnativo, ma \u00e8 nostra intenzione dare il massimo per difendere quello che ci siamo guadagnati sul campo. Ogni gara sar\u00e0 una sfida e dovremo guardare esclusivamente a quello che faremo per farci trovare pronti a ogni appuntamento. <\/i><\/p>\n<p><i>Guardando il calendario la prima e l&#8217;ultima giornata verranno disputate a casa nostra, dove i nostri tifosi sono sempre numerosi e rappresentano una spinta in pi\u00f9. Ogni gara sar\u00e0 una estrema gioia sia per noi che per i nostri tifosi, che saranno sempre presenti al nostro fianco&#8221;.<\/i><\/p>\n<p>&nbsp;<\/p>\n<p>&nbsp;<\/p>\n<p><strong><img decoding=\"async\" loading=\"lazy\" class=\"alignnone size-full wp-image-184523\" src=\"https:\/\/www.leccecronaca.it\/wordpress\/wp-content\/uploads\/2021\/06\/corvino.jpg\" alt=\"\" width=\"2048\" height=\"1636\" srcset=\"https:\/\/www.leccecronaca.it\/wordpress\/wp-content\/uploads\/2021\/06\/corvino.jpg 2048w, https:\/\/www.leccecronaca.it\/wordpress\/wp-content\/uploads\/2021\/06\/corvino-300x240.jpg 300w, https:\/\/www.leccecronaca.it\/wordpress\/wp-content\/uploads\/2021\/06\/corvino-1024x818.jpg 1024w, https:\/\/www.leccecronaca.it\/wordpress\/wp-content\/uploads\/2021\/06\/corvino-768x614.jpg 768w, https:\/\/www.leccecronaca.it\/wordpress\/wp-content\/uploads\/2021\/06\/corvino-1536x1227.jpg 1536w\" sizes=\"(max-width: 2048px) 100vw, 2048px\" \/><\/strong><\/p>\n<p><strong>PANTALEO CORVINO<\/strong> ( Responsabile dell&#8217;Area Tecnica del Lecce, nella foto): &#8220;<i>Il 6 maggio abbiamo concluso il trionfale campionato dello scorso anno davanti al nostro splendido pubblico, ora il calendario ci ha dato la possibilit\u00e0 di iniziare questa nuova annata sempre tra le mura amiche.<\/i><br \/>\n<i>Affronteremo i vice campioni d&#8217;Italia dell&#8217;Inter.<\/i><br \/>\n<i>Ci aspetter\u00e0 un compito arduo, come del resto sar\u00e0 arduo tutto il campionato. Lo scorso anno abbiamo compiuto un&#8217;impresa, ora siamo chiamati a fare un miracolo.<\/i><br \/>\n<i>Ci faremo trovare pronti, anche se bisogna considerare che il mercato sar\u00e0 ancora aperto per l&#8217;inizio del campionato, motivo per il quale le squadre impegnate in questa competizione non saranno formate definitivamente al 100%.<\/i><br \/>\n<i>Come sempre potremo contare sul supporto dei nostri tifosi affinch\u00e9 tutto si possa materializzare&#8221;.\u00a0\u00a0______<\/i><\/p>\n<p>&nbsp;<\/p>\n<p>LA RICERCA nel nostro articolo immediatamente precedente\u00a0______<\/p>\n<blockquote class=\"wp-embedded-content\" data-secret=\"8QTvamWJNG\"><p><a href=\"https:\/\/www.leccecronaca.it\/index.php\/2022\/06\/24\/casa-lecce-il-calendario-completo-dei-salentini\/\">CASA LECCE\/ IL CALENDARIO COMPLETO DEI SALENTINI<\/a><\/p><\/blockquote>\n<p><iframe class=\"wp-embedded-content\" sandbox=\"allow-scripts\" security=\"restricted\" style=\"position: absolute; clip: rect(1px, 1px, 1px, 1px);\" src=\"https:\/\/www.leccecronaca.it\/index.php\/2022\/06\/24\/casa-lecce-il-calendario-completo-dei-salentini\/embed\/#?secret=8QTvamWJNG\" data-secret=\"8QTvamWJNG\" width=\"500\" height=\"282\" title=\"&#8220;CASA LECCE\/ IL CALENDARIO COMPLETO DEI SALENTINI&#8221; &#8212; LecceCronaca.it\" frameborder=\"0\" marginwidth=\"0\" marginheight=\"0\" scrolling=\"no\"><\/iframe><\/p>\n<p>&nbsp;<\/p>\n<fb:like href='https:\/\/www.leccecronaca.it\/index.php\/2022\/06\/24\/casa-lecce-le-dichiarazioni-di-corvino-e-baroni\/' send='true' layout='button_count' show_faces='true' width='450' height='65' action='recommend' colorscheme='light' font='lucida grande'><\/fb:like><span class=\"fb_share\"><fb:like href=\"https:\/\/www.leccecronaca.it\/index.php\/2022\/06\/24\/casa-lecce-le-dichiarazioni-di-corvino-e-baroni\/\" layout=\"button_count\"><\/fb:like><\/span>","protected":false},"excerpt":{"rendered":"<p>(m.a.)______ Pantaleo Corvino e Marco Baroni, rispettivamente Responsabile dell&#8217;Area Tecnica e allenatore del Lecce, hanno commentato il sorteggio del calendario della nuova stagione\u00a0 \u00a0ai canali ufficiali del club. Di seguito le loro parole: MARCO BARONI (allenatore del Lecce, nella foto): &#8220;Ieri \u00e8 stato il giorno del nostro raduno in sede e da domani inizier\u00e0 la [&hellip;]<\/p>\n","protected":false},"author":4,"featured_media":189856,"comment_status":"open","ping_status":"closed","sticky":false,"template":"","format":"standard","meta":[],"categories":[28],"tags":[],"_links":{"self":[{"href":"https:\/\/www.leccecronaca.it\/index.php\/wp-json\/wp\/v2\/posts\/201346"}],"collection":[{"href":"https:\/\/www.leccecronaca.it\/index.php\/wp-json\/wp\/v2\/posts"}],"about":[{"href":"https:\/\/www.leccecronaca.it\/index.php\/wp-json\/wp\/v2\/types\/post"}],"author":[{"embeddable":true,"href":"https:\/\/www.leccecronaca.it\/index.php\/wp-json\/wp\/v2\/users\/4"}],"replies":[{"embeddable":true,"href":"https:\/\/www.leccecronaca.it\/index.php\/wp-json\/wp\/v2\/comments?post=201346"}],"version-history":[{"count":3,"href":"https:\/\/www.leccecronaca.it\/index.php\/wp-json\/wp\/v2\/posts\/201346\/revisions"}],"predecessor-version":[{"id":201352,"href":"https:\/\/www.leccecronaca.it\/index.php\/wp-json\/wp\/v2\/posts\/201346\/revisions\/201352"}],"wp:featuredmedia":[{"embeddable":true,"href":"https:\/\/www.leccecronaca.it\/index.php\/wp-json\/wp\/v2\/media\/189856"}],"wp:attachment":[{"href":"https:\/\/www.leccecronaca.it\/index.php\/wp-json\/wp\/v2\/media?parent=201346"}],"wp:term":[{"taxonomy":"category","embeddable":true,"href":"https:\/\/www.leccecronaca.it\/index.php\/wp-json\/wp\/v2\/categories?post=201346"},{"taxonomy":"post_tag","embeddable":true,"href":"https:\/\/www.leccecronaca.it\/index.php\/wp-json\/wp\/v2\/tags?post=201346"}],"curies":[{"name":"wp","href":"https:\/\/api.w.org\/{rel}","templated":true}]}}