{"id":201354,"date":"2022-06-25T00:03:24","date_gmt":"2022-06-24T22:03:24","guid":{"rendered":"http:\/\/www.leccecronaca.it\/?p=201354"},"modified":"2022-06-24T19:55:30","modified_gmt":"2022-06-24T17:55:30","slug":"oggi-a-ugento-la-serata-per-jeff-buckley","status":"publish","type":"post","link":"https:\/\/www.leccecronaca.it\/index.php\/2022\/06\/25\/oggi-a-ugento-la-serata-per-jeff-buckley\/","title":{"rendered":"OGGI A UGENTO LA SERATA PER JEFF BUCKLEY"},"content":{"rendered":"<p><img decoding=\"async\" loading=\"lazy\" class=\"alignnone size-full wp-image-201355\" src=\"https:\/\/www.leccecronaca.it\/wordpress\/wp-content\/uploads\/2022\/06\/Jeff-Buckley-2.jpg\" alt=\"\" width=\"656\" height=\"492\" srcset=\"https:\/\/www.leccecronaca.it\/wordpress\/wp-content\/uploads\/2022\/06\/Jeff-Buckley-2.jpg 656w, https:\/\/www.leccecronaca.it\/wordpress\/wp-content\/uploads\/2022\/06\/Jeff-Buckley-2-300x225.jpg 300w, https:\/\/www.leccecronaca.it\/wordpress\/wp-content\/uploads\/2022\/06\/Jeff-Buckley-2-400x300.jpg 400w\" sizes=\"(max-width: 656px) 100vw, 656px\" \/><\/p>\n<p>di <strong>Roberto\u00a0 Molle<\/strong>\u00a0______<\/p>\n<p>A volte Facebook \u00e8 come quel vuoto guardato dall\u2019undicesimo piano di cui hai paura ma ne sei anche attratto; e per esorcizzare l\u2019istinto di buttarti gi\u00f9, cominci a pensare a come riempirlo, tutto quel vuoto che, gi\u00e0 sai, non riuscirai mai a colmare.<\/p>\n<p>I social, come magneti di memorie, spesso stimolano a tirare fuori storie, ricordi, sensazioni e volti\u2026 Per non dimenticare o, per quanto possibile: trasmettere, condividere, confrontare. E alla fine ti ritrovi a fare mille post di parole e di canzoni, dove scrivi, spieghi, racconti le tue passioni.<\/p>\n<p>&nbsp;<\/p>\n<p>Proprio su una di queste onde emozionali, ciclicamente riaffiora (come un\u2019ossessione) il ricordo delle brevi ma intense vite di Tim e Jeff Buckley: padre e figlio entrambi musicisti che hanno marchiato indelebilmente la storia del rock.<\/p>\n<p>Tim \u00e8 giovanissimo quando Jeff viene al mondo, spaventato dalle responsabilit\u00e0 che dovr\u00e0 affrontare e ammaliato dalla sirene del rockstar system, lo abbandona insieme alla madre e intraprende una strada che lo porter\u00e0 al successo, pubblicando una serie di dischi memorabili (\u201cGoodbye and hello!\u201d e \u201cStarsailor\u201d, per citarne solo alcuni) dalla met\u00e0 degli anni Sessanta a circa quella dei Settanta. Con una voce duttile e di grande estensione, si \u00e8 mosso tra i territori del folk, del jazz e del pop sconfinando spesso in ambito psichedelico.<\/p>\n<p>&nbsp;<\/p>\n<p>Jeff Buckley, far\u00e0 anch&#8217;egli un percorso che lo porter\u00e0 al successo, anche se pi\u00f9 ponderato e con il nome ingombrante del padre da tenere a bada. Una voce pi\u00f9 calda e sofferta intinta nel folk e una discografia (purtroppo) appena abbozzata: un unico splendido album dal titolo \u201cGrace\u201d, tanti concerti e unanimi riconoscimenti che lo sganciarono dall\u2019aura di Buckley senior.<\/p>\n<p>&nbsp;<\/p>\n<p>Tim e Jeff si incontrarono in rare occasioni, ma c\u2019era la decisa intenzione da parte di entrambi di ritrovarsi e dare finalmente un senso al loro essere padre e figlio. Ma il destino aveva in serbo un\u2019amara sorpresa, il 29 giugno del 1975 Tim Buckley muore per overdose di eroina e alcol (aveva 28 anni).<\/p>\n<p>Dopo la morte del padre, Jeff inizio a usare il suo vero cognome: Buckley, fino ad allora, artisticamente si faceva chiamare Moorhead (come il patrigno); comunque, pur avendolo perdonato, tenne sempre una linea molto netta tra lui e Tim.<\/p>\n<p>Proprio quando tanti dolori avevano perso di intensit\u00e0 e la sua personalit\u00e0 artistica andava assumendo quella caratteristica di umanit\u00e0 e pacificazione che lo stavano maturando, anche Jeff perde la vita in uno stupido, banale incidente: facendo il bagno nel Wolf River, un fiume affluente Mississipi. Era il 29 maggio del 1997 (aveva 31 anni).<\/p>\n<p>&nbsp;<\/p>\n<p>Per quanta mi riguarda, sento spesso di avere dei conti in sospeso con alcuni musicisti, come se avessi un debito con loro. Per ripagarli della bellezza della loro musica m\u2019invento un po\u2019 di cose\u2026<\/p>\n<p>Ad esempio per Jeff Buckley ho imbastito una serata in suo onore. Tutto avverr\u00e0 questa sera a Ugento (Le) e si chiamer\u00e0 \u201cL\u2019angelo che si strapp\u00f2 le ali\u201d.<\/p>\n<p>L\u2019evento rientra nell\u2019ottava edizione della manifestazione \u201cCanto alla luna\u201d (negli anni scorsi sono stati tributati Nick Drake, Sixto Rodriguez, Ian Curtis e altri musicisti) e si propone di omaggiare Jeff Buckley attraverso la riproposizione delle dieci canzoni del suo album \u201cGrace\u201d.<\/p>\n<p>&nbsp;<\/p>\n<p>I musicisti impegnati saranno met\u00e0 salentini (Misoph\u00f2nia, Christine IX band, Fausto Cota, Shining Angels e Fernando Alemanni, Asiel) e met\u00e0 da altre parti d\u2019Italia (Madyon da Cuneo, Fabrizio Tavernelli Complesso da Correggio, Edoardo Avi da Bolzano, Giovanni Cultrera dalla Maddalena). A inframmezzare le canzoni ci sar\u00e0 il racconto di squarci di vita di Jeff Buckley.<\/p>\n<p>L\u2019appuntamento \u00e8 per questa sera presso l\u2019area esterna del centro di aggregazione dell\u2019Associazione \u201cMare blu\u201d, in via Pasteur a Ugento\u00a0 nei pressi del supermercato Lidl. Ingresso gratuito.<\/p>\n<p>&nbsp;<\/p>\n<p><img decoding=\"async\" loading=\"lazy\" class=\"alignnone size-full wp-image-201356\" src=\"https:\/\/www.leccecronaca.it\/wordpress\/wp-content\/uploads\/2022\/06\/Locandina-canto-alla-luna-2022-definitiva.png\" alt=\"\" width=\"1587\" height=\"2245\" srcset=\"https:\/\/www.leccecronaca.it\/wordpress\/wp-content\/uploads\/2022\/06\/Locandina-canto-alla-luna-2022-definitiva.png 1587w, https:\/\/www.leccecronaca.it\/wordpress\/wp-content\/uploads\/2022\/06\/Locandina-canto-alla-luna-2022-definitiva-212x300.png 212w, https:\/\/www.leccecronaca.it\/wordpress\/wp-content\/uploads\/2022\/06\/Locandina-canto-alla-luna-2022-definitiva-724x1024.png 724w, https:\/\/www.leccecronaca.it\/wordpress\/wp-content\/uploads\/2022\/06\/Locandina-canto-alla-luna-2022-definitiva-768x1086.png 768w, https:\/\/www.leccecronaca.it\/wordpress\/wp-content\/uploads\/2022\/06\/Locandina-canto-alla-luna-2022-definitiva-1086x1536.png 1086w, https:\/\/www.leccecronaca.it\/wordpress\/wp-content\/uploads\/2022\/06\/Locandina-canto-alla-luna-2022-definitiva-1448x2048.png 1448w\" sizes=\"(max-width: 1587px) 100vw, 1587px\" \/><\/p>\n<fb:like href='https:\/\/www.leccecronaca.it\/index.php\/2022\/06\/25\/oggi-a-ugento-la-serata-per-jeff-buckley\/' send='true' layout='button_count' show_faces='true' width='450' height='65' action='recommend' colorscheme='light' font='lucida grande'><\/fb:like><span class=\"fb_share\"><fb:like href=\"https:\/\/www.leccecronaca.it\/index.php\/2022\/06\/25\/oggi-a-ugento-la-serata-per-jeff-buckley\/\" layout=\"button_count\"><\/fb:like><\/span>","protected":false},"excerpt":{"rendered":"<p>di Roberto\u00a0 Molle\u00a0______ A volte Facebook \u00e8 come quel vuoto guardato dall\u2019undicesimo piano di cui hai paura ma ne sei anche attratto; e per esorcizzare l\u2019istinto di buttarti gi\u00f9, cominci a pensare a come riempirlo, tutto quel vuoto che, gi\u00e0 sai, non riuscirai mai a colmare. I social, come magneti di memorie, spesso stimolano a [&hellip;]<\/p>\n","protected":false},"author":4,"featured_media":201355,"comment_status":"open","ping_status":"closed","sticky":false,"template":"","format":"standard","meta":[],"categories":[31,75],"tags":[],"_links":{"self":[{"href":"https:\/\/www.leccecronaca.it\/index.php\/wp-json\/wp\/v2\/posts\/201354"}],"collection":[{"href":"https:\/\/www.leccecronaca.it\/index.php\/wp-json\/wp\/v2\/posts"}],"about":[{"href":"https:\/\/www.leccecronaca.it\/index.php\/wp-json\/wp\/v2\/types\/post"}],"author":[{"embeddable":true,"href":"https:\/\/www.leccecronaca.it\/index.php\/wp-json\/wp\/v2\/users\/4"}],"replies":[{"embeddable":true,"href":"https:\/\/www.leccecronaca.it\/index.php\/wp-json\/wp\/v2\/comments?post=201354"}],"version-history":[{"count":1,"href":"https:\/\/www.leccecronaca.it\/index.php\/wp-json\/wp\/v2\/posts\/201354\/revisions"}],"predecessor-version":[{"id":201357,"href":"https:\/\/www.leccecronaca.it\/index.php\/wp-json\/wp\/v2\/posts\/201354\/revisions\/201357"}],"wp:featuredmedia":[{"embeddable":true,"href":"https:\/\/www.leccecronaca.it\/index.php\/wp-json\/wp\/v2\/media\/201355"}],"wp:attachment":[{"href":"https:\/\/www.leccecronaca.it\/index.php\/wp-json\/wp\/v2\/media?parent=201354"}],"wp:term":[{"taxonomy":"category","embeddable":true,"href":"https:\/\/www.leccecronaca.it\/index.php\/wp-json\/wp\/v2\/categories?post=201354"},{"taxonomy":"post_tag","embeddable":true,"href":"https:\/\/www.leccecronaca.it\/index.php\/wp-json\/wp\/v2\/tags?post=201354"}],"curies":[{"name":"wp","href":"https:\/\/api.w.org\/{rel}","templated":true}]}}