{"id":201699,"date":"2022-07-02T00:02:50","date_gmt":"2022-07-01T22:02:50","guid":{"rendered":"http:\/\/www.leccecronaca.it\/?p=201699"},"modified":"2022-07-01T18:32:10","modified_gmt":"2022-07-01T16:32:10","slug":"note-darte-darteweek-a-lecce-da-giovedi-7","status":"publish","type":"post","link":"https:\/\/www.leccecronaca.it\/index.php\/2022\/07\/02\/note-darte-darteweek-a-lecce-da-giovedi-7\/","title":{"rendered":"NOTE D&#8217;ARTE \/ DARTEWEEK A LECCE DA GIOVEDI&#8217; 7"},"content":{"rendered":"<p><img decoding=\"async\" loading=\"lazy\" class=\"alignnone wp-image-201703 size-large\" src=\"https:\/\/www.leccecronaca.it\/wordpress\/wp-content\/uploads\/2022\/07\/1.COMPOSIZIONE-CON-IMMAGINI-645X57-OLIO-SU-COMPENSATO-738x1024.jpg\" alt=\"\" width=\"738\" height=\"1024\" \/>di <strong>Raffaele Polo<\/strong>\u00a0______<\/p>\n<p>Inizia gioved\u00ec 7 luglio Darteweek, la Settimana dell\u2019Arte a Lecce, organizzata da Dartestudio, che si protrae al 14 luglio 2022 con un allestimento diffuso in citt\u00e0.<\/p>\n<p>Si tratta di rassegne e mostre di pittura, installazioni e scultura, allestite nel centro storico leccese: Palazzo Turrisi, Fondazione Palmieri, Must, ex Conservatorio Sant\u2019Anna. All\u2019interno della rassegna dall\u201911 al 20 luglio presso la Galleria Maccagnani si presenta \u201cMal\u00ece\u201d, mostra personale di pittura di Vittorio Tapparini.<\/p>\n<p>&nbsp;<\/p>\n<p>Nella\u00a0serata del 9 luglio dalle 18.30 a Palazzo Turrisi \u00e8 in programma la tavola rotonda di presentazione di Darteweek. Intervengono Valerio Terragno (storico dell\u2019arte), Giorgia Salicandro (giornalista), Cesare Vernaleone (giornalista), Claudio Casalini (gallerista) e Andrea Tapparini di Darte Studio, curatore della manifestazione che cos\u00ec sintetizza questa iniziativa: <em>\u201cDarteweek \u00e8 la prima edizione di un progetto internazionale che punta ad una continuit\u00e0 nel capoluogo salentino e ospita una selezione di oltre 60 artisti che provengono da realt\u00e0 diverse e lontane, citt\u00e0 italiane, europee ed extraeuropee. Con oltre 180 opere costruite con linguaggi e tecniche differenti, Darteweek intesse una rete d\u2019arte contemporanea che attraverser\u00e0 la citt\u00e0 in differenti \u2018contenitori\u2019. A latere delle mostre ci saranno anche eventi letterari e musicali<\/em>\u201d.<\/p>\n<p>&nbsp;<\/p>\n<p>Tutte le rassegne apriranno simultaneamente alle 19 del 7 luglio (e chiuderanno il 14 luglio 2022) e ospiteranno vari appuntamenti (ingresso gratuito; orari di apertura: mattina dalle 11 alle 13 e pomeriggio dalle 17 alle 21.30), mentre la personale alla Maccagnani aprir\u00e0 l\u201911 alle 18.30 e chiuder\u00e0 il 20 luglio 2022 (orari di apertura: dalle 10 alle 13 e dalle 18 alle 22).<\/p>\n<p>&nbsp;<\/p>\n<p>Ecco il programma completo della manifestazione:<\/p>\n<p>&nbsp;<\/p>\n<p>La rassegna FUTURA, allestita al Must, museo storico di Lecce in via degli Ammirati vedr\u00e0 l\u2019incontro con gli artisti l\u20198 luglio alle 18.30: ospita lo spazio pi\u00f9 contemporaneo e si presenta come la proposta di una zona franca dove \u00e8 la proiezione utopica a disegnare ci\u00f2 che ancora non esiste.<\/p>\n<p>&nbsp;<\/p>\n<p>La rassegna IMAGO, allestita a Palazzo Turrisi in via Marco Basseo vedr\u00e0 l\u2019incontro con gli artisti il 9 luglio alle 18.30 con una serata evento: \u00e8 dedicata all\u2019immagine del mondo come frutto della pi\u00f9 genuina visione di un artista. Lui infatti mette sulla tela la sua personalissima lettura della realt\u00e0. Dunque \u00e8 lo spazio dove la corresponsione tra reale e disegno, tra tratto e immagine vera delle cose \u00e8 limitato. Non ci sono regole n\u00e9 frontiere al volo della visione inconscia dell\u2019artista.<\/p>\n<p>&nbsp;<\/p>\n<p>La rassegna DEJAV\u00d9, allestita alla Fondazione Palmieri in vico dei Sotterranei vedr\u00e0 l\u2019incontro con gli artisti il 10 luglio alle 18.30: \u00e8 dedicata alla rappresentazione di visioni legate al ricordo, alla percezione di qualcosa che potrebbe essere gi\u00e0 avvenuto, o \u00e8 forse solo nella mente. \u00c8 la tela bianca a tirar fuori il sortilegio incantato di questa proiezione, l\u2019artista come uno sciamano rivela una materia interiore che arriva da chiss\u00e0 dove e chiss\u00e0 perch\u00e9. E si fa artefice di un sortilegio, demiurgo che d\u00e0 densit\u00e0 ariosa ad un\u2019allucinazione.<\/p>\n<p>&nbsp;<\/p>\n<p>La personale MAL\u00ccE di Vittorio Tapparini, allestita presso la Galleria Maccagnani in Corso Vittorio Emanuele II verr\u00e0 inaugurata l\u201911 luglio alle 18.30: propone le ultime collezioni pittoriche, surreali e incantate dalla natura dell\u2019artista leccese che appare in \u201cDarteweek\u201d come ospite trainante della manifestazione, come colui che introduce e accompagna, con le sue narrazioni pop mediterranee e contemporanee, la poliedrica carovana di artisti all\u2019incontro con il genius loci della citt\u00e0 di Lecce.<\/p>\n<p>&nbsp;<\/p>\n<p>La rassegna AURORA \u00e8 l\u2019allestimento ospitato nel palazzo dell\u2019ex\u00a0 Conservatorio di Sant\u2019Anna, in via Libertini e vedr\u00e0 l\u2019incontro con gli artisti il 12 luglio alle 18.30: riprende l\u2019idea di una resurrezione. Se la Parte 1, nello scorso dicembre 2021, era legata alla rinascita che seguiva alle peggiori stagioni della pandemia, qui nella Parte 2 si maneggia la materia impercettibile della nuova alba che ogni artista ritrova all\u2019esordio di una nuova creazione. Un rinascimento perenne \u00e8 la stagione vagheggiata dal creativo, e il regalo \u00e8 l\u2019aurora di ogni opera nuova.<\/p>\n<p>&nbsp;<\/p>\n<p>Gli artisti partecipanti alle rassegne:<\/p>\n<p>&nbsp;<\/p>\n<p>italiani e internazionali:<\/p>\n<p>Michele Affatato \u2013 Giulia Aversente \u2013 Alfonso Baja \u2013 Teresa Bellini \u2013 Valentina Boschetti \u2013 Sara Bresolin \u2013 Sonia Bukhgalter \u2013 Sara Cafarelli \u2013 Paolo Cant\u00f9 Gentili \u2013 Daniele Carta \u2013 Mirko Cinotti \u2013 Maria Lucia Cirac\u00ec \u2013 Franco Corsi \u2013 Salvatore Dangelo \u2013 Debora Di Murro \u2013 Paolo Di Marco\u2013 Lilith Divine \u2013 Francesca Donateo \u2013 Giulia Galbiati \u2013 Giuliano Gentile \u2013 Marika Grassano \u2013 Cinzia Inglese \u2013 Francesco Iunco \u2013 Eva Krajnovic \u2013 Daniele Laera \u2013 Leonardo Lanzolla \u2013 Francesco Leuce \u2013 Laura Lo Forte \u2013 Valentina Mistretta \u2013 Silvia Moscato \u2013 Matteo Nebuloni \u2013 Chiara Olivan \u2013 Marco Papini \u2013 Maria Teresa Pedicini \u2013 Carlo Alberto Perillo \u2013 Marco Pierini \u2013 Francesca Jennifer Puzzo \u2013 Ezio Ranaldi \u2013 Luca Ripamonti \u2013 Elizeth Rodriguez \u2013 Guido Sammarchi \u2013 Sonia Sciamanna \u2013 Massimiliano Sciuccati \u2013 Zyedi Shtraza \u2013 Stefania Turco \u2013 Giulia Viezzoli \u2013 Sergio Villa;<\/p>\n<p>&nbsp;<\/p>\n<p>pugliesi: Mariapaola Lillo &#8211; Francesca Malatesta &#8211; Andrea Pascale &#8211; Serena Manca &#8211; Antonio Massafra &#8211; Sophie Kaiser &#8211; Marco Saracino &#8211; Piermatteo Vantaggiato &#8211; Anna Gentile Dell&#8217;Anna &#8211; Blender Torozi &#8211; Samuel Mele &#8211; Yulia Solod &#8211; Paolo Arsenio &#8211; Omar Renna &#8211; Tommaso Fanuzzi<\/p>\n<p>&nbsp;<\/p>\n<p>EVENTI\u00a0 COLLATERALI\u00a0 DARTEWEEK:<\/p>\n<p>&nbsp;<\/p>\n<p>Gioved\u00ec 7 luglio alle 19, presso la Fondazione Palmieri, nell\u2019ambito della mostra \u201cDejav\u00f9\u201d, presentazione del libro \u201cL\u2019autunno della vita\u201d di Sabrina Del Giudice. Intervengono Carla Palmieri Presidente della Fondazione e Arturo Alessandri attore e scrittore. Incursioni musicali del maestro Gianluca Milanese.<\/p>\n<p>Venerd\u00ec 8 luglio dalle 19, presso Must nell\u2019ambito della rassegna Futura, performance artistica \u201cWorld After Plastic \u2013 step II: il respiro di un uomo libero\u201d di Massimiliano Manieri, artista e filosofo. Sonorizzazione by Alex Adilardi ed incursioni sonore di \u201cLa radio mancata\u201d by tosunian.it<\/p>\n<p>Sabato 9 luglio dalle 18.30, a Palazzo Turrisi nell\u2019ambito della mostra \u201cImago\u201d, performance artistica di Emmanuel Mazzilli \u201cNoi siamo arte\u201d; performance artistica \u201cUna romantica bestialit\u00e0\u201d di Massimiliano Manieri. Aperitivo e live set \u201cMufu electronic impro\u201d by Mufu.<\/p>\n<p>Domenica 10 luglio dalle 19.30 presso Fondazione Palmieri, nell\u2019ambito della mostra Dejav\u00f9, performance \u201cElectro poems-voci della poesia, poesia della voce\u201d, omaggio a Carmelo Bene by Simone Franco e Francesco Gauna Rizzo. Aperitivo e live set \u201cSoundscapes\u201d by Giorgio Alfarano.<\/p>\n<p>Luned\u00ec 11 luglio alle 19.30, presso Galleria Maccagnani nell\u2019ambito di \u201cMal\u00ece\u201d, personale di pittura di Vittorio Tapparini, talk \u201cCarmelo Bene\u201d a cura di Centro Studi Phon\u00e8 con gli interventi di Simone Giorgino, Simone Franco e Annalisa Presicce, con presentazione del libro \u201cDentro \u2018l mal de\u2019 fiori. Poema impossibile di Carmelo Bene\u201d a cura di Alessio Paiano.<\/p>\n<p>Marted\u00ec 12 luglio\u00a0 dalle 19, presso ex Conservatorio Sant\u2019Anna nell\u2019ambito della mostra \u201cAurora\u201d, performance artistica \u201cAmplexus nunquam\u201d di Massimiliano Manieri. Live acustic performance by Marco Rossetti<\/p>\n<p>&nbsp;<\/p>\n<p>per info e immagini o altro chiamare per Dartestudio &#8211; Andrea Tapparini 327 8667912<\/p>\n<p>&nbsp;<\/p>\n<fb:like href='https:\/\/www.leccecronaca.it\/index.php\/2022\/07\/02\/note-darte-darteweek-a-lecce-da-giovedi-7\/' send='true' layout='button_count' show_faces='true' width='450' height='65' action='recommend' colorscheme='light' font='lucida grande'><\/fb:like><span class=\"fb_share\"><fb:like href=\"https:\/\/www.leccecronaca.it\/index.php\/2022\/07\/02\/note-darte-darteweek-a-lecce-da-giovedi-7\/\" layout=\"button_count\"><\/fb:like><\/span>","protected":false},"excerpt":{"rendered":"<p>di Raffaele Polo\u00a0______ Inizia gioved\u00ec 7 luglio Darteweek, la Settimana dell\u2019Arte a Lecce, organizzata da Dartestudio, che si protrae al 14 luglio 2022 con un allestimento diffuso in citt\u00e0. Si tratta di rassegne e mostre di pittura, installazioni e scultura, allestite nel centro storico leccese: Palazzo Turrisi, Fondazione Palmieri, Must, ex Conservatorio Sant\u2019Anna. All\u2019interno della [&hellip;]<\/p>\n","protected":false},"author":4,"featured_media":201703,"comment_status":"open","ping_status":"closed","sticky":false,"template":"","format":"standard","meta":[],"categories":[31,75],"tags":[],"_links":{"self":[{"href":"https:\/\/www.leccecronaca.it\/index.php\/wp-json\/wp\/v2\/posts\/201699"}],"collection":[{"href":"https:\/\/www.leccecronaca.it\/index.php\/wp-json\/wp\/v2\/posts"}],"about":[{"href":"https:\/\/www.leccecronaca.it\/index.php\/wp-json\/wp\/v2\/types\/post"}],"author":[{"embeddable":true,"href":"https:\/\/www.leccecronaca.it\/index.php\/wp-json\/wp\/v2\/users\/4"}],"replies":[{"embeddable":true,"href":"https:\/\/www.leccecronaca.it\/index.php\/wp-json\/wp\/v2\/comments?post=201699"}],"version-history":[{"count":2,"href":"https:\/\/www.leccecronaca.it\/index.php\/wp-json\/wp\/v2\/posts\/201699\/revisions"}],"predecessor-version":[{"id":201704,"href":"https:\/\/www.leccecronaca.it\/index.php\/wp-json\/wp\/v2\/posts\/201699\/revisions\/201704"}],"wp:featuredmedia":[{"embeddable":true,"href":"https:\/\/www.leccecronaca.it\/index.php\/wp-json\/wp\/v2\/media\/201703"}],"wp:attachment":[{"href":"https:\/\/www.leccecronaca.it\/index.php\/wp-json\/wp\/v2\/media?parent=201699"}],"wp:term":[{"taxonomy":"category","embeddable":true,"href":"https:\/\/www.leccecronaca.it\/index.php\/wp-json\/wp\/v2\/categories?post=201699"},{"taxonomy":"post_tag","embeddable":true,"href":"https:\/\/www.leccecronaca.it\/index.php\/wp-json\/wp\/v2\/tags?post=201699"}],"curies":[{"name":"wp","href":"https:\/\/api.w.org\/{rel}","templated":true}]}}