{"id":201736,"date":"2022-07-02T16:21:39","date_gmt":"2022-07-02T14:21:39","guid":{"rendered":"http:\/\/www.leccecronaca.it\/?p=201736"},"modified":"2022-07-02T16:30:24","modified_gmt":"2022-07-02T14:30:24","slug":"sventata-maxi-rissa-nel-carcere-di-taranto","status":"publish","type":"post","link":"https:\/\/www.leccecronaca.it\/index.php\/2022\/07\/02\/sventata-maxi-rissa-nel-carcere-di-taranto\/","title":{"rendered":"SVENTATA MAXI RISSA NEL CARCERE DI TARANTO"},"content":{"rendered":"<p><img decoding=\"async\" loading=\"lazy\" class=\"alignnone size-full wp-image-201737\" src=\"https:\/\/www.leccecronaca.it\/wordpress\/wp-content\/uploads\/2022\/07\/CATTA.jpg\" alt=\"\" width=\"840\" height=\"480\" srcset=\"https:\/\/www.leccecronaca.it\/wordpress\/wp-content\/uploads\/2022\/07\/CATTA.jpg 840w, https:\/\/www.leccecronaca.it\/wordpress\/wp-content\/uploads\/2022\/07\/CATTA-300x171.jpg 300w, https:\/\/www.leccecronaca.it\/wordpress\/wp-content\/uploads\/2022\/07\/CATTA-768x439.jpg 768w\" sizes=\"(max-width: 840px) 100vw, 840px\" \/><\/p>\n<p>(e.l.) ______ La situazione nelle carceri italiane continua a rimanere esplosiva, in primis a causa del sovraffollamento, che allontana sempre di pi\u00f9 la realt\u00e0 effettiva delle cose dal principio di rispetto della dignit\u00e0 umana e della rieducazione e riabilitazione dei condannati, qualunque reato abbiano commesso.<\/p>\n<p>Poi, non \u00e8 giusto che ne vengano coinvolti gli agenti della Polizia Penitenziaria, che nelle carceri lavorano in situazioni di grande difficolt\u00e0, con continui sacrifici loro richiesti.<\/p>\n<p>Nel carcere di Taranto, in particolare, sono mesi che si susseguono episodi di violenza.<\/p>\n<p>L&#8217;ultimo ieri, quando gli agenti sono riusciti a prevenire e reprimere in extremis una pericolosissima rissa a colpi di spranghe e bastoni fra due clan criminali contrapposti, ed i carcerati da essi rispettivamente &#8216;controllati&#8217;.<\/p>\n<fb:like href='https:\/\/www.leccecronaca.it\/index.php\/2022\/07\/02\/sventata-maxi-rissa-nel-carcere-di-taranto\/' send='true' layout='button_count' show_faces='true' width='450' height='65' action='recommend' colorscheme='light' font='lucida grande'><\/fb:like><span class=\"fb_share\"><fb:like href=\"https:\/\/www.leccecronaca.it\/index.php\/2022\/07\/02\/sventata-maxi-rissa-nel-carcere-di-taranto\/\" layout=\"button_count\"><\/fb:like><\/span>","protected":false},"excerpt":{"rendered":"<p>(e.l.) ______ La situazione nelle carceri italiane continua a rimanere esplosiva, in primis a causa del sovraffollamento, che allontana sempre di pi\u00f9 la realt\u00e0 effettiva delle cose dal principio di rispetto della dignit\u00e0 umana e della rieducazione e riabilitazione dei condannati, qualunque reato abbiano commesso. Poi, non \u00e8 giusto che ne vengano coinvolti gli agenti [&hellip;]<\/p>\n","protected":false},"author":4,"featured_media":201737,"comment_status":"open","ping_status":"closed","sticky":false,"template":"","format":"standard","meta":[],"categories":[31],"tags":[],"_links":{"self":[{"href":"https:\/\/www.leccecronaca.it\/index.php\/wp-json\/wp\/v2\/posts\/201736"}],"collection":[{"href":"https:\/\/www.leccecronaca.it\/index.php\/wp-json\/wp\/v2\/posts"}],"about":[{"href":"https:\/\/www.leccecronaca.it\/index.php\/wp-json\/wp\/v2\/types\/post"}],"author":[{"embeddable":true,"href":"https:\/\/www.leccecronaca.it\/index.php\/wp-json\/wp\/v2\/users\/4"}],"replies":[{"embeddable":true,"href":"https:\/\/www.leccecronaca.it\/index.php\/wp-json\/wp\/v2\/comments?post=201736"}],"version-history":[{"count":2,"href":"https:\/\/www.leccecronaca.it\/index.php\/wp-json\/wp\/v2\/posts\/201736\/revisions"}],"predecessor-version":[{"id":201739,"href":"https:\/\/www.leccecronaca.it\/index.php\/wp-json\/wp\/v2\/posts\/201736\/revisions\/201739"}],"wp:featuredmedia":[{"embeddable":true,"href":"https:\/\/www.leccecronaca.it\/index.php\/wp-json\/wp\/v2\/media\/201737"}],"wp:attachment":[{"href":"https:\/\/www.leccecronaca.it\/index.php\/wp-json\/wp\/v2\/media?parent=201736"}],"wp:term":[{"taxonomy":"category","embeddable":true,"href":"https:\/\/www.leccecronaca.it\/index.php\/wp-json\/wp\/v2\/categories?post=201736"},{"taxonomy":"post_tag","embeddable":true,"href":"https:\/\/www.leccecronaca.it\/index.php\/wp-json\/wp\/v2\/tags?post=201736"}],"curies":[{"name":"wp","href":"https:\/\/api.w.org\/{rel}","templated":true}]}}