{"id":201831,"date":"2022-07-04T15:18:40","date_gmt":"2022-07-04T13:18:40","guid":{"rendered":"http:\/\/www.leccecronaca.it\/?p=201831"},"modified":"2022-07-04T18:30:24","modified_gmt":"2022-07-04T16:30:24","slug":"casa-lecce-dermaku-parla-da-folgaria","status":"publish","type":"post","link":"https:\/\/www.leccecronaca.it\/index.php\/2022\/07\/04\/casa-lecce-dermaku-parla-da-folgaria\/","title":{"rendered":"CASA LECCE \/ DERMAKU PARLA DA FOLGARIA"},"content":{"rendered":"<p>di <strong>Mattia Ala______<\/strong><\/p>\n<p><img decoding=\"async\" loading=\"lazy\" class=\"alignnone size-full wp-image-185881\" src=\"https:\/\/www.leccecronaca.it\/wordpress\/wp-content\/uploads\/2021\/07\/folgaria.jpg\" alt=\"\" width=\"1170\" height=\"657\" srcset=\"https:\/\/www.leccecronaca.it\/wordpress\/wp-content\/uploads\/2021\/07\/folgaria.jpg 1170w, https:\/\/www.leccecronaca.it\/wordpress\/wp-content\/uploads\/2021\/07\/folgaria-300x168.jpg 300w, https:\/\/www.leccecronaca.it\/wordpress\/wp-content\/uploads\/2021\/07\/folgaria-1024x575.jpg 1024w, https:\/\/www.leccecronaca.it\/wordpress\/wp-content\/uploads\/2021\/07\/folgaria-768x431.jpg 768w\" sizes=\"(max-width: 1170px) 100vw, 1170px\" \/>Il <strong>Lecce<\/strong>, ormai da tre giorni, lavora sodo agli ordini di mister <strong>Baroni\u00a0<\/strong> nel ritiro di\u00a0\u00a0<strong>Folgaria<\/strong>(nella foto).<\/p>\n<p>L&#8217;obiettivo dei giallorossi \u00e8 mettere benzina nelle gambe in vista dei primi impegni ufficiali della stagione.<\/p>\n<p>La squadra, poi , nella giornata di domani,\u00a0 \u00a0disputer\u00e0 un&#8217;amichevole, la prima di tre.<\/p>\n<p><img decoding=\"async\" loading=\"lazy\" class=\"alignnone size-full wp-image-201840\" src=\"https:\/\/www.leccecronaca.it\/wordpress\/wp-content\/uploads\/2022\/07\/dermaku.jpg\" alt=\"\" width=\"424\" height=\"1045\" srcset=\"https:\/\/www.leccecronaca.it\/wordpress\/wp-content\/uploads\/2022\/07\/dermaku.jpg 424w, https:\/\/www.leccecronaca.it\/wordpress\/wp-content\/uploads\/2022\/07\/dermaku-122x300.jpg 122w, https:\/\/www.leccecronaca.it\/wordpress\/wp-content\/uploads\/2022\/07\/dermaku-415x1024.jpg 415w\" sizes=\"(max-width: 424px) 100vw, 424px\" \/><\/p>\n<p>Intanto, direttamente dall&#8217;Alpe Cimbra, ha parlato ai canali ufficiali del club il centrale\u00a0 albanese\u00a0 <strong>Kastriot<\/strong> <strong>Dermaku<\/strong>(nella foto).<\/p>\n<p>Di seguito le sue parole: <em>&#8220;Dopo il raduno del 23 a Lecce, lavoriamo qui da qualche giorno. Stiamo faticando per mettere benzina nelle gambe. E&#8217; dura, ma il fresco aiuta. Con lo staff siamo sulla stessa idea di lavoro. Non mancano, inoltre, sedute tattiche per far comprendere ai nuovi arrivati il nostro modo di giocare. Per il prossimo campionato sar\u00e0 fondamentale l&#8217;aspetto fisico.<\/em><\/p>\n<p><em>Base? Ci sono nuovi elementi, probabilmente ne arriveranno altri ancora. In ogni caso c&#8217;\u00e8 la base dello scorso anno, e cerchiamo di far integrare i nuovi in poco tempo. Cerchiamo di far capire ai pi\u00f9 giovani e ai nuovi quello che vuole Baroni, \u00e8 importante. Per ora procede tutto bene.<\/em><\/p>\n<p><em>Obiettivi? Dar\u00f2 sempre il massimo e cercher\u00f2 di farmi trovare pronto.<\/em><\/p>\n<p><em>Serie A e Albania? Lasciando Parma, volevo ritrovare la A sul campo. Sapevo che qui avrei potuto farlo. Sar\u00e0 un campionato tosto, per questo stiamo facendo tanto lavoro atletico. Affronteremo subito una big, ma cambia poco perch\u00e9, prima o poi, le affronteremo tutte. Abbiamo la piccola fortuna di cominciare davanti ai nostri tifosi, che sono per noi importantissimi. Ho anche saputo che da poco sono stati superati i diecimila abbonati, sar\u00e0 fondamentale il loro sostegno. Quanto alla Nazionale, dico che \u00e8 sempre un orgoglio giocare per il proprio Paese. Spero di poter dire la mia anche con la maglia delle Aquile&#8221;.<\/em><\/p>\n<fb:like href='https:\/\/www.leccecronaca.it\/index.php\/2022\/07\/04\/casa-lecce-dermaku-parla-da-folgaria\/' send='true' layout='button_count' show_faces='true' width='450' height='65' action='recommend' colorscheme='light' font='lucida grande'><\/fb:like><span class=\"fb_share\"><fb:like href=\"https:\/\/www.leccecronaca.it\/index.php\/2022\/07\/04\/casa-lecce-dermaku-parla-da-folgaria\/\" layout=\"button_count\"><\/fb:like><\/span>","protected":false},"excerpt":{"rendered":"<p>di Mattia Ala______ Il Lecce, ormai da tre giorni, lavora sodo agli ordini di mister Baroni\u00a0 nel ritiro di\u00a0\u00a0Folgaria(nella foto). L&#8217;obiettivo dei giallorossi \u00e8 mettere benzina nelle gambe in vista dei primi impegni ufficiali della stagione. La squadra, poi , nella giornata di domani,\u00a0 \u00a0disputer\u00e0 un&#8217;amichevole, la prima di tre. Intanto, direttamente dall&#8217;Alpe Cimbra, ha [&hellip;]<\/p>\n","protected":false},"author":4,"featured_media":201840,"comment_status":"open","ping_status":"closed","sticky":false,"template":"","format":"standard","meta":[],"categories":[28],"tags":[],"_links":{"self":[{"href":"https:\/\/www.leccecronaca.it\/index.php\/wp-json\/wp\/v2\/posts\/201831"}],"collection":[{"href":"https:\/\/www.leccecronaca.it\/index.php\/wp-json\/wp\/v2\/posts"}],"about":[{"href":"https:\/\/www.leccecronaca.it\/index.php\/wp-json\/wp\/v2\/types\/post"}],"author":[{"embeddable":true,"href":"https:\/\/www.leccecronaca.it\/index.php\/wp-json\/wp\/v2\/users\/4"}],"replies":[{"embeddable":true,"href":"https:\/\/www.leccecronaca.it\/index.php\/wp-json\/wp\/v2\/comments?post=201831"}],"version-history":[{"count":1,"href":"https:\/\/www.leccecronaca.it\/index.php\/wp-json\/wp\/v2\/posts\/201831\/revisions"}],"predecessor-version":[{"id":201841,"href":"https:\/\/www.leccecronaca.it\/index.php\/wp-json\/wp\/v2\/posts\/201831\/revisions\/201841"}],"wp:featuredmedia":[{"embeddable":true,"href":"https:\/\/www.leccecronaca.it\/index.php\/wp-json\/wp\/v2\/media\/201840"}],"wp:attachment":[{"href":"https:\/\/www.leccecronaca.it\/index.php\/wp-json\/wp\/v2\/media?parent=201831"}],"wp:term":[{"taxonomy":"category","embeddable":true,"href":"https:\/\/www.leccecronaca.it\/index.php\/wp-json\/wp\/v2\/categories?post=201831"},{"taxonomy":"post_tag","embeddable":true,"href":"https:\/\/www.leccecronaca.it\/index.php\/wp-json\/wp\/v2\/tags?post=201831"}],"curies":[{"name":"wp","href":"https:\/\/api.w.org\/{rel}","templated":true}]}}