{"id":201868,"date":"2022-07-05T12:19:32","date_gmt":"2022-07-05T10:19:32","guid":{"rendered":"http:\/\/www.leccecronaca.it\/?p=201868"},"modified":"2022-07-05T18:39:12","modified_gmt":"2022-07-05T16:39:12","slug":"casa-lecce-sticchi-damiani-smentisce-linteresse-per-barba","status":"publish","type":"post","link":"https:\/\/www.leccecronaca.it\/index.php\/2022\/07\/05\/casa-lecce-sticchi-damiani-smentisce-linteresse-per-barba\/","title":{"rendered":"CASA LECCE \/ STICCHI DAMIANI SMENTISCE L&#8217;INTERESSE PER BARBA: &#8220;Che &#8216;Barba&#8217; le bugie di certi siti&#8230;&#8221;"},"content":{"rendered":"<p>di <strong>Mattia Ala ______<\/strong><\/p>\n<p>Nella serata di ieri, alcuni siti di calciomercato hanno diffuso la notizia secondo la quale, il difensore, attualmente in forza al <strong>Benevento<\/strong>, <strong>Federico Barba<\/strong>,\u00a0 non avrebbe accettato\u00a0 la proposta contrattuale del <strong>Lecce<\/strong>.<\/p>\n<p><img decoding=\"async\" loading=\"lazy\" class=\"alignnone size-full wp-image-195699\" src=\"https:\/\/www.leccecronaca.it\/wordpress\/wp-content\/uploads\/2022\/02\/sticchi-damiani-4.jpg\" alt=\"\" width=\"239\" height=\"378\" srcset=\"https:\/\/www.leccecronaca.it\/wordpress\/wp-content\/uploads\/2022\/02\/sticchi-damiani-4.jpg 239w, https:\/\/www.leccecronaca.it\/wordpress\/wp-content\/uploads\/2022\/02\/sticchi-damiani-4-190x300.jpg 190w\" sizes=\"(max-width: 239px) 100vw, 239px\" \/><\/p>\n<p>Il presidente giallorosso <strong>Saverio Sticchi Damiani<\/strong>(nella foto), venuto a conoscenza della questione\u00a0 , ha sentito la necessit\u00e0 di smentire la news con un\u00a0 post su Facebook.<\/p>\n<p>Di seguito le sue parole: <em>&#8220;Che &#8220;Barba&#8221; le bugie di certi di siti..&#8221;<\/em><\/p>\n<p>In seguito, il numero uno del club di via Colonnello Costadura rincara la dose rispondendo ad un tifoso, che lo invitava a non dare adito a queste illazioni:<em> &#8221;\u00a0I denigratori non mi preoccupano, sono pochissimi e ci convivo da quando sono presidente, da 5 anni quindi e nonostante le tre promozioni! Io difendo il Lecce da chi prova a dare info di mercato sbagliate, siti che si permettono di dire che giocatori (da noi mai cercati) rifiutano il Lecce. La realt\u00e0 invece \u00e8 esattamente opposta, tutti vogliono venire a Lecce e nessuno vuole andare via. Il tifoso che legge certe stupidaggini rimane disorientato, ecco perch\u00e9 ogni tanto, non dico sempre, sento la necessit\u00e0 di dire la verit\u00e0&#8221;.<\/em><\/p>\n<p>Infine, <strong>Sticchi Damiani<\/strong> risponde allo sfogo di una tifosa, la quale protestava per\u00a0 la pessima organizzazione nei primi giorni della campagna abbonamenti: <em>&#8220;Ha perfettamente ragione, i primi giorni sono stati disastrosi, ma la societ\u00e0 si \u00e8 scusata pubblicamente, oltre un mese fa. Io cerco di difendere il nostro Lecce da chi prova ad attaccarlo, come alcuni siti che inventano notizie su presunti giocatori che rifiutano il Lecce al solo fine di destabilizzare i pochi che ci credono. Dell&#8217;iniziale disorganizzazione per la vendita degli abbonamenti avevo poco da difendere. Bisognava solo scusarsi e la societ\u00e0 lo ha fatto pubblicamente circa un mese fa. Un caro saluto, spero che anche tu possa voltare pagina&#8221;.<\/em><\/p>\n<p>______<\/p>\n<p>LA RICERCA nel nostro\u00a0 articolo di ieri<\/p>\n<p>&nbsp;<\/p>\n<blockquote class=\"wp-embedded-content\" data-secret=\"s5LQLNr1Fl\"><p><a href=\"https:\/\/www.leccecronaca.it\/index.php\/2022\/07\/04\/arriva-il-giovane-attaccante-lorenzo-colombo\/\">ARRIVA IL GIOVANE ATTACCANTE LORENZO COLOMBO<\/a><\/p><\/blockquote>\n<p><iframe class=\"wp-embedded-content\" sandbox=\"allow-scripts\" security=\"restricted\" style=\"position: absolute; clip: rect(1px, 1px, 1px, 1px);\" src=\"https:\/\/www.leccecronaca.it\/index.php\/2022\/07\/04\/arriva-il-giovane-attaccante-lorenzo-colombo\/embed\/#?secret=s5LQLNr1Fl\" data-secret=\"s5LQLNr1Fl\" width=\"500\" height=\"282\" title=\"&#8220;ARRIVA IL GIOVANE ATTACCANTE LORENZO COLOMBO&#8221; &#8212; LecceCronaca.it\" frameborder=\"0\" marginwidth=\"0\" marginheight=\"0\" scrolling=\"no\"><\/iframe><\/p>\n<p>&nbsp;<\/p>\n<fb:like href='https:\/\/www.leccecronaca.it\/index.php\/2022\/07\/05\/casa-lecce-sticchi-damiani-smentisce-linteresse-per-barba\/' send='true' layout='button_count' show_faces='true' width='450' height='65' action='recommend' colorscheme='light' font='lucida grande'><\/fb:like><span class=\"fb_share\"><fb:like href=\"https:\/\/www.leccecronaca.it\/index.php\/2022\/07\/05\/casa-lecce-sticchi-damiani-smentisce-linteresse-per-barba\/\" layout=\"button_count\"><\/fb:like><\/span>","protected":false},"excerpt":{"rendered":"<p>di Mattia Ala ______ Nella serata di ieri, alcuni siti di calciomercato hanno diffuso la notizia secondo la quale, il difensore, attualmente in forza al Benevento, Federico Barba,\u00a0 non avrebbe accettato\u00a0 la proposta contrattuale del Lecce. Il presidente giallorosso Saverio Sticchi Damiani(nella foto), venuto a conoscenza della questione\u00a0 , ha sentito la necessit\u00e0 di smentire [&hellip;]<\/p>\n","protected":false},"author":4,"featured_media":188816,"comment_status":"open","ping_status":"closed","sticky":false,"template":"","format":"standard","meta":[],"categories":[28],"tags":[],"_links":{"self":[{"href":"https:\/\/www.leccecronaca.it\/index.php\/wp-json\/wp\/v2\/posts\/201868"}],"collection":[{"href":"https:\/\/www.leccecronaca.it\/index.php\/wp-json\/wp\/v2\/posts"}],"about":[{"href":"https:\/\/www.leccecronaca.it\/index.php\/wp-json\/wp\/v2\/types\/post"}],"author":[{"embeddable":true,"href":"https:\/\/www.leccecronaca.it\/index.php\/wp-json\/wp\/v2\/users\/4"}],"replies":[{"embeddable":true,"href":"https:\/\/www.leccecronaca.it\/index.php\/wp-json\/wp\/v2\/comments?post=201868"}],"version-history":[{"count":7,"href":"https:\/\/www.leccecronaca.it\/index.php\/wp-json\/wp\/v2\/posts\/201868\/revisions"}],"predecessor-version":[{"id":201915,"href":"https:\/\/www.leccecronaca.it\/index.php\/wp-json\/wp\/v2\/posts\/201868\/revisions\/201915"}],"wp:featuredmedia":[{"embeddable":true,"href":"https:\/\/www.leccecronaca.it\/index.php\/wp-json\/wp\/v2\/media\/188816"}],"wp:attachment":[{"href":"https:\/\/www.leccecronaca.it\/index.php\/wp-json\/wp\/v2\/media?parent=201868"}],"wp:term":[{"taxonomy":"category","embeddable":true,"href":"https:\/\/www.leccecronaca.it\/index.php\/wp-json\/wp\/v2\/categories?post=201868"},{"taxonomy":"post_tag","embeddable":true,"href":"https:\/\/www.leccecronaca.it\/index.php\/wp-json\/wp\/v2\/tags?post=201868"}],"curies":[{"name":"wp","href":"https:\/\/api.w.org\/{rel}","templated":true}]}}