{"id":201919,"date":"2022-07-05T20:40:04","date_gmt":"2022-07-05T18:40:04","guid":{"rendered":"http:\/\/www.leccecronaca.it\/?p=201919"},"modified":"2022-07-05T20:51:48","modified_gmt":"2022-07-05T18:51:48","slug":"cronaca-di-un-collasso-annunciato-il-pronto-soccorso-del-vito-fazzi-ancora-in-tilt-la-procura-apre-unindagine","status":"publish","type":"post","link":"https:\/\/www.leccecronaca.it\/index.php\/2022\/07\/05\/cronaca-di-un-collasso-annunciato-il-pronto-soccorso-del-vito-fazzi-ancora-in-tilt-la-procura-apre-unindagine\/","title":{"rendered":"CRONACA DI UN COLLASSO ANNUNCIATO. IL PRONTO SOCCORSO DEL VITO FAZZI VA ANCORA IN TILT, LA PROCURA DELLA REPUBBLICA DI LECCE APRE UN&#8217;INDAGINE"},"content":{"rendered":"<p><img decoding=\"async\" loading=\"lazy\" class=\"alignnone size-full wp-image-201922\" src=\"https:\/\/www.leccecronaca.it\/wordpress\/wp-content\/uploads\/2022\/07\/PRO.jpg\" alt=\"\" width=\"1440\" height=\"1080\" srcset=\"https:\/\/www.leccecronaca.it\/wordpress\/wp-content\/uploads\/2022\/07\/PRO.jpg 1440w, https:\/\/www.leccecronaca.it\/wordpress\/wp-content\/uploads\/2022\/07\/PRO-300x225.jpg 300w, https:\/\/www.leccecronaca.it\/wordpress\/wp-content\/uploads\/2022\/07\/PRO-1024x768.jpg 1024w, https:\/\/www.leccecronaca.it\/wordpress\/wp-content\/uploads\/2022\/07\/PRO-768x576.jpg 768w, https:\/\/www.leccecronaca.it\/wordpress\/wp-content\/uploads\/2022\/07\/PRO-400x300.jpg 400w\" sizes=\"(max-width: 1440px) 100vw, 1440px\" \/><strong>(g.p.)<\/strong> ______<\/p>\n<p><strong>LA FOTO.<\/strong>\u00a0Ripresa da un post privato su Facebook, \u00e8 la meno &#8216;violenta&#8217; possibile, crediamo che gli ospedali e gli ammalati non debbano essere oggetto di riprese, per rispetto dei luoghi e della sofferenza, per\u00f2 \u00e8 lo stesso indicativa. Si riferisce a questa notte.<\/p>\n<p>&nbsp;<\/p>\n<p><strong>COSA E&#8217; SUCCESSO. <\/strong>Decine di ricoveri per patologie da Covid che non si riesce, dopo due anni e mezzo di pandemia, a gestire altrimenti. Decine di ambulanze in lunga attesa, con i pazienti costretti ad aspettare fuori del Pronto Soccorso\u00a0 per ore e ore in barella sulle ambulanze.<\/p>\n<p>Ma positivi al Covid a parte, le carenze e le disfunzioni del Pronto Soccorso del Vito Fazzi, in affollamento e in emergenza continua, anche senza la &#8216;pressione&#8217;\u00a0 particolare di queste ore, durano ormai\u00a0 da mesi, se non da anni.<\/p>\n<p>In primis per la cronica carenza di personale medico, cui non si riesce a far fronte.<\/p>\n<p>Questo a fronte di un forte aumento delle persone risultate positive al Covid nelle ultime ore, fenomeno ampiamente prevedibile, casi che nella stragrande maggioranza si risolvono da\u00a0s\u00e9 in pochi giorni, ma che in qualche caso, specie per persone anziane e cos\u00ec dette &#8216;fragili&#8217; per altre patologie, necessitano di cure specifiche.<\/p>\n<p>Numerosi i pazienti che arrivano al Pronto Soccorso per tutt&#8217;altre patologie, e poi, scoperte positive al Covid solo dopo il tampone, sono avviate a procedure ospedaliere per questo pi\u00f9 complicate da gestire.<\/p>\n<p>&nbsp;<\/p>\n<p><strong>LA NOTIZIA<\/strong>. La Procura della Repubblica di Lecce questa mattina\u00a0 ha aperto un fascicolo di indagine, al momento senza indagati.<\/p>\n<p>&nbsp;<\/p>\n<p><strong>LE POLEMICHE<\/strong>. E&#8217; un tutti contro tutti. L&#8217;assessore regionale Rocco Palese, ovviamente sul banco degli imputati, con alle spalle il presidente Michele Emiliano. Palese contro il primario del Pronto Soccorso. E cos\u00ec via, in un lunghissimo elenco su cui preferiamo stendere quel pietoso velo.<\/p>\n<p>&nbsp;<\/p>\n<p><strong>IL COMMENTO<\/strong>.\u00a0 Fra tutti quelli giunti in redazione, abbiamo scelto &#8211; al di l\u00e0 dell&#8217;appartenenza partitica- quello che ci \u00e8 sembrato pi\u00f9 lucido e pregnante, arrivato in serata.. Ne \u00e8 autore il capogruppo della Lega al Consiglio Regionale della Puglia Davide Bellomo, eccolo:<\/p>\n<p><em>\u201cNel libro nero della sanit\u00e0 pugliese vengono scritte ogni giorno nuove pagine di vergogna. La notizia delle ambulanze bloccate per 8 ore al Vito Fazzi di Lecce prima di poter procedere al ricovero di pazienti positivi \u00e8 l\u2019ennesimo scandalo. <\/em><\/p>\n<p><em>Non solo perch\u00e9 l\u2019assenza di personale medico \u00e8 l\u2019emblema di uno sfascio senza precedenti, ma anche perch\u00e9 quando in un ospedale viene richiesto l\u2019intervento della polizia per vedere rispettato il proprio diritto alla salute vuol dire che il fondo \u00e8 stato non solo toccato, ma anche raschiato. Una situazione generata solo in parte dalla recrudescenza pandemica, ma soprattutto da problemi che erano ampiamente prevedibili e andavano affrontati dal governo regionale con adeguata programmazione. <\/em><\/p>\n<p><em>Apprendere che la Procura ha aperto un\u2019indagine conoscitiva su quanto sta accadendo proprio nell\u2019ospedale di Lecce significa ovviamente che si sta verificando l\u2019esistenza di eventuali reati da contestare. <\/em><\/p>\n<p><em>C\u2019\u00e8 per\u00f2 anche una responsabilit\u00e0 politica, che, in questa estate da dimenticare per la sanit\u00e0 pugliese, coinvolge anche le lunghissime liste di attesa per fare visite e accertamenti, finanche se si \u00e8 affetti da patologie oncologiche, e un 118 costretto a certificare, con un cartello di resa o nei fatti, la sconfitta e l\u2019umiliazione. <\/em><\/p>\n<p><em>In una situazione cos\u00ec incandescente, continuare a tenere in vita l\u2019intramoenia, con medici che esercitano la libera professione nelle strutture pubbliche, non solo \u00e8 inconcepibile, ma ha francamente il sapore della provocazione\u201d.<\/em>\u00a0 ______<\/p>\n<p>&nbsp;<\/p>\n<p><strong>L&#8217;APPROFONDIMENTO LA RICERCA LA RIFLESSIONE<\/strong>. Per i nostri lettori che ne abbiano voglia, qui di seguito una breve antologia dei nostri articoli degli ultimi mesi<\/p>\n<blockquote class=\"wp-embedded-content\" data-secret=\"nIl4dZrChv\"><p><a href=\"https:\/\/www.leccecronaca.it\/index.php\/2021\/12\/11\/pronto-soccorso-al-collasso-ecco-perche\/\">PRONTO SOCCORSO AL COLLASSO, ECCO PERCHE&#8217;<\/a><\/p><\/blockquote>\n<p><iframe class=\"wp-embedded-content\" sandbox=\"allow-scripts\" security=\"restricted\" style=\"position: absolute; clip: rect(1px, 1px, 1px, 1px);\" src=\"https:\/\/www.leccecronaca.it\/index.php\/2021\/12\/11\/pronto-soccorso-al-collasso-ecco-perche\/embed\/#?secret=nIl4dZrChv\" data-secret=\"nIl4dZrChv\" width=\"500\" height=\"282\" title=\"&#8220;PRONTO SOCCORSO AL COLLASSO, ECCO PERCHE&#8217;&#8221; &#8212; LecceCronaca.it\" frameborder=\"0\" marginwidth=\"0\" marginheight=\"0\" scrolling=\"no\"><\/iframe><\/p>\n<p>&nbsp;<\/p>\n<blockquote class=\"wp-embedded-content\" data-secret=\"4d22TbCgiX\"><p><a href=\"https:\/\/www.leccecronaca.it\/index.php\/2021\/12\/20\/la-cgil-denuncia-la-situazione-pericolosa-del-vito-fazzi\/\">LA CGIL DENUNCIA LA PERICOLOSA SITUAZIONE DEL PRONTO SOCCORSO DELL&#8217;OSPEDALE VITO FAZZI DI LECCE<\/a><\/p><\/blockquote>\n<p><iframe class=\"wp-embedded-content\" sandbox=\"allow-scripts\" security=\"restricted\" style=\"position: absolute; clip: rect(1px, 1px, 1px, 1px);\" src=\"https:\/\/www.leccecronaca.it\/index.php\/2021\/12\/20\/la-cgil-denuncia-la-situazione-pericolosa-del-vito-fazzi\/embed\/#?secret=4d22TbCgiX\" data-secret=\"4d22TbCgiX\" width=\"500\" height=\"282\" title=\"&#8220;LA CGIL DENUNCIA LA PERICOLOSA SITUAZIONE DEL PRONTO SOCCORSO DELL&#8217;OSPEDALE VITO FAZZI DI LECCE&#8221; &#8212; LecceCronaca.it\" frameborder=\"0\" marginwidth=\"0\" marginheight=\"0\" scrolling=\"no\"><\/iframe><\/p>\n<p>&nbsp;<\/p>\n<blockquote class=\"wp-embedded-content\" data-secret=\"DNCJBBJYlt\"><p><a href=\"https:\/\/www.leccecronaca.it\/index.php\/2022\/01\/30\/la-polemica-pronto-soccorso-nel-caos-reparti-al-collasso-il-fallimento-dellasl-leccese-la-dura-presa-di-posizione-del-consigliere-comunale-andrea-guido\/\">LA POLEMICA \/ \u201cPronto soccorso nel caos, reparti al collasso: il fallimento dell\u2019ASL leccese\u201d. LA DURA PRESA DI POSIZIONE DEL CONSIGLIERE COMUNALE ANDREA GUIDO<\/a><\/p><\/blockquote>\n<p><iframe class=\"wp-embedded-content\" sandbox=\"allow-scripts\" security=\"restricted\" style=\"position: absolute; clip: rect(1px, 1px, 1px, 1px);\" src=\"https:\/\/www.leccecronaca.it\/index.php\/2022\/01\/30\/la-polemica-pronto-soccorso-nel-caos-reparti-al-collasso-il-fallimento-dellasl-leccese-la-dura-presa-di-posizione-del-consigliere-comunale-andrea-guido\/embed\/#?secret=DNCJBBJYlt\" data-secret=\"DNCJBBJYlt\" width=\"500\" height=\"282\" title=\"&#8220;LA POLEMICA \/ \u201cPronto soccorso nel caos, reparti al collasso: il fallimento dell\u2019ASL leccese\u201d. LA DURA PRESA DI POSIZIONE DEL CONSIGLIERE COMUNALE ANDREA GUIDO&#8221; &#8212; LecceCronaca.it\" frameborder=\"0\" marginwidth=\"0\" marginheight=\"0\" scrolling=\"no\"><\/iframe><\/p>\n<p>&nbsp;<\/p>\n<blockquote class=\"wp-embedded-content\" data-secret=\"tWZMxBJCNU\"><p><a href=\"https:\/\/www.leccecronaca.it\/index.php\/2022\/02\/09\/un-reparto-che-non-rispetta-alcuno-standard-di-confort-assistenziale-in-termini-di-sicurezza-dei-pazienti-e-dei-lavoratori-che-vi-operano-ora-sul-pronto-soccorso-del-vito-fazzi-tu\/\">\u201cUn reparto che non rispetta alcuno standard assistenziale, in termini di sicurezza dei pazienti e dei lavoratori\u201d. ORA SUL PRONTO SOCCORSO DEL VITO FAZZI TUONA LA CGIL<\/a><\/p><\/blockquote>\n<p><iframe class=\"wp-embedded-content\" sandbox=\"allow-scripts\" security=\"restricted\" style=\"position: absolute; clip: rect(1px, 1px, 1px, 1px);\" src=\"https:\/\/www.leccecronaca.it\/index.php\/2022\/02\/09\/un-reparto-che-non-rispetta-alcuno-standard-di-confort-assistenziale-in-termini-di-sicurezza-dei-pazienti-e-dei-lavoratori-che-vi-operano-ora-sul-pronto-soccorso-del-vito-fazzi-tu\/embed\/#?secret=tWZMxBJCNU\" data-secret=\"tWZMxBJCNU\" width=\"500\" height=\"282\" title=\"&#8220;\u201cUn reparto che non rispetta alcuno standard assistenziale, in termini di sicurezza dei pazienti e dei lavoratori\u201d. ORA SUL PRONTO SOCCORSO DEL VITO FAZZI TUONA LA CGIL&#8221; &#8212; LecceCronaca.it\" frameborder=\"0\" marginwidth=\"0\" marginheight=\"0\" scrolling=\"no\"><\/iframe><\/p>\n<blockquote class=\"wp-embedded-content\" data-secret=\"E6KXNn25yM\"><p><a href=\"https:\/\/www.leccecronaca.it\/index.php\/2022\/02\/12\/la-polemica-i-consiglieri-regionali-paolo-pagliaro-e-pier-luigi-lopalco-oggi-in-sopralluogo-al-pronto-soccorso-del-vito-fazzi\/\">LA POLEMICA \/ I CONSIGLIERI REGIONALI PAOLO PAGLIARO E PIER LUIGI LOPALCO OGGI  IN SOPRALLUOGO BIPARTISAN AL PRONTO SOCCORSO DEL VITO FAZZI<\/a><\/p><\/blockquote>\n<p><iframe class=\"wp-embedded-content\" sandbox=\"allow-scripts\" security=\"restricted\" style=\"position: absolute; clip: rect(1px, 1px, 1px, 1px);\" src=\"https:\/\/www.leccecronaca.it\/index.php\/2022\/02\/12\/la-polemica-i-consiglieri-regionali-paolo-pagliaro-e-pier-luigi-lopalco-oggi-in-sopralluogo-al-pronto-soccorso-del-vito-fazzi\/embed\/#?secret=E6KXNn25yM\" data-secret=\"E6KXNn25yM\" width=\"500\" height=\"282\" title=\"&#8220;LA POLEMICA \/ I CONSIGLIERI REGIONALI PAOLO PAGLIARO E PIER LUIGI LOPALCO OGGI  IN SOPRALLUOGO BIPARTISAN AL PRONTO SOCCORSO DEL VITO FAZZI&#8221; &#8212; LecceCronaca.it\" frameborder=\"0\" marginwidth=\"0\" marginheight=\"0\" scrolling=\"no\"><\/iframe><\/p>\n<blockquote class=\"wp-embedded-content\" data-secret=\"fOz2FxsWtc\"><p><a href=\"https:\/\/www.leccecronaca.it\/index.php\/2022\/04\/27\/pablo-rodriguez-preso-in-giro-in-una-esperienza-spiacevole-ed-e-di-nuovo-bufera-sul-pronto-soccorso-del-vito-fazzi\/\">PABLO RODRIGUEZ &#8216;PRESO IN GIRO&#8217; POSTA SU INSTAGRAM<\/a><\/p><\/blockquote>\n<p><iframe class=\"wp-embedded-content\" sandbox=\"allow-scripts\" security=\"restricted\" style=\"position: absolute; clip: rect(1px, 1px, 1px, 1px);\" src=\"https:\/\/www.leccecronaca.it\/index.php\/2022\/04\/27\/pablo-rodriguez-preso-in-giro-in-una-esperienza-spiacevole-ed-e-di-nuovo-bufera-sul-pronto-soccorso-del-vito-fazzi\/embed\/#?secret=fOz2FxsWtc\" data-secret=\"fOz2FxsWtc\" width=\"500\" height=\"282\" title=\"&#8220;PABLO RODRIGUEZ &#8216;PRESO IN GIRO&#8217; POSTA SU INSTAGRAM&#8221; &#8212; LecceCronaca.it\" frameborder=\"0\" marginwidth=\"0\" marginheight=\"0\" scrolling=\"no\"><\/iframe><\/p>\n<blockquote class=\"wp-embedded-content\" data-secret=\"DeGTO4Mq1e\"><p><a href=\"https:\/\/www.leccecronaca.it\/index.php\/2022\/03\/30\/assessore-palese-se-ci-sei-batti-un-colpo\/\">ASSESSORE PALESE, SE CI SEI BATTI UN COLPO<\/a><\/p><\/blockquote>\n<p><iframe class=\"wp-embedded-content\" sandbox=\"allow-scripts\" security=\"restricted\" style=\"position: absolute; clip: rect(1px, 1px, 1px, 1px);\" src=\"https:\/\/www.leccecronaca.it\/index.php\/2022\/03\/30\/assessore-palese-se-ci-sei-batti-un-colpo\/embed\/#?secret=DeGTO4Mq1e\" data-secret=\"DeGTO4Mq1e\" width=\"500\" height=\"282\" title=\"&#8220;ASSESSORE PALESE, SE CI SEI BATTI UN COLPO&#8221; &#8212; LecceCronaca.it\" frameborder=\"0\" marginwidth=\"0\" marginheight=\"0\" scrolling=\"no\"><\/iframe><\/p>\n<blockquote class=\"wp-embedded-content\" data-secret=\"LQ0p7oJQcM\"><p><a href=\"https:\/\/www.leccecronaca.it\/index.php\/2022\/05\/31\/pagliaro-lo-incalza-pesantemente-di-liste-dattesa-si-muore-ma-palese-sempre-non-pervenuto\/\">PAGLIARO LO INCALZA PESANTEMENTE: \u201cDi liste d\u2019attesa si muore\u201d. MA PALESE SEMPRE NON PERVENUTO<\/a><\/p><\/blockquote>\n<p><iframe class=\"wp-embedded-content\" sandbox=\"allow-scripts\" security=\"restricted\" style=\"position: absolute; clip: rect(1px, 1px, 1px, 1px);\" src=\"https:\/\/www.leccecronaca.it\/index.php\/2022\/05\/31\/pagliaro-lo-incalza-pesantemente-di-liste-dattesa-si-muore-ma-palese-sempre-non-pervenuto\/embed\/#?secret=LQ0p7oJQcM\" data-secret=\"LQ0p7oJQcM\" width=\"500\" height=\"282\" title=\"&#8220;PAGLIARO LO INCALZA PESANTEMENTE: \u201cDi liste d\u2019attesa si muore\u201d. MA PALESE SEMPRE NON PERVENUTO&#8221; &#8212; LecceCronaca.it\" frameborder=\"0\" marginwidth=\"0\" marginheight=\"0\" scrolling=\"no\"><\/iframe><\/p>\n<fb:like href='https:\/\/www.leccecronaca.it\/index.php\/2022\/07\/05\/cronaca-di-un-collasso-annunciato-il-pronto-soccorso-del-vito-fazzi-ancora-in-tilt-la-procura-apre-unindagine\/' send='true' layout='button_count' show_faces='true' width='450' height='65' action='recommend' colorscheme='light' font='lucida grande'><\/fb:like><span class=\"fb_share\"><fb:like href=\"https:\/\/www.leccecronaca.it\/index.php\/2022\/07\/05\/cronaca-di-un-collasso-annunciato-il-pronto-soccorso-del-vito-fazzi-ancora-in-tilt-la-procura-apre-unindagine\/\" layout=\"button_count\"><\/fb:like><\/span>","protected":false},"excerpt":{"rendered":"<p>(g.p.) ______ LA FOTO.\u00a0Ripresa da un post privato su Facebook, \u00e8 la meno &#8216;violenta&#8217; possibile, crediamo che gli ospedali e gli ammalati non debbano essere oggetto di riprese, per rispetto dei luoghi e della sofferenza, per\u00f2 \u00e8 lo stesso indicativa. Si riferisce a questa notte. &nbsp; COSA E&#8217; SUCCESSO. Decine di ricoveri per patologie da [&hellip;]<\/p>\n","protected":false},"author":4,"featured_media":201922,"comment_status":"open","ping_status":"closed","sticky":false,"template":"","format":"standard","meta":[],"categories":[1,69,76],"tags":[],"_links":{"self":[{"href":"https:\/\/www.leccecronaca.it\/index.php\/wp-json\/wp\/v2\/posts\/201919"}],"collection":[{"href":"https:\/\/www.leccecronaca.it\/index.php\/wp-json\/wp\/v2\/posts"}],"about":[{"href":"https:\/\/www.leccecronaca.it\/index.php\/wp-json\/wp\/v2\/types\/post"}],"author":[{"embeddable":true,"href":"https:\/\/www.leccecronaca.it\/index.php\/wp-json\/wp\/v2\/users\/4"}],"replies":[{"embeddable":true,"href":"https:\/\/www.leccecronaca.it\/index.php\/wp-json\/wp\/v2\/comments?post=201919"}],"version-history":[{"count":7,"href":"https:\/\/www.leccecronaca.it\/index.php\/wp-json\/wp\/v2\/posts\/201919\/revisions"}],"predecessor-version":[{"id":201928,"href":"https:\/\/www.leccecronaca.it\/index.php\/wp-json\/wp\/v2\/posts\/201919\/revisions\/201928"}],"wp:featuredmedia":[{"embeddable":true,"href":"https:\/\/www.leccecronaca.it\/index.php\/wp-json\/wp\/v2\/media\/201922"}],"wp:attachment":[{"href":"https:\/\/www.leccecronaca.it\/index.php\/wp-json\/wp\/v2\/media?parent=201919"}],"wp:term":[{"taxonomy":"category","embeddable":true,"href":"https:\/\/www.leccecronaca.it\/index.php\/wp-json\/wp\/v2\/categories?post=201919"},{"taxonomy":"post_tag","embeddable":true,"href":"https:\/\/www.leccecronaca.it\/index.php\/wp-json\/wp\/v2\/tags?post=201919"}],"curies":[{"name":"wp","href":"https:\/\/api.w.org\/{rel}","templated":true}]}}