{"id":202106,"date":"2022-07-11T00:47:44","date_gmt":"2022-07-10T22:47:44","guid":{"rendered":"http:\/\/www.leccecronaca.it\/?p=202106"},"modified":"2022-07-11T10:50:07","modified_gmt":"2022-07-11T08:50:07","slug":"e-questo-il-campo-largo-di-emiliano","status":"publish","type":"post","link":"https:\/\/www.leccecronaca.it\/index.php\/2022\/07\/11\/e-questo-il-campo-largo-di-emiliano\/","title":{"rendered":"E&#8217; QUESTO IL CAMPO LARGO DI EMILIANO?"},"content":{"rendered":"<p><img decoding=\"async\" loading=\"lazy\" class=\"alignnone size-full wp-image-202107\" src=\"https:\/\/www.leccecronaca.it\/wordpress\/wp-content\/uploads\/2022\/07\/emiliano.jpg\" alt=\"\" width=\"1082\" height=\"609\" srcset=\"https:\/\/www.leccecronaca.it\/wordpress\/wp-content\/uploads\/2022\/07\/emiliano.jpg 1082w, https:\/\/www.leccecronaca.it\/wordpress\/wp-content\/uploads\/2022\/07\/emiliano-300x169.jpg 300w, https:\/\/www.leccecronaca.it\/wordpress\/wp-content\/uploads\/2022\/07\/emiliano-1024x576.jpg 1024w, https:\/\/www.leccecronaca.it\/wordpress\/wp-content\/uploads\/2022\/07\/emiliano-768x432.jpg 768w\" sizes=\"(max-width: 1082px) 100vw, 1082px\" \/><\/p>\n<p>di <strong>Francesco Corallo<\/strong> _______<\/p>\n<p>Ancora la magistratura, ancora una volta la magistratura che bussa alla porta del cosiddetto campo largo modello Emiliano.<\/p>\n<p>Dopo gli appalti truccati della Protezione Civile, dopo lo scandalo delle assunzioni in ARPAL, ora arriva anche la corruzione nei concorsi della sanit\u00e0. Un gancio in pieno volto che rende traballante quello che una volta era un granitico patto di governo.<\/p>\n<p>Forse ha ragione Raffaele Fitto quando in una intervista di qualche giorno fa affermava che se al posto di Emiliano ci fosse stato lui sicuramente la magistratura avrebbe avuto uno stile differente.<\/p>\n<p>Una bufera giudiziaria che ha colpito la Regione Puglia e che sembra aver svegliato dal torpore opposizione e alleati del Presidentissimo. Parla infatti di questione morale pugliese il Senatore dem Dario Stefano affermando che \u201cnon \u00e8 un mistero che diversi assessorati regionali siano intaccati da vicende opache\u201d, mentre Mauro D\u2019 Attis di Forza Italia dichiara \u201cmoltissimi uomini del presidente sono ad oggi o indagati o arrestati\u201d. Insomma quelli che ieri erano flebili sussurri dopo l&#8217;intervento della magistratura salentina hanno preso vigore e sono diventate voci sempre pi\u00f9 chiare. Finanche la Bellanova si ricorda di essere all\u2019 opposizione in Puglia e su Emiliano dice \u201cil suo silenzio uccide la politica\u201d.<\/p>\n<p>Ci\u00f2 che fa veramente impressione \u00e8 il quadro che viene fuori dalla cronaca politica-giudiziaria regionale. Un covo di simoniaci che vendono per denaro ( sesso e aragoste) le cose sacre (il lavoro, la salute pubblica) e la propria coscienza.<\/p>\n<p>Facile affermare che la politica \u00e8 brutta, sporca e cattiva ma anche la societ\u00e0 civile che insegue il politico di turno in cerca di favori, dovrebbe farsi qualche domanda.<br \/>\nC \u00e8 un problema culturale che investe il mondo della politica e della societ\u00e0 civile insieme. Un problema che va risolto insegnando alle nuove generazioni che la dignit\u00e0 non si deve mai mettere in vendita.<img decoding=\"async\" loading=\"lazy\" class=\"alignnone size-full wp-image-202107\" src=\"https:\/\/www.leccecronaca.it\/wordpress\/wp-content\/uploads\/2022\/07\/emiliano.jpg\" alt=\"\" width=\"1082\" height=\"609\" srcset=\"https:\/\/www.leccecronaca.it\/wordpress\/wp-content\/uploads\/2022\/07\/emiliano.jpg 1082w, https:\/\/www.leccecronaca.it\/wordpress\/wp-content\/uploads\/2022\/07\/emiliano-300x169.jpg 300w, https:\/\/www.leccecronaca.it\/wordpress\/wp-content\/uploads\/2022\/07\/emiliano-1024x576.jpg 1024w, https:\/\/www.leccecronaca.it\/wordpress\/wp-content\/uploads\/2022\/07\/emiliano-768x432.jpg 768w\" sizes=\"(max-width: 1082px) 100vw, 1082px\" \/><\/p>\n<fb:like href='https:\/\/www.leccecronaca.it\/index.php\/2022\/07\/11\/e-questo-il-campo-largo-di-emiliano\/' send='true' layout='button_count' show_faces='true' width='450' height='65' action='recommend' colorscheme='light' font='lucida grande'><\/fb:like><span class=\"fb_share\"><fb:like href=\"https:\/\/www.leccecronaca.it\/index.php\/2022\/07\/11\/e-questo-il-campo-largo-di-emiliano\/\" layout=\"button_count\"><\/fb:like><\/span>","protected":false},"excerpt":{"rendered":"<p>di Francesco Corallo _______ Ancora la magistratura, ancora una volta la magistratura che bussa alla porta del cosiddetto campo largo modello Emiliano. Dopo gli appalti truccati della Protezione Civile, dopo lo scandalo delle assunzioni in ARPAL, ora arriva anche la corruzione nei concorsi della sanit\u00e0. Un gancio in pieno volto che rende traballante quello che [&hellip;]<\/p>\n","protected":false},"author":4,"featured_media":0,"comment_status":"open","ping_status":"closed","sticky":false,"template":"","format":"standard","meta":[],"categories":[69,76],"tags":[],"_links":{"self":[{"href":"https:\/\/www.leccecronaca.it\/index.php\/wp-json\/wp\/v2\/posts\/202106"}],"collection":[{"href":"https:\/\/www.leccecronaca.it\/index.php\/wp-json\/wp\/v2\/posts"}],"about":[{"href":"https:\/\/www.leccecronaca.it\/index.php\/wp-json\/wp\/v2\/types\/post"}],"author":[{"embeddable":true,"href":"https:\/\/www.leccecronaca.it\/index.php\/wp-json\/wp\/v2\/users\/4"}],"replies":[{"embeddable":true,"href":"https:\/\/www.leccecronaca.it\/index.php\/wp-json\/wp\/v2\/comments?post=202106"}],"version-history":[{"count":3,"href":"https:\/\/www.leccecronaca.it\/index.php\/wp-json\/wp\/v2\/posts\/202106\/revisions"}],"predecessor-version":[{"id":202110,"href":"https:\/\/www.leccecronaca.it\/index.php\/wp-json\/wp\/v2\/posts\/202106\/revisions\/202110"}],"wp:attachment":[{"href":"https:\/\/www.leccecronaca.it\/index.php\/wp-json\/wp\/v2\/media?parent=202106"}],"wp:term":[{"taxonomy":"category","embeddable":true,"href":"https:\/\/www.leccecronaca.it\/index.php\/wp-json\/wp\/v2\/categories?post=202106"},{"taxonomy":"post_tag","embeddable":true,"href":"https:\/\/www.leccecronaca.it\/index.php\/wp-json\/wp\/v2\/tags?post=202106"}],"curies":[{"name":"wp","href":"https:\/\/api.w.org\/{rel}","templated":true}]}}