{"id":202144,"date":"2022-07-12T00:02:47","date_gmt":"2022-07-11T22:02:47","guid":{"rendered":"http:\/\/www.leccecronaca.it\/?p=202144"},"modified":"2022-07-11T19:54:10","modified_gmt":"2022-07-11T17:54:10","slug":"qui-se-mai-verrai-il-salento-dei-poeti","status":"publish","type":"post","link":"https:\/\/www.leccecronaca.it\/index.php\/2022\/07\/12\/qui-se-mai-verrai-il-salento-dei-poeti\/","title":{"rendered":"\u201cQui se mai verrai, il Salento dei poeti\u201d"},"content":{"rendered":"<p><img decoding=\"async\" loading=\"lazy\" class=\"alignnone size-full wp-image-202145\" src=\"https:\/\/www.leccecronaca.it\/wordpress\/wp-content\/uploads\/2022\/07\/Daria-Falco-e-Bruno-Galeone.jpg\" alt=\"\" width=\"2048\" height=\"1365\" srcset=\"https:\/\/www.leccecronaca.it\/wordpress\/wp-content\/uploads\/2022\/07\/Daria-Falco-e-Bruno-Galeone.jpg 2048w, https:\/\/www.leccecronaca.it\/wordpress\/wp-content\/uploads\/2022\/07\/Daria-Falco-e-Bruno-Galeone-300x200.jpg 300w, https:\/\/www.leccecronaca.it\/wordpress\/wp-content\/uploads\/2022\/07\/Daria-Falco-e-Bruno-Galeone-1024x683.jpg 1024w, https:\/\/www.leccecronaca.it\/wordpress\/wp-content\/uploads\/2022\/07\/Daria-Falco-e-Bruno-Galeone-768x512.jpg 768w, https:\/\/www.leccecronaca.it\/wordpress\/wp-content\/uploads\/2022\/07\/Daria-Falco-e-Bruno-Galeone-1536x1024.jpg 1536w\" sizes=\"(max-width: 2048px) 100vw, 2048px\" \/><\/p>\n<p>(Rdl) ______\u00a0Dieci recital dedicati alla poesia e alla terra salentina.<\/p>\n<p><em>\u201cAccade, a volte, che una poesia rassomigli straordinariamente ad una terra. Che nelle sue parole si senta l\u2019odore del basilico, si vedano colori di gerani, si accendono riflessi di orizzonte, rilucano increspature di mare. Accade che i segni di inchiostro diventino voci di uomini e donne, preghiere di vecchi e filastrocche di bambini, o che una frase stringa dentro un sibilo di vento, distese di grano e sapore di melagrane\u201d<\/em>.<\/p>\n<p>Antonio Errico<\/p>\n<p>&nbsp;<\/p>\n<p>&nbsp;<\/p>\n<p>Far conoscere e condividere la poesia \u00e8 il compito che l\u2019Associazione Culturale Fondo Verri si \u00e8 data con il suo operare, un impegno che si rinnova con \u201cQui se mai verrai, il Salento dei poeti. Dieci recital dedicati alla poesia e alla terra salentina\u201d omaggio alle voci di chi ha saputo interpretare l\u2019intima natura dei luoghi nella sua autenticit\u00e0, con le sue pietre, il mare, le strade di polvere, la particolarit\u00e0 della luce.<\/p>\n<p>&nbsp;<\/p>\n<p>Il Fondo Verri, presidio del libro di Lecce, propone \u2013 nell\u2019ambito delle iniziative promosse per l\u2019estate 2022, dall\u2019Amministrazione Comunale di Lecce \u2013 <strong>dieci serate di poesia e musica<\/strong> negli spazi del <strong>Conservatorio Sant\u2019Anna<\/strong>, tra <strong>luglio e ottobre 2022<\/strong>. Un viaggio nella poesia del Novecento a cura dei poeti e dei musicisti della nostra contemporaneit\u00e0.<\/p>\n<p>&nbsp;<\/p>\n<p><strong>Gioved\u00ec 14 luglio, alle ore 20.00<\/strong>, sotto la grande magnolia del Conservatorio Sant\u2019Anna, a Lecce, in via Santa Maria del Paradiso, la presentazione della rassegna \u201cQui se mai verrai, il Salento dei poeti. Dieci recital dedicati alla poesia e alla terra salentina\u201d alla presenza degli assessori Fabiana Cicirillo e Paolo Foresio. Nella serata gli interventi di Simone Giorgino e Mauro Marino, le letture di Gianni Minerva, Piero Rapan\u00e0, Simone Giorgino e Simone Franco, gli interventi musicali di Claudio Prima organetto, Redi Hasa violoncello, Daria Falco canti, Roberto Gagliardi sax.<\/p>\n<p>&nbsp;<\/p>\n<p>Gli autori a cui \u201cQui se mai verrai&#8230;\u201d restituisce la parola nei dieci incontri in cartellone sono: Vittorio Pagano per l\u2019organetto di Claudio Prima e la voce di Simone Giorgino; Vittore Fiore per il flauto di Gian Luca Milanese e la voce di Simone Franco; Salvatore Toma per il sax di Roberto Gagliardi e la voce di Renato Grilli; Vittorio Bodini per la fisarmonica di Bruno Galeone e la voce di Piero G. Rapan\u00e0; Rina Durante per l\u2019arpa di Giuliana De Donno e la voce di Angela De Gaetano; Ercole Ugo D\u2019Andrea per il sax di Emanuele Coluccia e la voce di Gianni Minerva; Claudia Ruggeri per il violino di Isabella Benone e la voce di Claudia Di Palma; Girolamo Comi per il pianoforte di Giovanni Iorio e la voce di Lorenzo Paladini.<\/p>\n<p><strong>\u00a0<\/strong><\/p>\n<p><em>Si pu\u00f2 viaggiare attraversando l\u2019immateriale? Incrociare la traiettoria di una voce, di un sussurro? Camminare in punta di piedi su tracce d\u2019inchiostro, osservare non visti il divenire di un rigo? Si pu\u00f2? S\u00ec, si pu\u00f2! La scrittura \u00e8 \u201ccattura del soffio\u201d, matrice che d\u00e0 corpo e sostanza all\u2019immaterialit\u00e0. C\u2019\u00e8 un pensiero, un\u2019idea e poi un movimento di mani, di corpo, di anima, di voce che mette le cose in vita.<\/em><\/p>\n<p><em>Oggi pi\u00f9 che mai, al di l\u00e0 di ogni idea superficialmente celebrativa, si sente il bisogno di ritornare sui loro versi e sui loro passi, di indugiare nei luoghi che sussurrarono alla poesia la traccia di una geografia ideale della Terra d&#8217;Otranto, della sua natura. I soffi del vento, il cicaleccio nell\u2019arsura estiva, le solitudini, i clamori della festa, le paure, le lontananze, i rifugi domestici. Materia per una lingua che nel Novecento si \u00e8 fortificata di esperienze che hanno valicato il soffoco della provincia e aperto orizzonti inimmaginabili a Lecce e al Salento oggi inscindibile dal suo portato culturale.<\/em> <em>Cos\u00ec appare agli occhi del viaggiatore il Salento: una terra fortemente poetica. Ognuno prova stupore se volge lo sguardo. Sente voci. Le molte voci che la poesia accoglie. <\/em><\/p>\n<p><em>\u00a0<\/em><\/p>\n<p>&nbsp;<\/p>\n<p><strong>Le date degli incontri<\/strong><\/p>\n<p><strong>\u00a0<\/strong><\/p>\n<p>Gioved\u00ec 21 luglio, Vittorio Pagano con Claudio Prima organetto, Simone Giorgino voce.<\/p>\n<p>Gioved\u00ec 28 luglio, Vittore Fiore con Gian Luca Milanese flauto e Simone Franco voce.<\/p>\n<p>&nbsp;<\/p>\n<p>Gioved\u00ec 4 agosto, Salvatore Toma con Roberto Gagliardi sax, Renato Grilli voce.<\/p>\n<p>Gioved\u00ec 11 agosto, Vittorio Bodini con Bruno Galeone fisarmonica, Piero G. Rapan\u00e0 voce.<\/p>\n<p>&nbsp;<\/p>\n<p>Gioved\u00ec 8 settembre, Rina Durante con Giuliana De Donno arpa, Angela De Gaetano voce.<\/p>\n<p>Gioved\u00ec 15 settembre, Ercole Ugo D\u2019Andrea con Emanuele Coluccia sax, Gianni Minerva voce.<\/p>\n<p>Gioved\u00ec 22 settembre, Claudia Ruggeri con Isabella Benone violino, Claudia Di Palma voce.<\/p>\n<p>Gioved\u00ec 29 settembre, Girolamo Comi con Giovanni Iorio pianoforte, Lorenzo Paladini voce.<\/p>\n<p>&nbsp;<\/p>\n<p>Sabato 8 ottobre il finale con \u201cFate solo quel che v\u2019incanta\u201d recital dedicato a Antonio L. Verri, in scena: Vincenzo Grasso clarinetti, Emanuele Coluccia pianoforte, Davide Chiarelli percussioni, Bruno Galeone fisarmonica, Daria Falco canti e le voci narranti di Simone Franco, Simone Giorgino e Piero Rapan\u00e0.<\/p>\n<p>&nbsp;<\/p>\n<p>*\u00a0 *\u00a0 *<\/p>\n<p>Organizzazione, curatela, consulenza letteraria: Mauro Marino, Piero G. Rapan\u00e0, Simone Giorgino<\/p>\n<p>Tutti gli appuntamenti avranno inizio alle ore 20.30. Ingresso gratuito.<br \/>\nPer info <a href=\"mailto:fondoverri@tiscali.it\">fondoverri@tiscali.it<\/a><br \/>\nPagina FB FondoVerri<br \/>\nMobile 327324698<\/p>\n<fb:like href='https:\/\/www.leccecronaca.it\/index.php\/2022\/07\/12\/qui-se-mai-verrai-il-salento-dei-poeti\/' send='true' layout='button_count' show_faces='true' width='450' height='65' action='recommend' colorscheme='light' font='lucida grande'><\/fb:like><span class=\"fb_share\"><fb:like href=\"https:\/\/www.leccecronaca.it\/index.php\/2022\/07\/12\/qui-se-mai-verrai-il-salento-dei-poeti\/\" layout=\"button_count\"><\/fb:like><\/span>","protected":false},"excerpt":{"rendered":"<p>(Rdl) ______\u00a0Dieci recital dedicati alla poesia e alla terra salentina. \u201cAccade, a volte, che una poesia rassomigli straordinariamente ad una terra. Che nelle sue parole si senta l\u2019odore del basilico, si vedano colori di gerani, si accendono riflessi di orizzonte, rilucano increspature di mare. Accade che i segni di inchiostro diventino voci di uomini e [&hellip;]<\/p>\n","protected":false},"author":4,"featured_media":202145,"comment_status":"open","ping_status":"closed","sticky":false,"template":"","format":"standard","meta":[],"categories":[31,75],"tags":[],"_links":{"self":[{"href":"https:\/\/www.leccecronaca.it\/index.php\/wp-json\/wp\/v2\/posts\/202144"}],"collection":[{"href":"https:\/\/www.leccecronaca.it\/index.php\/wp-json\/wp\/v2\/posts"}],"about":[{"href":"https:\/\/www.leccecronaca.it\/index.php\/wp-json\/wp\/v2\/types\/post"}],"author":[{"embeddable":true,"href":"https:\/\/www.leccecronaca.it\/index.php\/wp-json\/wp\/v2\/users\/4"}],"replies":[{"embeddable":true,"href":"https:\/\/www.leccecronaca.it\/index.php\/wp-json\/wp\/v2\/comments?post=202144"}],"version-history":[{"count":3,"href":"https:\/\/www.leccecronaca.it\/index.php\/wp-json\/wp\/v2\/posts\/202144\/revisions"}],"predecessor-version":[{"id":202173,"href":"https:\/\/www.leccecronaca.it\/index.php\/wp-json\/wp\/v2\/posts\/202144\/revisions\/202173"}],"wp:featuredmedia":[{"embeddable":true,"href":"https:\/\/www.leccecronaca.it\/index.php\/wp-json\/wp\/v2\/media\/202145"}],"wp:attachment":[{"href":"https:\/\/www.leccecronaca.it\/index.php\/wp-json\/wp\/v2\/media?parent=202144"}],"wp:term":[{"taxonomy":"category","embeddable":true,"href":"https:\/\/www.leccecronaca.it\/index.php\/wp-json\/wp\/v2\/categories?post=202144"},{"taxonomy":"post_tag","embeddable":true,"href":"https:\/\/www.leccecronaca.it\/index.php\/wp-json\/wp\/v2\/tags?post=202144"}],"curies":[{"name":"wp","href":"https:\/\/api.w.org\/{rel}","templated":true}]}}