{"id":202527,"date":"2022-07-17T16:12:31","date_gmt":"2022-07-17T14:12:31","guid":{"rendered":"http:\/\/www.leccecronaca.it\/?p=202527"},"modified":"2022-07-17T16:19:07","modified_gmt":"2022-07-17T14:19:07","slug":"i-poveri-sempre-piu-poveri-e-sempre-piu-numerosi-aumenta-tutto-a-dismisura-anche-i-beni-di-prima-necessita-dopo-un-anno-e-mezzo-di-governo-dei-migliori-per-tanti-italiani-e-diventato-d","status":"publish","type":"post","link":"https:\/\/www.leccecronaca.it\/index.php\/2022\/07\/17\/i-poveri-sempre-piu-poveri-e-sempre-piu-numerosi-aumenta-tutto-a-dismisura-anche-i-beni-di-prima-necessita-dopo-un-anno-e-mezzo-di-governo-dei-migliori-per-tanti-italiani-e-diventato-d\/","title":{"rendered":"I POVERI SEMPRE PIU&#8217; POVERI E SEMPRE PIU&#8217; NUMEROSI. AUMENTA TUTTO A DISMISURA, ANCHE I BENI DI PRIMA NECESSITA&#8217;. DOPO UN ANNO E MEZZO DI &#8216;GOVERNO DEI MIGLIORI&#8217;, PER TANTI ITALIANI DI GIORNO IN GIORNO E&#8217; DIVENTATO SEMPRE PIU&#8217; DIFFICILE SOPRAVVIVERE"},"content":{"rendered":"\n<p><img decoding=\"async\" loading=\"lazy\" width=\"1078\" height=\"724\" class=\"wp-image-202529\" style=\"width: 1200px;\" src=\"https:\/\/www.leccecronaca.it\/wordpress\/wp-content\/uploads\/2022\/07\/md.jpg\" alt=\"\" srcset=\"https:\/\/www.leccecronaca.it\/wordpress\/wp-content\/uploads\/2022\/07\/md.jpg 1078w, https:\/\/www.leccecronaca.it\/wordpress\/wp-content\/uploads\/2022\/07\/md-300x201.jpg 300w, https:\/\/www.leccecronaca.it\/wordpress\/wp-content\/uploads\/2022\/07\/md-1024x688.jpg 1024w, https:\/\/www.leccecronaca.it\/wordpress\/wp-content\/uploads\/2022\/07\/md-768x516.jpg 768w\" sizes=\"(max-width: 1078px) 100vw, 1078px\" \/>(Rdl)&nbsp;_____&nbsp;<\/p>\n\n\n\n<p>Dal balzo del +69% dei prezzi dell\u2019olio di semi al +28% di quelli del burro fino al +23% degli aumenti della pasta sono questi i prodotti alimentari che fanno segnare il maggior aumenti nel carrello della spesa. E\u2019 quanto emerge dallo studio della a Coldiretti sulla base delle rilevazioni Istat sull\u2019inflazione a giugno 2022, che ha raggiunto il record dal 1986 con i beni alimentari in aumento medio del 9% rispetto allo stesso mese dell\u2019anno precedente.<\/p>\n\n\n\n<p>A far segnare i maggiori rincari sono i prodotti di base dell\u2019alimentazione delle famiglie che subiscono gli effetti dell\u2019aumento dei costi energetici e di produzione alimentati dalla guerra in Ucraina abbinati al caldo record e alla siccit\u00e0 che \u2013 sottolinea la Coldiretti \u2013 colpiscono duramente le imprese e le tavole dei consumatori che sono costretti a tagliare gli acquisti soprattutto tra le famiglie pi\u00f9 deboli.<\/p>\n\n\n\n<p>In cima alla classifica dei rincari ci sono gli oli di semi, soprattutto quello di girasole \u2013 sottolinea Coldiretti \u2013 che risente del conflitto in Ucraina che \u00e8 uno dei principali produttori e ha dovuto interrompere le spedizioni causa della guerra, mentre al secondo posto c\u2019\u00e8 il burro e al terzo la pasta seguita dalla farina (+21%) proprio nel momento in cui nelle campagne si registrano speculazioni sul prezzo del grano con forti e ingiustificati cali dei compensi riconosciuti agli agricoltori.<\/p>\n\n\n\n<p>Al quinto e sesto posto entrano frutta e verdura con pomodori rincarati del 19% come le pesche (+19%), con la siccit\u00e0 che sta colpendo duramente le coltivazioni con forti cali dei raccolti. A seguire la margarina che aumenta del +17%) e le pere (+17%) ma rincari a doppia cifra \u2013 continua Coldiretti \u2013 si registrano pure per la carne di pollo (+15,1%) e il cui raccolto nazionale si prevede in drastico calo di circa 1\/3 per effetto della mancanza di acqua.<\/p>\n\n\n\n<p>Il nuovo balzo dei prezzi aggrava una situazione che, secondo una stima Coldiretti, coster\u00e0 nel 2022 alle famiglie italiane oltre 8,1 miliardi di euro soltanto per la spesa alimentare, a causa dell\u2019effetto dell\u2019inflazione scatenata dalla guerra in Ucraina, che colpisce soprattutto le categorie pi\u00f9 deboli.<\/p>\n\n\n\n<p>Se i prezzi per le famiglie corrono l\u2019aumento dei costi colpisce duramente l\u2019intera filiera agroalimentare a partire dalle campagne dove \u2013 continua la Coldiretti \u2013 pi\u00f9 di 1 azienda agricola su 10 (11%) \u00e8 in una situazione cos\u00ec critica da portare alla cessazione dell\u2019attivit\u00e0 ma ben circa 1\/3 del totale nazionale (30%) si trova comunque costretta in questo momento a lavorare in una condizione di reddito negativo per effetto dell\u2019aumento dei costi di produzione, secondo il Crea. In agricoltura si registrano infatti aumenti dei costi che vanno dal +170% dei concimi al +90% dei mangimi al +129% per il gasolio.<\/p>\n\n\n\n<p>\u201cOccorre lavorare da subito per accordi di filiera tra imprese agricole ed industriali con precisi obiettivi qualitativi e quantitativi e prezzi equi che non scendano mai sotto i costi di produzione come prevede la nuova legge di contrasto alle pratiche sleali e alle speculazioni\u201d afferma il presidente della Coldiretti Ettore Prandini nel sottolineare che \u201cnell\u2019immediato bisogna intervenire per contenere il caro energia ed i costi di produzione con interventi immediati per salvare aziende e stalle e strutturali per programmare il futuro\u201d<\/p>\n\n\n\n<p>LA TOP TEN DEGLI AUMENTI DEI PREZZI NEL CARRELLO<\/p>\n\n\n\n<p>Olio di semi (girasole, mais, ecc.)&nbsp;&nbsp;&nbsp;&nbsp;&nbsp;&nbsp;&nbsp;&nbsp;&nbsp;&nbsp; +69%<br>Burro&nbsp;&nbsp;&nbsp;&nbsp;&nbsp;&nbsp;&nbsp;&nbsp;&nbsp;&nbsp;&nbsp;&nbsp;&nbsp;&nbsp;&nbsp;&nbsp;&nbsp;&nbsp;&nbsp;&nbsp;&nbsp;&nbsp;&nbsp;&nbsp;&nbsp;&nbsp;&nbsp;&nbsp;&nbsp;&nbsp;&nbsp;&nbsp;&nbsp;&nbsp;&nbsp;&nbsp;&nbsp;&nbsp;&nbsp;&nbsp;&nbsp;&nbsp;&nbsp;&nbsp;&nbsp;&nbsp;&nbsp;&nbsp;&nbsp;&nbsp;&nbsp;&nbsp;&nbsp; +28%<br>Pasta&nbsp;&nbsp;&nbsp;&nbsp;&nbsp;&nbsp;&nbsp;&nbsp;&nbsp;&nbsp;&nbsp;&nbsp;&nbsp;&nbsp;&nbsp;&nbsp;&nbsp;&nbsp;&nbsp;&nbsp;&nbsp;&nbsp;&nbsp;&nbsp;&nbsp;&nbsp;&nbsp;&nbsp;&nbsp;&nbsp;&nbsp;&nbsp;&nbsp;&nbsp;&nbsp;&nbsp;&nbsp;&nbsp;&nbsp;&nbsp;&nbsp;&nbsp;&nbsp;&nbsp;&nbsp;&nbsp;&nbsp;&nbsp;&nbsp;&nbsp;&nbsp;&nbsp;&nbsp; +23%<br>Farina&nbsp;&nbsp;&nbsp;&nbsp;&nbsp;&nbsp;&nbsp;&nbsp;&nbsp;&nbsp;&nbsp;&nbsp;&nbsp;&nbsp;&nbsp;&nbsp;&nbsp;&nbsp;&nbsp;&nbsp;&nbsp;&nbsp;&nbsp;&nbsp;&nbsp;&nbsp;&nbsp;&nbsp;&nbsp;&nbsp;&nbsp;&nbsp;&nbsp;&nbsp;&nbsp;&nbsp;&nbsp;&nbsp;&nbsp;&nbsp;&nbsp;&nbsp;&nbsp;&nbsp;&nbsp;&nbsp;&nbsp;&nbsp;&nbsp;&nbsp;&nbsp;&nbsp; +21%<br>Pomodori&nbsp;&nbsp;&nbsp;&nbsp;&nbsp;&nbsp;&nbsp;&nbsp;&nbsp;&nbsp;&nbsp;&nbsp;&nbsp;&nbsp;&nbsp;&nbsp;&nbsp;&nbsp;&nbsp;&nbsp;&nbsp;&nbsp;&nbsp;&nbsp;&nbsp;&nbsp;&nbsp;&nbsp;&nbsp;&nbsp;&nbsp;&nbsp;&nbsp;&nbsp;&nbsp;&nbsp;&nbsp;&nbsp;&nbsp;&nbsp;&nbsp;&nbsp;&nbsp;&nbsp;&nbsp;&nbsp;&nbsp;&nbsp;&nbsp;&nbsp;&nbsp;&nbsp; +19%<br>Pesche&nbsp;&nbsp;&nbsp;&nbsp;&nbsp;&nbsp;&nbsp;&nbsp;&nbsp;&nbsp;&nbsp;&nbsp;&nbsp;&nbsp;&nbsp;&nbsp;&nbsp;&nbsp;&nbsp;&nbsp;&nbsp;&nbsp;&nbsp;&nbsp;&nbsp;&nbsp;&nbsp;&nbsp;&nbsp;&nbsp;&nbsp;&nbsp;&nbsp;&nbsp;&nbsp;&nbsp;&nbsp;&nbsp;&nbsp;&nbsp;&nbsp;&nbsp;&nbsp;&nbsp;&nbsp;&nbsp;&nbsp;&nbsp;&nbsp;&nbsp;&nbsp;&nbsp;&nbsp;&nbsp;&nbsp;&nbsp; +19%<br>Margarina&nbsp;&nbsp;&nbsp;&nbsp;&nbsp;&nbsp;&nbsp;&nbsp;&nbsp;&nbsp;&nbsp;&nbsp;&nbsp;&nbsp;&nbsp;&nbsp;&nbsp;&nbsp;&nbsp;&nbsp;&nbsp;&nbsp;&nbsp;&nbsp;&nbsp;&nbsp;&nbsp;&nbsp;&nbsp;&nbsp;&nbsp;&nbsp;&nbsp;&nbsp;&nbsp;&nbsp;&nbsp;&nbsp;&nbsp;&nbsp;&nbsp;&nbsp;&nbsp;&nbsp; +17%<br>Pere&nbsp;&nbsp;&nbsp;&nbsp;&nbsp;&nbsp;&nbsp;&nbsp;&nbsp;&nbsp;&nbsp;&nbsp;&nbsp;&nbsp;&nbsp;&nbsp;&nbsp;&nbsp;&nbsp;&nbsp;&nbsp;&nbsp;&nbsp;&nbsp;&nbsp;&nbsp;&nbsp;&nbsp;&nbsp;&nbsp;&nbsp;&nbsp;&nbsp;&nbsp;&nbsp;&nbsp;&nbsp;&nbsp;&nbsp;&nbsp;&nbsp;&nbsp;&nbsp;&nbsp;&nbsp;&nbsp;&nbsp;&nbsp;&nbsp;&nbsp;&nbsp;&nbsp;&nbsp;&nbsp;&nbsp;&nbsp;&nbsp;&nbsp;&nbsp;&nbsp;&nbsp; +17%<br>Carne di pollo&nbsp;&nbsp;&nbsp;&nbsp;&nbsp;&nbsp;&nbsp;&nbsp;&nbsp;&nbsp;&nbsp;&nbsp;&nbsp;&nbsp;&nbsp;&nbsp;&nbsp;&nbsp;&nbsp;&nbsp;&nbsp;&nbsp;&nbsp;&nbsp;&nbsp;&nbsp;&nbsp;&nbsp;&nbsp;&nbsp;&nbsp;&nbsp;&nbsp;&nbsp;&nbsp;&nbsp;&nbsp;&nbsp;&nbsp;&nbsp; +15%<br>Riso&nbsp;&nbsp;&nbsp;&nbsp;&nbsp;&nbsp;&nbsp;&nbsp;&nbsp;&nbsp;&nbsp;&nbsp;&nbsp;&nbsp;&nbsp;&nbsp;&nbsp;&nbsp;&nbsp;&nbsp;&nbsp;&nbsp;&nbsp;&nbsp;&nbsp;&nbsp;&nbsp;&nbsp;&nbsp;&nbsp;&nbsp;&nbsp;&nbsp;&nbsp;&nbsp;&nbsp;&nbsp;&nbsp;&nbsp;&nbsp;&nbsp;&nbsp;&nbsp;&nbsp;&nbsp;&nbsp;&nbsp;&nbsp;&nbsp;&nbsp;&nbsp;&nbsp;&nbsp; +14%<br>MEDIA PREZZI ALIMENTARI&nbsp;&nbsp;&nbsp;&nbsp;&nbsp;&nbsp;&nbsp;&nbsp;&nbsp;&nbsp;&nbsp;&nbsp;&nbsp;&nbsp;&nbsp;&nbsp;&nbsp;&nbsp;&nbsp;&nbsp;&nbsp;&nbsp;&nbsp;&nbsp;&nbsp;&nbsp;&nbsp; +9%<\/p>\n\n\n\n<p>Fonte: Elaborazioni Coldiretti su dati Istat a giugno 2022 rispetto allo stesso mese dell\u2019anno precedente &nbsp;_____&nbsp;<\/p>\n\n\n\n<p><\/p>\n\n\n\n<p>LA RICERCA nel nostro articolo del 3 luglio scorso<\/p>\n\n\n\n<p><blockquote class=\"wp-embedded-content\" data-secret=\"4MXFrBbyQ7\"><a href=\"https:\/\/www.leccecronaca.it\/index.php\/2022\/07\/03\/si-allargano-a-macchia-dolio-le-problematiche-legate-al-caro-bolletta-la-situazione-sta-diventando-insostenibile-allargano-a-macchia-dolio\/\">SI ALLARGANO I PROBLEMI PER IL CARO BOLLETTE, PER TANTI LA SITUAZIONE E&#8217; GIA&#8217; DIVENTATA INSOSTENIBILE<\/a><\/blockquote><iframe class=\"wp-embedded-content\" sandbox=\"allow-scripts\" security=\"restricted\" style=\"position: absolute; clip: rect(1px, 1px, 1px, 1px);\" title=\"&#8220;SI ALLARGANO I PROBLEMI PER IL CARO BOLLETTE, PER TANTI LA SITUAZIONE E&#8217; GIA&#8217; DIVENTATA INSOSTENIBILE&#8221; &#8212; LecceCronaca.it\" src=\"https:\/\/www.leccecronaca.it\/index.php\/2022\/07\/03\/si-allargano-a-macchia-dolio-le-problematiche-legate-al-caro-bolletta-la-situazione-sta-diventando-insostenibile-allargano-a-macchia-dolio\/embed\/#?secret=fNgrFliabq#?secret=4MXFrBbyQ7\" data-secret=\"4MXFrBbyQ7\" width=\"500\" height=\"282\" frameborder=\"0\" marginwidth=\"0\" marginheight=\"0\" scrolling=\"no\"><\/iframe><\/p>\n\n\n\n<p>&nbsp;<\/p>\n<fb:like href='https:\/\/www.leccecronaca.it\/index.php\/2022\/07\/17\/i-poveri-sempre-piu-poveri-e-sempre-piu-numerosi-aumenta-tutto-a-dismisura-anche-i-beni-di-prima-necessita-dopo-un-anno-e-mezzo-di-governo-dei-migliori-per-tanti-italiani-e-diventato-d\/' send='true' layout='button_count' show_faces='true' width='450' height='65' action='recommend' colorscheme='light' font='lucida grande'><\/fb:like><span class=\"fb_share\"><fb:like href=\"https:\/\/www.leccecronaca.it\/index.php\/2022\/07\/17\/i-poveri-sempre-piu-poveri-e-sempre-piu-numerosi-aumenta-tutto-a-dismisura-anche-i-beni-di-prima-necessita-dopo-un-anno-e-mezzo-di-governo-dei-migliori-per-tanti-italiani-e-diventato-d\/\" layout=\"button_count\"><\/fb:like><\/span>","protected":false},"excerpt":{"rendered":"<p>(Rdl)&nbsp;_____&nbsp; Dal balzo del +69% dei prezzi dell\u2019olio di semi al +28% di quelli del burro fino al +23% degli aumenti della pasta sono questi i prodotti alimentari che fanno segnare il maggior aumenti nel carrello della spesa. E\u2019 quanto emerge dallo studio della a Coldiretti sulla base delle rilevazioni Istat sull\u2019inflazione a giugno 2022, [&hellip;]<\/p>\n","protected":false},"author":4,"featured_media":202529,"comment_status":"open","ping_status":"closed","sticky":false,"template":"","format":"standard","meta":[],"categories":[1,69,76],"tags":[],"_links":{"self":[{"href":"https:\/\/www.leccecronaca.it\/index.php\/wp-json\/wp\/v2\/posts\/202527"}],"collection":[{"href":"https:\/\/www.leccecronaca.it\/index.php\/wp-json\/wp\/v2\/posts"}],"about":[{"href":"https:\/\/www.leccecronaca.it\/index.php\/wp-json\/wp\/v2\/types\/post"}],"author":[{"embeddable":true,"href":"https:\/\/www.leccecronaca.it\/index.php\/wp-json\/wp\/v2\/users\/4"}],"replies":[{"embeddable":true,"href":"https:\/\/www.leccecronaca.it\/index.php\/wp-json\/wp\/v2\/comments?post=202527"}],"version-history":[{"count":5,"href":"https:\/\/www.leccecronaca.it\/index.php\/wp-json\/wp\/v2\/posts\/202527\/revisions"}],"predecessor-version":[{"id":202534,"href":"https:\/\/www.leccecronaca.it\/index.php\/wp-json\/wp\/v2\/posts\/202527\/revisions\/202534"}],"wp:featuredmedia":[{"embeddable":true,"href":"https:\/\/www.leccecronaca.it\/index.php\/wp-json\/wp\/v2\/media\/202529"}],"wp:attachment":[{"href":"https:\/\/www.leccecronaca.it\/index.php\/wp-json\/wp\/v2\/media?parent=202527"}],"wp:term":[{"taxonomy":"category","embeddable":true,"href":"https:\/\/www.leccecronaca.it\/index.php\/wp-json\/wp\/v2\/categories?post=202527"},{"taxonomy":"post_tag","embeddable":true,"href":"https:\/\/www.leccecronaca.it\/index.php\/wp-json\/wp\/v2\/tags?post=202527"}],"curies":[{"name":"wp","href":"https:\/\/api.w.org\/{rel}","templated":true}]}}