{"id":202635,"date":"2022-07-19T20:18:26","date_gmt":"2022-07-19T18:18:26","guid":{"rendered":"http:\/\/www.leccecronaca.it\/?p=202635"},"modified":"2022-07-19T20:19:45","modified_gmt":"2022-07-19T18:19:45","slug":"salento-fuoco-e-fumo-lemergenza-incendi-verso-il-punto-di-non-ritorno-ecco-il-bollettino-di-guerra-delle-ultime-ore-e-il-racconto-fatto-a-leccecronaca-it-da-un-testimone-diretto-dllinferno-sco","status":"publish","type":"post","link":"https:\/\/www.leccecronaca.it\/index.php\/2022\/07\/19\/salento-fuoco-e-fumo-lemergenza-incendi-verso-il-punto-di-non-ritorno-ecco-il-bollettino-di-guerra-delle-ultime-ore-e-il-racconto-fatto-a-leccecronaca-it-da-un-testimone-diretto-dllinferno-sco\/","title":{"rendered":"SALENTO FUOCO E FUMO \/ L&#8217;EMERGENZA INCENDI VERSO IL PUNTO DI NON RITORNO. ECCO IL BOLLETTINO DI GUERRA DI  OGGI. E IL RACCONTO FATTO A leccecronaca.it DA UN TESTIMONE DIRETTO DELL&#8217;INFERNO SCOPPIATO A UGENTO"},"content":{"rendered":"\n<figure class=\"wp-block-image size-large\"><img decoding=\"async\" loading=\"lazy\" width=\"1024\" height=\"576\" src=\"https:\/\/www.leccecronaca.it\/wordpress\/wp-content\/uploads\/2022\/07\/incendiougento2-1024x576.jpg\" alt=\"\" class=\"wp-image-202638\" srcset=\"https:\/\/www.leccecronaca.it\/wordpress\/wp-content\/uploads\/2022\/07\/incendiougento2-1024x576.jpg 1024w, https:\/\/www.leccecronaca.it\/wordpress\/wp-content\/uploads\/2022\/07\/incendiougento2-300x169.jpg 300w, https:\/\/www.leccecronaca.it\/wordpress\/wp-content\/uploads\/2022\/07\/incendiougento2-768x432.jpg 768w, https:\/\/www.leccecronaca.it\/wordpress\/wp-content\/uploads\/2022\/07\/incendiougento2.jpg 1152w\" sizes=\"(max-width: 1024px) 100vw, 1024px\" \/><\/figure>\n\n\n\n<p>di <strong>Flora Fina<\/strong> \u00a0______\u00a0<\/p>\n\n\n\n<p>L\u2019escalation di incendi in Salento continua a ritmo serrato, come un lungo e doloroso leitmotiv senza fine e senza epilogo alcuno, fino a restituirci il classico e tremendo bollettino di guerra che tutti quanti ormai tristemente conosciamo.<\/p>\n\n\n\n<p><\/p>\n\n\n\n<p>Gi\u00e0 l\u2019altro ieri, il Salento e la Puglia tutta sono stati i protagonisti di un\u2019emergnza dai tratti drammatici e profondi: in contrada Terrisi, nelle vicinanze di <strong>Parabita<\/strong> infatti, le fiamme si sono scatenate, con violenza , fino a divorare letteralmente una decina di ettari, per giungere poi al confine territoriale di Collepasso. Altissima anche la colonna di fumo che si \u00e8 liberata e avvistata a notevole distanza.<\/p>\n\n\n\n<p><\/p>\n\n\n\n<p><\/p>\n\n\n\n<p>Il rogo, che ha interessato una vasta porzione di macchia mediterranea, avrebbe preso origine infatti in un terreno sul quale era abbandonato un veicolo: le operazioni, che sono durate per un pomeriggio intero, hanno portato all\u2019inevitabile evacuazione dell\u2019intera zona, mentre sul posto e giunti nell\u2019immediatezza, Vigili del Fuoco e Protezione Civile hanno provveduto allo spegnimento del violento incendio, che al momento lascia come i suoi predecessori, una scia di morte e distruzione ambientale.<\/p>\n\n\n\n<p><\/p>\n\n\n\n<p><\/p>\n\n\n\n<p>Ed ancora, sempre nella giornata di domenica, le fiamme hanno letteralmente avvolto un terreno a Lequile, per la precisione alle spalle del campo sportivo, distruggendo senza alcuna piet\u00e0 una moltitudine di ulivi: sul posto anche stavolta, Vigili del Fuoco e Protezione Civile hanno domato le alte fiamme propagatesi con violenza a causa dei venti caldi che soffiano da giorni e che lambiscono i nostri territori.<\/p>\n\n\n\n<p><\/p>\n\n\n\n<p><\/p>\n\n\n\n<p>Anche <strong>Maglie <\/strong>e <strong>Neviano<\/strong> non sono stati risparmiati: ulivi e grosse porzioni di macchia mediterranea sono stati fagocitati da un tornado di fuoco che ha raggiunto le vicine abitazioni mettendo in pericolo non solo l\u2019habitat circostante, ma anche gli abitanti del posto.<\/p>\n\n\n\n<p><\/p>\n\n\n\n<p><\/p>\n\n\n\n<p>Ad oggi per\u00f2 non siamo ancora esenti dal turbinio di tragedie ecosistemiche che si susseguono come pedine di un drammatico domino infuocato: proprio in queste ore, la terra e gli ulivi \u2013 purtroppo ormai secchi a causa della Xylella e abbandonati a s\u00e9 stessi \u2013 bruciano con tragico fervore nelle campagne di <strong>Presicce<\/strong>, dove proprio in questi attimi pi\u00f9 di cento alberi sono mutati a causa delle fiamme in vere e proprie torce che illuminano di inquietudine i nostri martoriati territori.<\/p>\n\n\n\n<p><\/p>\n\n\n\n<p><\/p>\n\n\n\n<p>Sul posto come sempre sono giunti i soccorsi di Vigli del Fuoco, Protezione Civile e Arif che con fatica cercano di arginare il prima possibile una marcia della morte gi\u00e0 annunciata e di cui purtroppo gi\u00e0 si conosce il triste, anzi tristissimo e prevedibile epilogo.<\/p>\n\n\n\n<p><\/p>\n\n\n\n<p><\/p>\n\n\n\n<p>Come se non bastasse, questo mosaico del terrore continua ad arricchirsi dei drammi di una terra che non ce la fa pi\u00f9, e che senza voce, silente e disperata urla di dolore: ad <strong>Ugento<\/strong>, nella nottata appena trascorsa, il tempo sembrava essersi fermato per dare spazio alla paura e al terrore di chi, con i propri occhi ha potuto assistere inerme allo strazio che nelle ore scorse ha lasciato tutti senza fiato.<\/p>\n\n\n\n<p><\/p>\n\n\n\n<p><\/p>\n\n\n\n<p>In piena campagna infatti, in una vastissima area in zona casale ( nella foto )\u00a0 &#8211; e per la precisione in una stradina che dal paese porta verso la badia \u2013 il lento ed inesorabile cammino infernale ha preso il suo via da poche sterpaglie a bordo strada per poi spostarsi e divorare &#8211; con la placida aggressivit\u00e0 che contraddistingue un\u00a0 fuoco appena innescato \u2013 decine e decine di alberi secchi, inermi di fronte alla vasta portata di violenza incendiaria scoppiata di l\u00ec a poco.<\/p>\n\n\n\n<p><\/p>\n\n\n\n<p><\/p>\n\n\n\n<p>Sono le 23.30 circa di un luned\u00ec qualsiasi, o quasi: le fiamme cominciano a sollevarsi, avanzano, prendono con avidit\u00e0 tutto ci\u00f2 che si trova sul loro cammino, e restituiscono paura, incertezza, terrore per la propria incolumit\u00e0:\u00a0 <em>\u201c Qualcosa di inimmaginabile. Sono giorni che si sente parlare di roghi, e credetemi, anche di passaggio ho assistito a qualcuno dei tanti, ma questo, questo \u00e8 stato spaventoso. La gente urlava in preda al panico, l\u2019aria era irrespirabile, credevamo di morire. Il tempo sembrava essersi fermato, e in quegli attimi credevo davvero che mai e poi mai ce l\u2019avrei fatta. Sui giornali si legge sempre di incendi \u00e8 vero, e talvolta capita anche di non farci sempre caso. Finch\u00e9 non capita a te, e l\u00ec capisci che la situazione non \u00e8 da sottovalutare. L\u00ec capisci che in piena notte un fuoco non scoppia da solo, \u00e8 stato qualcuno, di sicuro. \u201d <\/em>ci spiega un testimone terrorizzato, raggiunto telefonicamente poche ore fa da leccecronaca.it e che ancora, quasi in preda alle lacrime, stenta a credere al suo stesso racconto.<\/p>\n\n\n\n<p><\/p>\n\n\n\n<p><\/p>\n\n\n\n<p><em>\u201c Finch\u00e9 non capita a te \u201d <\/em>poche parole, brevi, concise, che tagliano l\u2019aria con violenza e restituiscono il significato e le sensazioni di quello che stiamo realmente vivendo: \u201c <em>Credevo non finisse pi\u00f9. Poi alla paura di non farcela si \u00e8 sommata la paura di non vedere arrivare nessuno. Pi\u00f9 di un\u2019ora c\u2019\u00e8 voluto, pi\u00f9 di un\u2019ora. E intanto sembrava di essere in un inferno. Ero l\u00ec per caso, potevo girare la macchina e andare via forse, ma intanto pensavo a quei poveri disgraziati che abitavano l\u00ec vicino e cos\u00ec ho aspettato.<\/em> \u201d<\/p>\n\n\n\n<p><\/p>\n\n\n\n<p><\/p>\n\n\n\n<p>Lo scoppiettio delle fiamme si accompagnava al ticchettio di un orologio infinito, in cui il tempo, per quanto ineffabile ed irreversibile possa essere, si dilatava invece al ritmo della paura e della tragedia che si parava davanti <em>\u201c Poi mi sono voltato per un attimo. Non l\u2019avessi mai fatto, le fiamme le avevo quasi ad un paio di metri, non sapevo cosa fare. Sarei potuto andarmene prima, ma come fai? La strada ad un certo punto si era bloccata ormai. Poi per fortuna, anche se tardi, i soccorsi sono arrivati, hanno impiegato un bel po&#8217;, tremavo dalla paura. Avevo paura che non ce la potessero fare. \u201d <\/em>spiega.<\/p>\n\n\n\n<p><\/p>\n\n\n\n<p>Un punto di non ritorno dunque, ci\u00f2 che ha vissuto quest\u2019uomo e con molta probabilit\u00e0 quello che stiamo vivendo anche noi: <em>\u201c ma come fai? \u201d <\/em>a lasciarti tutto alle spalle, a non accorgerti che il mondo brucia, ad essere spettatore disincantato di tutto questo, a non comprendere che forse, anzi, sicuramente, \u00e8 la stessa mano dell\u2019uomo a deturpare la propria casa.<\/p>\n\n\n\n<p><\/p>\n\n\n\n<p><\/p>\n\n\n\n<p>Non si tratta di semplici roghi, scoppiati per caso, scoppiati per il caldo, o per il vento che contribuisce ad alimentarli: il triste mietitore non \u00e8 da cercare tra languide fiamme che bruciano alberi d\u2019ulivo ormai divenuti torce, il triste mietitore del nostro ecosistema \u00e8 tra noi, ha le mani sporche di cenere e benzina, e &#8211; come un bambino accecato dalla noia che distrugge un formicaio qualsiasi \u2013 il piromane per eccellenza \u00e8 un sadico e contento spettatore di tutto ci\u00f2.\u00a0______<\/p>\n\n\n\n<p>LA RICERCA nel nostro ultimo articolo del 13 LUGLIO e L&#8217;APPROFONDIMENTO nel nostro articolo del 4 luglio scorso<\/p>\n\n\n\n<p><blockquote class=\"wp-embedded-content\" data-secret=\"Tdp948m9eB\"><a href=\"https:\/\/www.leccecronaca.it\/index.php\/2022\/07\/13\/salento-fuoco-e-fumo-roghi-da-leuca-a-otranto-da-gallipoli-a-porto-cesareo-vasti-incendi-anche-nel-tarantino\/\">SALENTO FUOCO E FUMO \/ ROGHI DA LEUCA A OTRANTO, DA GALLIPOLI A PORTO CESAREO. VASTI INCENDI ANCHE NEL TARANTINO. LA TRAGEDIA CONTINUA ANCORA<\/a><\/blockquote><iframe class=\"wp-embedded-content\" sandbox=\"allow-scripts\" security=\"restricted\" style=\"position: absolute; clip: rect(1px, 1px, 1px, 1px);\" title=\"&#8220;SALENTO FUOCO E FUMO \/ ROGHI DA LEUCA A OTRANTO, DA GALLIPOLI A PORTO CESAREO. VASTI INCENDI ANCHE NEL TARANTINO. LA TRAGEDIA CONTINUA ANCORA&#8221; &#8212; LecceCronaca.it\" src=\"https:\/\/www.leccecronaca.it\/index.php\/2022\/07\/13\/salento-fuoco-e-fumo-roghi-da-leuca-a-otranto-da-gallipoli-a-porto-cesareo-vasti-incendi-anche-nel-tarantino\/embed\/#?secret=ubUc6ihpe1#?secret=Tdp948m9eB\" data-secret=\"Tdp948m9eB\" width=\"500\" height=\"282\" frameborder=\"0\" marginwidth=\"0\" marginheight=\"0\" scrolling=\"no\"><\/iframe><\/p>\n\n\n\n<p><\/p>\n\n\n\n<p><blockquote class=\"wp-embedded-content\" data-secret=\"7V1fQdIKbg\"><a href=\"https:\/\/www.leccecronaca.it\/index.php\/2022\/07\/04\/linchiesta-salento-fuoco-e-fumo-con-laiuto-di-marco-greco-responsabile-della-struttura-operativa-regionale-della-protezione-civile-abbiamo-provato-a-fare-chiarezza-sulla-legislazione\/\">L&#8217;INCHIESTA \/ SALENTO FUOCO E FUMO<\/a><\/blockquote><iframe class=\"wp-embedded-content\" sandbox=\"allow-scripts\" security=\"restricted\" style=\"position: absolute; clip: rect(1px, 1px, 1px, 1px);\" title=\"&#8220;L&#8217;INCHIESTA \/ SALENTO FUOCO E FUMO&#8221; &#8212; LecceCronaca.it\" src=\"https:\/\/www.leccecronaca.it\/index.php\/2022\/07\/04\/linchiesta-salento-fuoco-e-fumo-con-laiuto-di-marco-greco-responsabile-della-struttura-operativa-regionale-della-protezione-civile-abbiamo-provato-a-fare-chiarezza-sulla-legislazione\/embed\/#?secret=G3Gg39RxOC#?secret=7V1fQdIKbg\" data-secret=\"7V1fQdIKbg\" width=\"500\" height=\"282\" frameborder=\"0\" marginwidth=\"0\" marginheight=\"0\" scrolling=\"no\"><\/iframe><\/p>\n<fb:like href='https:\/\/www.leccecronaca.it\/index.php\/2022\/07\/19\/salento-fuoco-e-fumo-lemergenza-incendi-verso-il-punto-di-non-ritorno-ecco-il-bollettino-di-guerra-delle-ultime-ore-e-il-racconto-fatto-a-leccecronaca-it-da-un-testimone-diretto-dllinferno-sco\/' send='true' layout='button_count' show_faces='true' width='450' height='65' action='recommend' colorscheme='light' font='lucida grande'><\/fb:like><span class=\"fb_share\"><fb:like href=\"https:\/\/www.leccecronaca.it\/index.php\/2022\/07\/19\/salento-fuoco-e-fumo-lemergenza-incendi-verso-il-punto-di-non-ritorno-ecco-il-bollettino-di-guerra-delle-ultime-ore-e-il-racconto-fatto-a-leccecronaca-it-da-un-testimone-diretto-dllinferno-sco\/\" layout=\"button_count\"><\/fb:like><\/span>","protected":false},"excerpt":{"rendered":"<p>di Flora Fina \u00a0______\u00a0 L\u2019escalation di incendi in Salento continua a ritmo serrato, come un lungo e doloroso leitmotiv senza fine e senza epilogo alcuno, fino a restituirci il classico e tremendo bollettino di guerra che tutti quanti ormai tristemente conosciamo. Gi\u00e0 l\u2019altro ieri, il Salento e la Puglia tutta sono stati i protagonisti di [&hellip;]<\/p>\n","protected":false},"author":4,"featured_media":202638,"comment_status":"open","ping_status":"closed","sticky":false,"template":"","format":"standard","meta":[],"categories":[69],"tags":[],"_links":{"self":[{"href":"https:\/\/www.leccecronaca.it\/index.php\/wp-json\/wp\/v2\/posts\/202635"}],"collection":[{"href":"https:\/\/www.leccecronaca.it\/index.php\/wp-json\/wp\/v2\/posts"}],"about":[{"href":"https:\/\/www.leccecronaca.it\/index.php\/wp-json\/wp\/v2\/types\/post"}],"author":[{"embeddable":true,"href":"https:\/\/www.leccecronaca.it\/index.php\/wp-json\/wp\/v2\/users\/4"}],"replies":[{"embeddable":true,"href":"https:\/\/www.leccecronaca.it\/index.php\/wp-json\/wp\/v2\/comments?post=202635"}],"version-history":[{"count":4,"href":"https:\/\/www.leccecronaca.it\/index.php\/wp-json\/wp\/v2\/posts\/202635\/revisions"}],"predecessor-version":[{"id":202647,"href":"https:\/\/www.leccecronaca.it\/index.php\/wp-json\/wp\/v2\/posts\/202635\/revisions\/202647"}],"wp:featuredmedia":[{"embeddable":true,"href":"https:\/\/www.leccecronaca.it\/index.php\/wp-json\/wp\/v2\/media\/202638"}],"wp:attachment":[{"href":"https:\/\/www.leccecronaca.it\/index.php\/wp-json\/wp\/v2\/media?parent=202635"}],"wp:term":[{"taxonomy":"category","embeddable":true,"href":"https:\/\/www.leccecronaca.it\/index.php\/wp-json\/wp\/v2\/categories?post=202635"},{"taxonomy":"post_tag","embeddable":true,"href":"https:\/\/www.leccecronaca.it\/index.php\/wp-json\/wp\/v2\/tags?post=202635"}],"curies":[{"name":"wp","href":"https:\/\/api.w.org\/{rel}","templated":true}]}}