{"id":202723,"date":"2022-07-26T14:02:00","date_gmt":"2022-07-26T12:02:00","guid":{"rendered":"http:\/\/www.leccecronaca.it\/?p=202723"},"modified":"2022-07-26T17:05:12","modified_gmt":"2022-07-26T15:05:12","slug":"lolio-della-poesia-a-maria-grazia-calandrone","status":"publish","type":"post","link":"https:\/\/www.leccecronaca.it\/index.php\/2022\/07\/26\/lolio-della-poesia-a-maria-grazia-calandrone\/","title":{"rendered":"\u201cL\u2019Olio della Poesia\u201d A MARIA GRAZIA CALANDRONE"},"content":{"rendered":"\n<p><img decoding=\"async\" loading=\"lazy\" width=\"1064\" height=\"1600\" class=\"wp-image-202724\" style=\"width: 450px;\" src=\"https:\/\/www.leccecronaca.it\/wordpress\/wp-content\/uploads\/2022\/07\/200877299_10224798659942138_9005908122730530596_n.jpg\" alt=\"\" srcset=\"https:\/\/www.leccecronaca.it\/wordpress\/wp-content\/uploads\/2022\/07\/200877299_10224798659942138_9005908122730530596_n.jpg 1064w, https:\/\/www.leccecronaca.it\/wordpress\/wp-content\/uploads\/2022\/07\/200877299_10224798659942138_9005908122730530596_n-200x300.jpg 200w, https:\/\/www.leccecronaca.it\/wordpress\/wp-content\/uploads\/2022\/07\/200877299_10224798659942138_9005908122730530596_n-681x1024.jpg 681w, https:\/\/www.leccecronaca.it\/wordpress\/wp-content\/uploads\/2022\/07\/200877299_10224798659942138_9005908122730530596_n-768x1155.jpg 768w, https:\/\/www.leccecronaca.it\/wordpress\/wp-content\/uploads\/2022\/07\/200877299_10224798659942138_9005908122730530596_n-1021x1536.jpg 1021w\" sizes=\"(max-width: 1064px) 100vw, 1064px\" \/><\/p>\n\n\n\n<p>Riceviamo e volentieri pubblichiamo. Mauro Marino ci manda il seguente comunicato ______&nbsp;<\/p>\n\n\n\n<p><strong>Amministrazione Comunale di Carpignano Salentino<br>L\u2019OLIO DELLA POESIA 2022 &#8211; XXVI edizione<br>Serrano di Carpignano Salentino<br>domenica 31 luglio 2022, ore 21.00<\/strong><\/p>\n\n\n\n<p><strong>Il premio <\/strong><\/p>\n\n\n\n<p>Divulgare poesia, difendere le lingue, la particolarit\u00e0 territoriale e l\u2019<em>intimo<\/em> suo sentire. Queste le prerogative dell\u2019edizione 2022 dell\u2019Olio della Poesia.<\/p>\n\n\n\n<p><em>Il Borgo di Serrano sta in alto, osservatorio naturale, balcone che mira ogni orizzonte pensabile. La distesa degli ulivi oggi \u00e8 ferita, forse torner\u00e0 a vibrare al vento quel verde-argento, forse no e allora, le vocazioni della terra daranno nuove possibilit\u00e0 al cambiamento, disperare non serve, meglio aver fiducia, sempre. La pace \u00e8 nella speranza, nel possibile ravvedimento, nella colpa che muove la virt\u00f9; la poesia \u00e8 la chiave, la poesia \u00e8 dappertutto se sai scorgerla, se sai diventare poeta e con lo sguardo, con le mani, con i pensieri carezzare l\u2019altro, le cose, le opportunit\u00e0. Se sai muovere, nella pratica, un\u2019altra concreta visione della vita. Esiste, non \u00e8 utopia! Tanti ci riescono, con la loro sensibilit\u00e0 sono capaci di \u201cfare dal nulla\u201d. C\u2019\u00e8 una parola antica a cui siamo legati \u00e8 POIESIS,<\/em><em> \u201c\u00e8 il sentire che diventa fare, il radicarsi che diventa movimento, l\u2019estetica che diventa etica\u201d, su questo l\u2019Olio della Poesia lavora, un cammino iniziato ventisei anni fa che ogni anno rinnova la sua portata e la riflessione sul senso della poesia, sul valore sempre presente e vivo dello sguardo sulle cose.<\/em><\/p>\n\n\n\n<p>***<\/p>\n\n\n\n<p>L\u2019edizione 2022 del Premio &#8211; diretto dal 1996 fino al 2021 dal poeta <strong>Peppino Conte<\/strong> &#8211; giunge alla sua ventiseiesima edizione e si apre a un nuovo cammino, a un pensiero corale che coinvolge, a cura del <strong>Polo Biblio Museale di Lecce<\/strong>, la rete delle <strong>Biblioteche della Grecia Salentina<\/strong> che divengono attivi \u201cLaboratori e Osservatori di Poesia\u201d, uno sguardo aperto alle tante possibili declinazioni della poesia.<\/p>\n\n\n\n<p>Per questa XXVI edizione de L\u2019Olio della Poesia si \u00e8 guardato al \u201cfare\u201d dell\u2019autore, alla sua qualit\u00e0 letteraria ma, anche, alla sua militanza, al suo impegno per e con la poesia.<\/p>\n\n\n\n<p>L\u2019Olio, divenuto bene raro e pregiato in questi anni di profonda crisi olearia, andr\u00e0 quest\u2019anno a <strong>Maria Grazia Calandrone<\/strong>, poetessa, scrittrice, giornalista, drammaturga, insegnante, autrice, regista e conduttrice Rai. Scrive di lei &#8211; nel quaderno che come consueto sar\u00e0 offerto al pubblico la sera del 31 luglio in Piazza Lubelli, a Serrano &#8211; <strong>Elisabetta Liguori<\/strong>: \u00abHo sempre sospettato che la poesia di Maria Grazia Calandrone fosse misericordiosa, ora, dopo anni che la leggo e l\u2019ascolto e la amo, ne ho piena certezza: a leggerla ci si sente perdonati e nutriti. Diversa da molte altre, la sua poesia \u00e8 capace di creare un Noi dove prima non c\u2019era, per questa ragione l\u2019ho sempre letta con una sete, una fame e un desiderio, che percepivo unici e miei, pur essendo di tutti. Le parole poetiche della Calandrone non sono solo parole, sono azioni: modificano ci\u00f2 che pronunciano. Abbracciano. Sono una carezza sulla testa\u00bb.<\/p>\n\n\n\n<p><strong>Il Premio Salento d\u2019Amare<\/strong><\/p>\n\n\n\n<p>La riflessione sulla \u201ccrisi olearia\u201d e sulla ferita che la nostra terra subisce ha ispirato l\u2019assegnazione del <strong>Premio Salento d\u2019Amare<\/strong> che andr\u00e0 alla <strong>Fondazione SYLVA<\/strong> gruppo di riflessione e di lavoro che si \u00e8 fatto attivo testimone del drammatico degrado ambientale subito dal Salento negli ultimi 10 anni, a cui ha contribuito l\u2019epidemia causata del batterio Xylella fastidiosa, che ha devastato migliaia di ettari di oliveto. \u00abAbbiamo osservato l\u2019effetto multidimensionale della crisi che da ambientale \u00e8 divenuta crisi socio-economica colpendo anche il mercato del lavoro. Amiamo il Salento e abbiamo deciso di contribuire attivamente alla rinascita ambientale di questo territorio\u00bb si legge in una nota che racconta le intenzioni e l\u2019agire della Fondazione presieduta da Luigi de Vecchi<\/p>\n\n\n\n<p><strong>Il Premio Millennium<\/strong><\/p>\n\n\n\n<p>Farsi promotori attivi di conoscenza e di cultura nella particolarit\u00e0 territoriale \u00e8 la prerogativa del <strong>Premio Millennium<\/strong>, promosso dal <strong>Comune di Cursi<\/strong>, che in questa edizione andr\u00e0 agli allievi dal <strong>Liceo coreutico, musicale, artistico audiovisivo e multimediale \u201cEnrico Giannelli\u201d di Parabita <\/strong>interpreti e \u201cartefici\u201d del film documentario \u201cTerra di Mezzo\u201d condotto nella sua realizzazione da <strong>Edoardo Winspeare<\/strong> e prodotto dall\u2019Istituto con a capo il Dirigente Scolastico <strong>Cosimo Preite<\/strong>. La parola dei poeti racconta e svela l\u2019essenza del Salento, un vero e proprio esempio di consegna, alle nuove generazioni, della complessit\u00e0 storico-poetica del Salento, \u201cTerra di Mezzo\u201d, incrocio e luogo di incontro, nella sua storia millenaria, di diverse culture e diversi popoli. Il film si rivela un\u2019esperienza capace di far rivivere allo spettatore attraverso i racconti e le testimonianze della sua gente le emozioni e gli incanti che caratterizzano l\u2019unicit\u00e0 del Salento.<\/p>\n\n\n\n<p><strong>Alcune note sulla serata<\/strong><\/p>\n\n\n\n<p>L\u2019appuntamento di domenica 31 luglio sar\u00e0 condotto dalla giornalista <strong>Stefania Della Tomasa<\/strong>. Dialogheranno con Maria Grazia Calandrone, <strong>Simona Cleopazzo<\/strong> e <strong>Simone Giorgino<\/strong>. Voci della serata <strong>Cristina Carl\u00e0<\/strong>, <strong>Enzo Marenaci<\/strong> e <strong>Piero Rapan\u00e0<\/strong>. per un omaggio dedicato alla memoria del poeta <strong>Roberto Vantaggiato<\/strong>.<\/p>\n\n\n\n<p>Agli <strong>ALLA BUA<\/strong> sono affidati gli interventi musicali della serata.<\/p>\n\n\n\n<p>La cura \u00e8 di <strong>Mauro Marino.<\/strong><\/p>\n\n\n\n<p>Hanno collaborato con l\u2019Amministrazione Comunale di Carpignano Salentino alla realizzazione della XXVI edizione dell\u2019Olio della Poesia: il Polo Biblio Museale di Lecce; Mali Gheton\u00eca &#8211; Rete delle Biblioteche della Grec\u00eca Salentina; la Presidenza del Consiglio Regionale della Puglia; la Provincia di Lecce; la Grec\u00eca Salentina; il Comune di Cursi; la Pro Loco di Serrano; la Cooperativa San Giorgio; Frisulli Arredamenti; Tenuta Furni Russi, ClioCom.<\/p>\n\n\n\n<p>***<\/p>\n\n\n\n<p><strong>Maria Grazia Calandrone<\/strong> ha realizzato per \u00abCorriere TV\u00bb dei videoreportage sull\u2019accoglienza ai migranti \u201cI volontari\u201d e \u201cViaggio in una guerra non finita\u201d, su Sarajevo. Tiene laboratori di poesia in scuole pubbliche, carceri, DSM. Premi: Dess\u00ec, Europa, Lerici Pea, Metauro, Montale, Napoli, Pasolini, Trivio per la poesia, Bo-Descalzo per la critica letteraria.<\/p>\n\n\n\n<p>Ultimi libri <em>Serie fossile<\/em> (Crocetti 2015, Feltrinelli 2020), <em>Gli Scomparsi \u2013 storie da \u00abChi l\u2019ha visto?\u00bb<\/em> (Pordenonelegge 2016), <em>Il bene morale<\/em> (Crocetti 2017), <em>Giardino della gioia<\/em> (Mondadori 2019), <em>Fossils<\/em> (SurVision, Ireland 2018), <em>S\u00e8rie F\u00f2ssil<\/em> (Edicions A\u00efllades, Ibiza 2019), l\u2019antologia araba <em>Questo corpo, questa luce <\/em>(Almutawassit Books, Beirut 2020), il romanzo <em>Splendi come vita<\/em> (Ponte alle Grazie 2021, semifinalista Premio Strega), <em>Versi di libert\u00e0 \u2013 Trenta poetesse da tutto il mondo <\/em>(Oscar Bestsellers Mondadori 2022), <a><em>Brilha como vida<\/em> e <em>A vida inteira<\/em> (Relic\u00e1rio Edi\u00e7\u00f5es e Editora Urutau, S\u00e3o Paulo, Brasil 2022). <\/a>Porta in scena il videoconcerto <em>Corpo reale<\/em>. Ha curato la rubrica di inediti \u00abCantiere Poesia\u00bb per \u00abPoesia\u00bb (Crocetti). Sue sillogi compaiono in antologie e riviste di numerosi paesi.<\/p>\n<fb:like href='https:\/\/www.leccecronaca.it\/index.php\/2022\/07\/26\/lolio-della-poesia-a-maria-grazia-calandrone\/' send='true' layout='button_count' show_faces='true' width='450' height='65' action='recommend' colorscheme='light' font='lucida grande'><\/fb:like><span class=\"fb_share\"><fb:like href=\"https:\/\/www.leccecronaca.it\/index.php\/2022\/07\/26\/lolio-della-poesia-a-maria-grazia-calandrone\/\" layout=\"button_count\"><\/fb:like><\/span>","protected":false},"excerpt":{"rendered":"<p>Riceviamo e volentieri pubblichiamo. Mauro Marino ci manda il seguente comunicato ______&nbsp; Amministrazione Comunale di Carpignano SalentinoL\u2019OLIO DELLA POESIA 2022 &#8211; XXVI edizioneSerrano di Carpignano Salentinodomenica 31 luglio 2022, ore 21.00 Il premio Divulgare poesia, difendere le lingue, la particolarit\u00e0 territoriale e l\u2019intimo suo sentire. Queste le prerogative dell\u2019edizione 2022 dell\u2019Olio della Poesia. Il Borgo [&hellip;]<\/p>\n","protected":false},"author":4,"featured_media":202724,"comment_status":"open","ping_status":"closed","sticky":false,"template":"","format":"standard","meta":[],"categories":[31,36],"tags":[],"_links":{"self":[{"href":"https:\/\/www.leccecronaca.it\/index.php\/wp-json\/wp\/v2\/posts\/202723"}],"collection":[{"href":"https:\/\/www.leccecronaca.it\/index.php\/wp-json\/wp\/v2\/posts"}],"about":[{"href":"https:\/\/www.leccecronaca.it\/index.php\/wp-json\/wp\/v2\/types\/post"}],"author":[{"embeddable":true,"href":"https:\/\/www.leccecronaca.it\/index.php\/wp-json\/wp\/v2\/users\/4"}],"replies":[{"embeddable":true,"href":"https:\/\/www.leccecronaca.it\/index.php\/wp-json\/wp\/v2\/comments?post=202723"}],"version-history":[{"count":2,"href":"https:\/\/www.leccecronaca.it\/index.php\/wp-json\/wp\/v2\/posts\/202723\/revisions"}],"predecessor-version":[{"id":202726,"href":"https:\/\/www.leccecronaca.it\/index.php\/wp-json\/wp\/v2\/posts\/202723\/revisions\/202726"}],"wp:featuredmedia":[{"embeddable":true,"href":"https:\/\/www.leccecronaca.it\/index.php\/wp-json\/wp\/v2\/media\/202724"}],"wp:attachment":[{"href":"https:\/\/www.leccecronaca.it\/index.php\/wp-json\/wp\/v2\/media?parent=202723"}],"wp:term":[{"taxonomy":"category","embeddable":true,"href":"https:\/\/www.leccecronaca.it\/index.php\/wp-json\/wp\/v2\/categories?post=202723"},{"taxonomy":"post_tag","embeddable":true,"href":"https:\/\/www.leccecronaca.it\/index.php\/wp-json\/wp\/v2\/tags?post=202723"}],"curies":[{"name":"wp","href":"https:\/\/api.w.org\/{rel}","templated":true}]}}