{"id":202727,"date":"2022-07-21T15:39:53","date_gmt":"2022-07-21T13:39:53","guid":{"rendered":"http:\/\/www.leccecronaca.it\/?p=202727"},"modified":"2022-07-21T15:39:56","modified_gmt":"2022-07-21T13:39:56","slug":"arrestato-un-albanese-simpatizzante-dellisis","status":"publish","type":"post","link":"https:\/\/www.leccecronaca.it\/index.php\/2022\/07\/21\/arrestato-un-albanese-simpatizzante-dellisis\/","title":{"rendered":"ARRESTATO UN ALBANESE SIMPATIZZANTE DELL&#8217;ISIS"},"content":{"rendered":"\n<p><img decoding=\"async\" loading=\"lazy\" width=\"640\" height=\"330\" class=\"wp-image-202728\" style=\"width: 1400px;\" src=\"https:\/\/www.leccecronaca.it\/wordpress\/wp-content\/uploads\/2022\/07\/foto1.jpg\" alt=\"\" srcset=\"https:\/\/www.leccecronaca.it\/wordpress\/wp-content\/uploads\/2022\/07\/foto1.jpg 640w, https:\/\/www.leccecronaca.it\/wordpress\/wp-content\/uploads\/2022\/07\/foto1-300x155.jpg 300w\" sizes=\"(max-width: 640px) 100vw, 640px\" \/><\/p>\n\n\n\n<p>(e.l.) ______ All&#8217;alba agenti della Digos di Lecce hanno arrestato e posto ai domiciliari, sulla base di un&#8217;ordinanza della Procura dela Repubblica, un uomo di 49 anni di nazionalit\u00e0 albanese, residente a Galatina, accusato di   \u201c<em>istigazione a delinquere e apologia, aggravati dalla finalit\u00e0 di terrorismo e dall\u2019uso di strumenti informatici<\/em>\u201d.<\/p>\n\n\n\n<p>E&#8217; stato per\u00f2 portato temporaneamente in carcere, in attesa che ci sia la disponibilit\u00e0 del braccialetto eletronico di controllo, che gli \u00e8 stato prescritto per i suoi arresti domiciliari.<\/p>\n\n\n\n<p>Le indagini, in corso da quattro anni, hanno evidenziato il \u2019 percorso di radicalizzazione intrapreso dall\u2019arrestato con una una profonda adesione alle ideologie estremiste islamiche, fino ad un cambiamento radicale del suo modo di vivere.<\/p>\n\n\n\n<p>Secondo gli inquirenti, egli avendo maturato una profonda avversione per le leggi italiane e lo stile di vita occidentale, era impegnato a diffondere nel <em>web<\/em> numerosi contenuti di propaganda <em>jihadista, <\/em>tra cui foto che lo ritraevano con il vessillo dell\u2019<em>ISIS<\/em>, oltre a intrattenere rapporti con elementi di rilievo del terrorismo internazionale gi\u00e0 emersi in indagini di settore condotte all\u2019estero.<\/p>\n<fb:like href='https:\/\/www.leccecronaca.it\/index.php\/2022\/07\/21\/arrestato-un-albanese-simpatizzante-dellisis\/' send='true' layout='button_count' show_faces='true' width='450' height='65' action='recommend' colorscheme='light' font='lucida grande'><\/fb:like><span class=\"fb_share\"><fb:like href=\"https:\/\/www.leccecronaca.it\/index.php\/2022\/07\/21\/arrestato-un-albanese-simpatizzante-dellisis\/\" layout=\"button_count\"><\/fb:like><\/span>","protected":false},"excerpt":{"rendered":"<p>(e.l.) ______ All&#8217;alba agenti della Digos di Lecce hanno arrestato e posto ai domiciliari, sulla base di un&#8217;ordinanza della Procura dela Repubblica, un uomo di 49 anni di nazionalit\u00e0 albanese, residente a Galatina, accusato di \u201cistigazione a delinquere e apologia, aggravati dalla finalit\u00e0 di terrorismo e dall\u2019uso di strumenti informatici\u201d. E&#8217; stato per\u00f2 portato temporaneamente [&hellip;]<\/p>\n","protected":false},"author":4,"featured_media":202728,"comment_status":"open","ping_status":"closed","sticky":false,"template":"","format":"standard","meta":[],"categories":[69],"tags":[],"_links":{"self":[{"href":"https:\/\/www.leccecronaca.it\/index.php\/wp-json\/wp\/v2\/posts\/202727"}],"collection":[{"href":"https:\/\/www.leccecronaca.it\/index.php\/wp-json\/wp\/v2\/posts"}],"about":[{"href":"https:\/\/www.leccecronaca.it\/index.php\/wp-json\/wp\/v2\/types\/post"}],"author":[{"embeddable":true,"href":"https:\/\/www.leccecronaca.it\/index.php\/wp-json\/wp\/v2\/users\/4"}],"replies":[{"embeddable":true,"href":"https:\/\/www.leccecronaca.it\/index.php\/wp-json\/wp\/v2\/comments?post=202727"}],"version-history":[{"count":1,"href":"https:\/\/www.leccecronaca.it\/index.php\/wp-json\/wp\/v2\/posts\/202727\/revisions"}],"predecessor-version":[{"id":202729,"href":"https:\/\/www.leccecronaca.it\/index.php\/wp-json\/wp\/v2\/posts\/202727\/revisions\/202729"}],"wp:featuredmedia":[{"embeddable":true,"href":"https:\/\/www.leccecronaca.it\/index.php\/wp-json\/wp\/v2\/media\/202728"}],"wp:attachment":[{"href":"https:\/\/www.leccecronaca.it\/index.php\/wp-json\/wp\/v2\/media?parent=202727"}],"wp:term":[{"taxonomy":"category","embeddable":true,"href":"https:\/\/www.leccecronaca.it\/index.php\/wp-json\/wp\/v2\/categories?post=202727"},{"taxonomy":"post_tag","embeddable":true,"href":"https:\/\/www.leccecronaca.it\/index.php\/wp-json\/wp\/v2\/tags?post=202727"}],"curies":[{"name":"wp","href":"https:\/\/api.w.org\/{rel}","templated":true}]}}