{"id":202742,"date":"2022-07-21T19:35:32","date_gmt":"2022-07-21T17:35:32","guid":{"rendered":"http:\/\/www.leccecronaca.it\/?p=202742"},"modified":"2022-07-23T18:00:00","modified_gmt":"2022-07-23T16:00:00","slug":"medico-muore-stroncato-da-un-infarto-in-ospedale-mentre-visita-un-paziente-la-cgil-denuncia-carichi-di-lavoro-insopportabili-e-parla-di-una-sanita-pugliese-al-collasso-minacciando-una-mobilitazion","status":"publish","type":"post","link":"https:\/\/www.leccecronaca.it\/index.php\/2022\/07\/21\/medico-muore-stroncato-da-un-infarto-in-ospedale-mentre-visita-un-paziente-la-cgil-denuncia-carichi-di-lavoro-insopportabili-e-parla-di-una-sanita-pugliese-al-collasso-minacciando-una-mobilitazion\/","title":{"rendered":"MEDICO MUORE STRONCATO DA UN INFARTO IN OSPEDALE MENTRE VISITA UN PAZIENTE. LA CGIL DENUNCIA CARICHI DI LAVORO INSOPPORTABILI E PARLA DI UNA SANITA&#8217; PUGLIESE AL COLLASSO, MINACCIANDO UNA MOBILITAZIONE. FRATELLI D&#8217;ITALIA ATTACCA DIRETTAMENTE EMILIANO"},"content":{"rendered":"\n<p><\/p>\n\n\n\n<p><img decoding=\"async\" loading=\"lazy\" width=\"297\" height=\"170\" class=\"wp-image-202744\" style=\"width: 800px;\" src=\"https:\/\/www.leccecronaca.it\/wordpress\/wp-content\/uploads\/2022\/07\/ma.jpg\" alt=\"\"><\/p>\n\n\n\n<p>(Rdl) ______ Questa mattina un medico dell&#8217;ospedale Marianna Giannuzzi di Manduria (nella foto), Giovanni Buccoliero, 59 anni, di Sava, dirigente del reparto di medicina, \u00e8 morto per un infarto improvviso mentre era in servizio.<\/p>\n\n\n\n<p>Sullo sfondo, anche se \u00e8 impossibile mettere in correlazione l&#8217;accaduto, gli enormi carichi di lavoro e lo stress continuo cui i medici dei nostri ospedali in sofferenza di organico sono sottoposti ormai da molti mesi.<\/p>\n\n\n\n<p>Comunque sia, ecco il durissimo commento del segretario generale della Cgil di Taranto <mark style=\"background-color:rgba(0, 0, 0, 0)\" class=\"has-inline-color has-vivid-purple-color\"><strong>Paolo Peluso<\/strong><\/mark>:<\/p>\n\n\n\n<p><em>\u201c<strong><mark style=\"background-color:rgba(0, 0, 0, 0)\" class=\"has-inline-color has-vivid-purple-color\">La sanit\u00e0 tarantina \u00e8 al collasso e la tragica scomparsa di un medico, colpito da infarto mentre era addirittura in servizio nell\u2019 Ospedale al Giannuzzi di Manduria, conferisce ancora pi\u00f9 assurda e insensata violenza ad uno scenario da conflitto bellico. <\/mark><\/strong><\/em><\/p>\n\n\n\n<p><em><strong><mark style=\"background-color:rgba(0, 0, 0, 0)\" class=\"has-inline-color has-vivid-purple-color\">I medici al fronte nei difficili anni della pandemia, oggi allo stremo delle loro forze, pagano ancora con la vita, e con la compressione dei loro diritti una politica scellerata di tagli e precariato in sanit\u00e0 e un cittadino, un medico, stressato, stanco, e impossibilitato a riposare, andare in ferie, chiedere un congedo parentale, costretto a turni massacranti, fa male a se stesso, come \u00e8 accaduto questa notte a Manduria, e potenzialmente rischia di far male ad altri.<\/mark><\/strong><\/em><\/p>\n\n\n\n<p><em><strong><mark style=\"background-color:rgba(0, 0, 0, 0)\" class=\"has-inline-color has-vivid-purple-color\">Una situazione ormai insopportabile che ci deve vedere impegnati in una mobilitazione generale che \u00e8 tutela del lavoro, ma anche della salute di tutta la comunit\u00e0.<\/mark><\/strong><\/em><\/p>\n\n\n\n<p><em><strong><mark style=\"background-color:rgba(0, 0, 0, 0)\" class=\"has-inline-color has-vivid-purple-color\">Ecco perch\u00e9, in attesa delle nuove e indispensabili assunzioni, abbiamo l\u2019urgenza di rappresentare proposte e idee praticabili alla Direzione Generale dell\u2019ASL di Taranto. Se non ci sar\u00e0 dialogo, ci sar\u00e0 mobilitazione.<\/mark><\/strong><\/em><\/p>\n\n\n\n<p><em><strong><mark style=\"background-color:rgba(0, 0, 0, 0)\" class=\"has-inline-color has-vivid-purple-color\">Ogni reparto viaggia mediamente su una dotazione organica del 50% in meno rispetto al necessario ed \u00e8 impensabile che su quel fronte esposto vengano lasciati medici, infermieri, OSS, che cercano di frenare la furia dell\u2019emergenza sanitaria a mani nude e subendo anche l\u2019ira dei cittadini.<\/mark><\/strong><\/em><\/p>\n\n\n\n<p><mark style=\"background-color:rgba(0, 0, 0, 0)\" class=\"has-inline-color has-vivid-purple-color\"><strong><em>Questa emergenza strutturale va finalmente affrontata con coraggio e determinazione, se cos\u00ec non sar\u00e0 non rimarremo inermi. La CGIL non sar\u00e0 complice!<\/em>\u201d.<\/strong><\/mark><\/p>\n\n\n\n<p><\/p>\n\n\n\n<p>Il capogruppo in Consiglio Regionale di Fratelli d&#8217;Italia, <mark style=\"background-color:rgba(0, 0, 0, 0)\" class=\"has-inline-color has-vivid-cyan-blue-color\"><strong>Ignazio Zull<\/strong><\/mark><strong><mark style=\"background-color:rgba(0, 0, 0, 0)\" class=\"has-inline-color has-vivid-cyan-blue-color\">o<\/mark><\/strong>, anch&#8217;egli medico di professione, attacca frontalmente il presidente  Michele Emiliano:<\/p>\n\n\n\n<p><strong><em><mark style=\"background-color:rgba(0, 0, 0, 0)\" class=\"has-inline-color has-vivid-cyan-blue-color\">&#8220;C&#8217;\u00e8 un&#8217;o<\/mark><\/em><mark style=\"background-color:rgba(0, 0, 0, 0)\" class=\"has-inline-color has-vivid-cyan-blue-color\"><em>ggettiva carenza di medici ma<\/em> <em>\u00e8<\/em> altres\u00ec <em>oggettiva la carenza di modelli organizzativi adeguati in questa Sanit\u00e0 di Emiliano. \u00c8 sconcertante l&#8217;ipotesi avanzata secondo la quale la morte del collega medico possa essere collegata allo stress correlato al lavoro. Sconcertante s\u00ec, ma resta un&#8217;ipotesi plausibile se \u00e8 vero che il collega era al lavoro da 24 ore. Servono modelli organizzativi differenti da quelli in atto ormai superati. Modelli organizzativi che devono essere reingegnerizzati per adeguare le esigenze assistenziali in un profondo equilibrio tra strutture, attrezzature e dotazione di personale.<br>Su questa linea ho pi\u00f9 volte suggerito la necessit\u00e0 di organizzare l&#8217;assistenza ospedaliera in senso dipartimentale i<\/em><\/mark><em><mark style=\"background-color:rgba(0, 0, 0, 0)\" class=\"has-inline-color has-vivid-cyan-blue-color\">ntra ed inter-aziendale.<br>Purtroppo \u00e8 mortificante scontrarsi giornalmente con un presidente, Emiliano,&nbsp; pronto a presentarsi alle inaugurazioni, nel commentare le crisi di Governo, nello stabilire strategie di facilitazione del cosiddetto &#8220;campo largo&#8221; di lettiana fattura e di pentastellata venatura ma sempre assente nell&#8217;assunzione delle responsabilit\u00e0 di fronte a problemi gravissimi che egli stesso ha contribuito a rendere critici&#8221;<\/mark><\/em>.<\/strong><\/p>\n\n\n\n<p><\/p>\n<fb:like href='https:\/\/www.leccecronaca.it\/index.php\/2022\/07\/21\/medico-muore-stroncato-da-un-infarto-in-ospedale-mentre-visita-un-paziente-la-cgil-denuncia-carichi-di-lavoro-insopportabili-e-parla-di-una-sanita-pugliese-al-collasso-minacciando-una-mobilitazion\/' send='true' layout='button_count' show_faces='true' width='450' height='65' action='recommend' colorscheme='light' font='lucida grande'><\/fb:like><span class=\"fb_share\"><fb:like href=\"https:\/\/www.leccecronaca.it\/index.php\/2022\/07\/21\/medico-muore-stroncato-da-un-infarto-in-ospedale-mentre-visita-un-paziente-la-cgil-denuncia-carichi-di-lavoro-insopportabili-e-parla-di-una-sanita-pugliese-al-collasso-minacciando-una-mobilitazion\/\" layout=\"button_count\"><\/fb:like><\/span>","protected":false},"excerpt":{"rendered":"<p>(Rdl) ______ Questa mattina un medico dell&#8217;ospedale Marianna Giannuzzi di Manduria (nella foto), Giovanni Buccoliero, 59 anni, di Sava, dirigente del reparto di medicina, \u00e8 morto per un infarto improvviso mentre era in servizio. Sullo sfondo, anche se \u00e8 impossibile mettere in correlazione l&#8217;accaduto, gli enormi carichi di lavoro e lo stress continuo cui i [&hellip;]<\/p>\n","protected":false},"author":4,"featured_media":202744,"comment_status":"open","ping_status":"closed","sticky":false,"template":"","format":"standard","meta":[],"categories":[69,76],"tags":[],"_links":{"self":[{"href":"https:\/\/www.leccecronaca.it\/index.php\/wp-json\/wp\/v2\/posts\/202742"}],"collection":[{"href":"https:\/\/www.leccecronaca.it\/index.php\/wp-json\/wp\/v2\/posts"}],"about":[{"href":"https:\/\/www.leccecronaca.it\/index.php\/wp-json\/wp\/v2\/types\/post"}],"author":[{"embeddable":true,"href":"https:\/\/www.leccecronaca.it\/index.php\/wp-json\/wp\/v2\/users\/4"}],"replies":[{"embeddable":true,"href":"https:\/\/www.leccecronaca.it\/index.php\/wp-json\/wp\/v2\/comments?post=202742"}],"version-history":[{"count":4,"href":"https:\/\/www.leccecronaca.it\/index.php\/wp-json\/wp\/v2\/posts\/202742\/revisions"}],"predecessor-version":[{"id":202845,"href":"https:\/\/www.leccecronaca.it\/index.php\/wp-json\/wp\/v2\/posts\/202742\/revisions\/202845"}],"wp:featuredmedia":[{"embeddable":true,"href":"https:\/\/www.leccecronaca.it\/index.php\/wp-json\/wp\/v2\/media\/202744"}],"wp:attachment":[{"href":"https:\/\/www.leccecronaca.it\/index.php\/wp-json\/wp\/v2\/media?parent=202742"}],"wp:term":[{"taxonomy":"category","embeddable":true,"href":"https:\/\/www.leccecronaca.it\/index.php\/wp-json\/wp\/v2\/categories?post=202742"},{"taxonomy":"post_tag","embeddable":true,"href":"https:\/\/www.leccecronaca.it\/index.php\/wp-json\/wp\/v2\/tags?post=202742"}],"curies":[{"name":"wp","href":"https:\/\/api.w.org\/{rel}","templated":true}]}}