{"id":203013,"date":"2022-07-26T15:36:20","date_gmt":"2022-07-26T13:36:20","guid":{"rendered":"http:\/\/www.leccecronaca.it\/?p=203013"},"modified":"2022-07-26T15:52:14","modified_gmt":"2022-07-26T13:52:14","slug":"caso-emanuela-orlandi-e-mistero-sulla-tomba-vuota-di-katy-skerl-a-unomattina-parla-pietro-orlandi","status":"publish","type":"post","link":"https:\/\/www.leccecronaca.it\/index.php\/2022\/07\/26\/caso-emanuela-orlandi-e-mistero-sulla-tomba-vuota-di-katy-skerl-a-unomattina-parla-pietro-orlandi\/","title":{"rendered":"CASO EMANUELA ORLANDI \/ E&#8217; MISTERO SULLA TOMBA VUOTA DI KATY SKERL. A &#8216;UNOMATTINA&#8217; PIETRO ORLANDI SPIEGA IL COLLEGAMENTO CON LA MORTE DELLA SORELLA E CONTINUA A CHIEDERE AL VATICANO VERITA&#8217; E GIUSTIZIA"},"content":{"rendered":"\n<figure class=\"wp-block-image size-large\"><img decoding=\"async\" loading=\"lazy\" width=\"1024\" height=\"576\" src=\"https:\/\/www.leccecronaca.it\/wordpress\/wp-content\/uploads\/2022\/07\/pietro-orlandi-1024x576.jpg\" alt=\"\" class=\"wp-image-203016\" srcset=\"https:\/\/www.leccecronaca.it\/wordpress\/wp-content\/uploads\/2022\/07\/pietro-orlandi-1024x576.jpg 1024w, https:\/\/www.leccecronaca.it\/wordpress\/wp-content\/uploads\/2022\/07\/pietro-orlandi-300x169.jpg 300w, https:\/\/www.leccecronaca.it\/wordpress\/wp-content\/uploads\/2022\/07\/pietro-orlandi-768x432.jpg 768w, https:\/\/www.leccecronaca.it\/wordpress\/wp-content\/uploads\/2022\/07\/pietro-orlandi-1536x864.jpg 1536w, https:\/\/www.leccecronaca.it\/wordpress\/wp-content\/uploads\/2022\/07\/pietro-orlandi.jpg 1920w\" sizes=\"(max-width: 1024px) 100vw, 1024px\" \/><\/figure>\n\n\n\n<p>di <strong>Flora Fina<\/strong> ______<\/p>\n\n\n\n<p><em>\u201c \u00c8 difficilissimo provare a raccontare tutti questi eventi, per\u00f2 c\u2019\u00e8 una sequenza di fatti che sembrano completamente sciolti l\u2019uno dall\u2019altro ma che adesso si stanno in qualche modo legando. All&#8217;Ordine  Teutonico ci \u00e8 arrivata una segnalazione interna vaticana, non anonima, che ci diceva di andare a vedere una certa tomba, questa tomba \u00e8 stata aperta , il problema \u00e8 stato che al di sotto di questa tomba che \u00e8 stata aperta \u00e8 stata scoperta una stanza completamente vuota in cemento armato. <\/em><\/p>\n\n\n\n<p><em>Due giorni dopo il Vaticano ci ha chiamato dicendo che all\u2019interno della tomba c\u2019era una botola. Quella stanza, \u00e8 legata ad elementi che abbiamo noi in mano adesso. Io ho una serie di screenshot di conversazioni su Whatsapp del 2014 &nbsp;tra due persone molto vicine a Papa Francesco, messaggi riservati della Santa Sede, conversazioni che parlano chiaramente di documenti su Emanuela, su come pagare i tombaroli venuti con il georadar. <\/em><\/p>\n\n\n\n<p><em>Messaggi che fanno capire chiaramente che nel 2014, c\u2019\u00e8 stato un passaggio fondamentale in quella stanza segreta. Sempre in questi messaggi si dice chiaramente &nbsp;&lt;&lt; Papa Francesco ci dice di andare avanti, di portare avanti questa situazione &gt;&gt; ci sono quindi quattro o cinque persone, compreso il Papa, che sanno esattamente quello che pu\u00f2 essere successo.\u201d<\/em><\/p>\n\n\n\n<p><\/p>\n\n\n\n<p><\/p>\n\n\n\n<p><\/p>\n\n\n\n<p>Con queste parole si esprime Pietro Orlandi ( nella foto ) fratello di Emanuela, durante la messa in onda di Unomattina Estate di oggi, riguardo ai nuovi scenari rimasti aperti sulla tragica scomparsa della sorella avvenuta quarant\u2019anni fa.<\/p>\n\n\n\n<p>Un caso che si riapre straordinariamente, proprio in queste ore, accompagnato questa volta da una bizzarra e del tutto nuova prospettiva sul caso Emanuela Orlandi, che proprio negli ultimi mesi \u00e8 salito alla ribalta dopo una probabile apertura da parte di Papa Francesco nei confronti di un torbido mistero italiano, che va avanti da tanto, troppo tempo.<\/p>\n\n\n\n<p>Negli ultimi tempi infatti, sarebbe stata proprio una risposta \u2013 di senso compiuto, dopo nove anni di incessanti richieste \u2013 da parte di Papa Francesco &#8211; che nel mese di febbraio aveva dato riscontro ad una lettera inviata alla Santa sede dall\u2019avvocato di famiglia Laura Sgr\u00f2 \u2013 a riaprire caute speranze nei confronti del caso, quantomai controverso e allo stesso tempo divenuto ormai quasi un\u2019abitudine tra le pagine della cronaca nera italiana.<\/p>\n\n\n\n<p>Proprio durante la mattinata di oggi, il fratello di Emanuela, Pietro Orlandi, \u00e8 stato ospite di Unomattina Estate, sulle reti Rai, per fare chiarezza in merito a determinati e sconvolgenti scenari che sarebbero emersi nelle ultimissime ore: si riapre infatti, sorprendentemente, un caso scottante, anch\u2019esso risalente a quarant\u2019anni fa, con probabili e plausibili analogie con il caso Orlandi: parliamo della sparizione della bara di Caterina \u2013 Katy &#8211; &nbsp;Skerl, figlia del regista svizzero naturalizzato italiano Peter, ritrovata morta a Grottaferrata nel lontano 22 gennaio 1984.<\/p>\n\n\n\n<p>Aveva 17 anni, tuttavia la sua morte, come quella di Emanuela \u00e8 ancora avvolta in un fitto alone di mistero.<\/p>\n\n\n\n<p>L\u2019edizione romana di Repubblica racconta infatti che il loculo della giovane Katy si trovava esattamente nel settore 115, seconda fila dal basso: la bara presente in quello stesso loculo per\u00f2 \u00e8 sparita nel nulla. \u00c8 stata la Squadra Mobile, su ordine della Procura di Roma, a effettuare il sopralluogo nel settore dov\u2019\u00e8 sepolta Katy, e la tomba \u00e8 stata di conseguenza sottoposta a sequestro penale. Ma come si incrocia la sua storia con quella di Emanuela?<\/p>\n\n\n\n<p>I fatti risalgono ad un periodo strettamente vicino con la sparizione Orlandi: \u201cKaty\u201d, come la chiamavano amici e parenti, viveva in via Isidoro del Lungo, zona Talenti, ed era iscritta della Federazione Giovani Comunisti Italiani. In un anonimo pomeriggio del 21 gennaio 1984 \u00e8 ad una festa a pochi passi da casa, sono le 18.30 e cammina con fare tranquillo tra largo Bacone e via Cartesio. Quella purtroppo, sar\u00e0 l\u2019ultima volta in cui Katy sar\u00e0 vista in vita, poich\u00e9 la mattina successiva, il 22 gennaio, sar\u00e0 ritrovata poi morta in campagna a Grottaferrata, strangolata tragicamente con un fil di ferro.<\/p>\n\n\n\n<p>Ma veniamo a noi: in quel periodo, l\u2019opinione pubblica \u00e8 molto reattiva e sensibile a questi temi.<\/p>\n\n\n\n<p>Il macabro viaggio dentro cui gli inquirenti stessi cercarono di addentrarsi, presentava al tempo strani e misteriosi passaggi ai quali tuttora non si riesce a dare una spiegazione razionale e plausibile: a legare i due drammatici eventi, soprattutto, sono le informazioni fornite dalle dichiarazioni del fotografo Marco Accetti, testimone che a pi\u00f9 riprese si \u00e8 espresso sulla sparizione di Emanuela, e che tuttavia \u00e8 sempre stato giudicato inattendibile dagli inquirenti.<\/p>\n\n\n\n<p>Recentemente infatti, nel 2015, il fotografo si autoaccus\u00f2 del rapimento d Emanuela Orlandi, scrivendo poi, nel suo personalissimo blog, che nel 2005 la bara di Katty Skerl era stata rubata: al suo posto &#8211;&nbsp; sempre secondo le dichiarazioni del fotografo 67enne alle forze dell&#8217;ordine &#8211; sarebbe rimasta soltanto una maniglia da bara a forma di angelo, e cos\u00ec \u00e8 stato, effettivamente.<\/p>\n\n\n\n<p>Ancora prima, nel 2013, Accetti tornava alla carica con un\u2019altra dichiarazione in Procura che aveva dell\u2019 incredibile &nbsp;<em>\u201c Skerl fu ammazzata per vendetta dalla fazione di laici ed ecclesiastici a noi opposta, per indurci a interrompere le pressioni e i ricatti contro Wojtyla e il presidente dello Ior Marcinkus \u201d<\/em>. Ritenuto poi un vero e proprio mitomane, le sue parole finirono nel dimenticatoio, visto e considerato inoltre che anche in relazione al caso Orlandi, egli stesso aveva fornito in precedenza testimonianze assolutamente inattendibili, dichiarando in un primo momento di aver ritrovato il flauto della ragazza e poi, come gi\u00e0 ribadito, di essere stato lui a rapirla.<\/p>\n\n\n\n<p>Tuttavia, questi rimangono dei passaggi da prendere pur sempre con le pinze, poich\u00e9 come afferma lo stesso fratello di Emanuela <em>\u201c Il caso non \u00e8 stato mai ufficialmente collegato, l\u2019unico a parlarne \u00e8 stata una persona che si \u00e8 autoaccusata del sequestro di Emanuela, e lui stesso ha creato questo legame tra Emanuela e Katy Skerl. L\u2019unica cosa vera che disse ed \u00e8 abbastanza inquietante, \u00e8 del 2015, quando lui disse andate a vedere la tomba di Katy Skerl, la troverete vuota perch\u00e9 la bara \u00e8 stata portata via e all\u2019interno della bara c\u2019erano degli indizi che collegavano i due casi. \u00c8 questo \u00e8 l\u2019unico legame che si \u00e8 creato. \u201d<\/em><\/p>\n\n\n\n<p>Cosa ci aspetta dunque nel futuro prossimo su questo caso? Anche questo rimane un mistero, tuttavia resta ferma la convinzione di giungere \u2013 si spera nel breve tempo possibile \u2013 alla tanto agognata giustizia e verit\u00e0 per Emanuela, per far s\u00ec che finalmente, uno dei pi\u00f9 grandi casi di cronaca nera italiana possa diventare solo un triste ricordo, ma comunque una pagina definitivamente chiusa.<\/p>\n\n\n\n<p><\/p>\n\n\n\n<p><\/p>\n\n\n\n<p>L&#8217;APPROFONDIMENTO nel nostro articolo del 22 giugno scorso ______<\/p>\n\n\n\n<p><blockquote class=\"wp-embedded-content\" data-secret=\"QYUF7lHATa\"><a href=\"https:\/\/www.leccecronaca.it\/index.php\/2022\/06\/22\/caso-emanuela-orlandi-nuova-manifestazione-a-roma-per-chiedere-verita-e-giustizia-nel-39esimo-anniversario-della-scomparsa\/\">CASO EMANUELA ORLANDI \/ NUOVA MANIFESTAZIONE A ROMA PER CHIEDERE VERITA\u2019 E GIUSTIZIA NEL 39ESIMO ANNIVERSARIO DELLA SUA SCOMPARSA. LE NOVITA&#8217;<\/a><\/blockquote><iframe class=\"wp-embedded-content\" sandbox=\"allow-scripts\" security=\"restricted\" style=\"position: absolute; clip: rect(1px, 1px, 1px, 1px);\" title=\"&#8220;CASO EMANUELA ORLANDI \/ NUOVA MANIFESTAZIONE A ROMA PER CHIEDERE VERITA\u2019 E GIUSTIZIA NEL 39ESIMO ANNIVERSARIO DELLA SUA SCOMPARSA. LE NOVITA&#8217;&#8221; &#8212; LecceCronaca.it\" src=\"https:\/\/www.leccecronaca.it\/index.php\/2022\/06\/22\/caso-emanuela-orlandi-nuova-manifestazione-a-roma-per-chiedere-verita-e-giustizia-nel-39esimo-anniversario-della-scomparsa\/embed\/#?secret=uSYSFcLDj5#?secret=QYUF7lHATa\" data-secret=\"QYUF7lHATa\" width=\"500\" height=\"282\" frameborder=\"0\" marginwidth=\"0\" marginheight=\"0\" scrolling=\"no\"><\/iframe><\/p>\n<fb:like href='https:\/\/www.leccecronaca.it\/index.php\/2022\/07\/26\/caso-emanuela-orlandi-e-mistero-sulla-tomba-vuota-di-katy-skerl-a-unomattina-parla-pietro-orlandi\/' send='true' layout='button_count' show_faces='true' width='450' height='65' action='recommend' colorscheme='light' font='lucida grande'><\/fb:like><span class=\"fb_share\"><fb:like href=\"https:\/\/www.leccecronaca.it\/index.php\/2022\/07\/26\/caso-emanuela-orlandi-e-mistero-sulla-tomba-vuota-di-katy-skerl-a-unomattina-parla-pietro-orlandi\/\" layout=\"button_count\"><\/fb:like><\/span>","protected":false},"excerpt":{"rendered":"<p>di Flora Fina ______ \u201c \u00c8 difficilissimo provare a raccontare tutti questi eventi, per\u00f2 c\u2019\u00e8 una sequenza di fatti che sembrano completamente sciolti l\u2019uno dall\u2019altro ma che adesso si stanno in qualche modo legando. All&#8217;Ordine Teutonico ci \u00e8 arrivata una segnalazione interna vaticana, non anonima, che ci diceva di andare a vedere una certa tomba, [&hellip;]<\/p>\n","protected":false},"author":4,"featured_media":203016,"comment_status":"open","ping_status":"closed","sticky":false,"template":"","format":"standard","meta":[],"categories":[69],"tags":[],"_links":{"self":[{"href":"https:\/\/www.leccecronaca.it\/index.php\/wp-json\/wp\/v2\/posts\/203013"}],"collection":[{"href":"https:\/\/www.leccecronaca.it\/index.php\/wp-json\/wp\/v2\/posts"}],"about":[{"href":"https:\/\/www.leccecronaca.it\/index.php\/wp-json\/wp\/v2\/types\/post"}],"author":[{"embeddable":true,"href":"https:\/\/www.leccecronaca.it\/index.php\/wp-json\/wp\/v2\/users\/4"}],"replies":[{"embeddable":true,"href":"https:\/\/www.leccecronaca.it\/index.php\/wp-json\/wp\/v2\/comments?post=203013"}],"version-history":[{"count":5,"href":"https:\/\/www.leccecronaca.it\/index.php\/wp-json\/wp\/v2\/posts\/203013\/revisions"}],"predecessor-version":[{"id":203032,"href":"https:\/\/www.leccecronaca.it\/index.php\/wp-json\/wp\/v2\/posts\/203013\/revisions\/203032"}],"wp:featuredmedia":[{"embeddable":true,"href":"https:\/\/www.leccecronaca.it\/index.php\/wp-json\/wp\/v2\/media\/203016"}],"wp:attachment":[{"href":"https:\/\/www.leccecronaca.it\/index.php\/wp-json\/wp\/v2\/media?parent=203013"}],"wp:term":[{"taxonomy":"category","embeddable":true,"href":"https:\/\/www.leccecronaca.it\/index.php\/wp-json\/wp\/v2\/categories?post=203013"},{"taxonomy":"post_tag","embeddable":true,"href":"https:\/\/www.leccecronaca.it\/index.php\/wp-json\/wp\/v2\/tags?post=203013"}],"curies":[{"name":"wp","href":"https:\/\/api.w.org\/{rel}","templated":true}]}}