{"id":203116,"date":"2022-07-28T19:03:43","date_gmt":"2022-07-28T17:03:43","guid":{"rendered":"http:\/\/www.leccecronaca.it\/?p=203116"},"modified":"2022-07-29T14:23:03","modified_gmt":"2022-07-29T12:23:03","slug":"salento-fuoco-e-fumo-incendi-senza-tregua-nei-giorni-scorsi-sulla-lecce-gallipoli-infiamma-la-polemica-anche-sui-social","status":"publish","type":"post","link":"https:\/\/www.leccecronaca.it\/index.php\/2022\/07\/28\/salento-fuoco-e-fumo-incendi-senza-tregua-nei-giorni-scorsi-sulla-lecce-gallipoli-infiamma-la-polemica-anche-sui-social\/","title":{"rendered":"SALENTO FUOCO E FUMO \/ INCENDI SENZA TREGUA NEI GIORNI SCORSI SULLA LECCE \u2013 GALLIPOLI. INFIAMMA LA POLEMICA ANCHE SUI SOCIAL"},"content":{"rendered":"\n<figure class=\"wp-block-image size-large is-resized\"><img decoding=\"async\" loading=\"lazy\" src=\"https:\/\/www.leccecronaca.it\/wordpress\/wp-content\/uploads\/2022\/07\/296172814_3269135593410816_5401570864473214862_n-1024x461.jpg\" alt=\"\" class=\"wp-image-203117\" width=\"840\" height=\"378\" srcset=\"https:\/\/www.leccecronaca.it\/wordpress\/wp-content\/uploads\/2022\/07\/296172814_3269135593410816_5401570864473214862_n-1024x461.jpg 1024w, https:\/\/www.leccecronaca.it\/wordpress\/wp-content\/uploads\/2022\/07\/296172814_3269135593410816_5401570864473214862_n-300x135.jpg 300w, https:\/\/www.leccecronaca.it\/wordpress\/wp-content\/uploads\/2022\/07\/296172814_3269135593410816_5401570864473214862_n-768x346.jpg 768w, https:\/\/www.leccecronaca.it\/wordpress\/wp-content\/uploads\/2022\/07\/296172814_3269135593410816_5401570864473214862_n.jpg 1280w\" sizes=\"(max-width: 840px) 100vw, 840px\" \/><\/figure>\n\n\n\n<p>di <strong>Flora Fina<\/strong> ______<\/p>\n\n\n\n<p><\/p>\n\n\n\n<p>Procede senza sosta il rapido susseguirsi di incendi in provincia di Lecce e nel Salento tutto: come gi\u00e0 ribadito pi\u00f9 e pi\u00f9 volte infatti, il forte caldo di questi giorni non fa altro che alimentare, senza piet\u00e0 alcuna, una situazione profondamente disagiata, acuendo ferite gi\u00e0 profonde che il nostro territorio soffre gi\u00e0 da troppo tempo.<\/p>\n\n\n\n<p>Soltanto due giorni fa, a Corigliano d\u2019Otranto, sterpaglie, ulivi, ma anche materiali plastici sono arsi rapidamente a causa di un incendio divampato nelle campagne e diffusosi rapidamente: ben tre ore di assiduo intervento da parte di Vigili del fuoco e Protezione Civile per sedare il prima possibile un rogo che ha iniziato a destare angoscia soprattutto quando le fiamme, altissime, si sono fatte largo all\u2019interno della discarica del vicino paese, la quale, sebbene mai entrata realmente in funzione, contiene tuttora vari materiali plastici accatastati e letteralmente abbandonati.<\/p>\n\n\n\n<p>Un situazione questa, che altro non ha fatto che causare un danno collaterale grave, e che ha portato \u2013 oltre alla distruzione delle sterpaglie nelle vicine campagne \u2013 alla carbonizzazione degli alberi di ulivo nella zona adiacente.<\/p>\n\n\n\n<p>Siamo ancora a met\u00e0 estate, tuttavia, nella giornata di ieri, e ancora una volta, sempre sulla statale 101, la Lecce-Gallipoli &#8211; all\u2019altezza di Lequile \u2013 un incendio di vaste dimensioni \u00e8 scoppiato tra le campagne, sollevando un\u2019altissima colonna di fumo che, come in un dej\u00e0 vu \u2013 visto tante, troppe volte \u2013 ha invaso la carreggiata, creando irrimediabilmente disagi nel traffico e impedendo la solita marcia tranquilla delle auto.<\/p>\n\n\n\n<p>Sterpaglie e vegetazione circostante hanno rapidamente preso fuoco, divorando ben ottanta ettari di campi incolti, tra cui anche una moltitudine di alberi: \u00e8 stato soltanto grazie all\u2019intervento di diverse squadre dei Vigili del fuoco \u2013 intervenute immediatamente dal comando provinciale di viale Grassi &#8211; se le fiamme sono state prontamente domate.<\/p>\n\n\n\n<p> Almeno in quarantacinque, tra pompieri e volontari della Protezione civile si sono prodigati per scongiurare il peggio, e fortunatamente non si sono registrati feriti, n\u00e9 danni alle auto, vista la portata distruttiva di un evento incendiario arginato soltanto intorno alle ore 22.00 di sera.<\/p>\n\n\n\n<p>In quei frangenti infatti, il rischio maggiore \u00e8 che il rogo potessee invadere gli edifici presenti lungo le complanari e che raggiungesse anche il bosco Buia, pineta che sorge maestosa nell\u2019agro fra Lequile e San Cesario di Lecce.<\/p>\n\n\n\n<p>Sempre ieri, un altro incendio ha preso invece piede nelle immediate vicinanze di Cutrofiano, dove, all\u2019altezza della strada provinciale Collepasso \u2013 Maglie sono andati in fumo terreni pieni di sterpaglie secche ( nella foto ). Anche qui, l\u2019intervento da parte dei soccorsi \u00e8 stato pi\u00f9 che essenziale, per arginare una gi\u00e0 annunciata e conosciuta distruzione.<\/p>\n\n\n\n<p><\/p>\n\n\n\n<p>Anche i territori tra Nard\u00f2 ed Avetrana non sono stati esenti da disastri incendiari, come documentiamo in questo video, che a onor del vero trasmette inquietudine e angoscia:<\/p>\n\n\n\n<p><\/p>\n\n\n<div style=\"width: 640px;\" class=\"wp-video\"><!--[if lt IE 9]><script>document.createElement('video');<\/script><![endif]-->\n<video class=\"wp-video-shortcode\" id=\"video-203116-1\" width=\"640\" height=\"288\" preload=\"metadata\" controls=\"controls\"><source type=\"video\/mp4\" src=\"https:\/\/www.leccecronaca.it\/wordpress\/wp-content\/uploads\/2022\/07\/WhatsApp-Video-2022-07-28-at-19.22.39.mp4?_=1\" \/><a href=\"https:\/\/www.leccecronaca.it\/wordpress\/wp-content\/uploads\/2022\/07\/WhatsApp-Video-2022-07-28-at-19.22.39.mp4\">https:\/\/www.leccecronaca.it\/wordpress\/wp-content\/uploads\/2022\/07\/WhatsApp-Video-2022-07-28-at-19.22.39.mp4<\/a><\/video><\/div>\n\n\n<p><\/p>\n\n\n\n<p><\/p>\n\n\n\n<p><\/p>\n\n\n\n<p>Certo \u00e8 che la situazione, non delle pi\u00f9 rosee gi\u00e0 in partenza, attualmente non pu\u00f2 far altro che generare un malcontento generale, che scaturisce senza ombra di dubbio da una situazione mal gestita e talvolta dai tratti grotteschi. Gli interventi da parte dei soccorsi ci sono s\u00ec, questo \u00e8 chiaro, tuttavia non bastano a fermare una volta per tutte il fenomeno.<\/p>\n\n\n\n<p>Di ci\u00f2 ne sono consapevoli tutti, e sui social, il disagio e la disapprovazione si riflettono come in uno specchio, lo specchio della societ\u00e0 dei giorni nostri, e si rincorrono cos\u00ec il malumore e la vergogna per l\u2019attuale situazione:<\/p>\n\n\n\n<p><em>\u201c Vicino casa nostra sta bruciando tutto come in tutto il Salento. Oggi \u00e8 a 150 metri, ma 3 settimane fa 2 incendi hanno circondato sia casa nostra e anche quella dei nostri vicini. Noi eravamo fuori per lavoro e quindi capite il disagio. La situazione sta diventando molto pericolosa e molesta soprattutto. I vigili del fuoco non intervengono e mandano la protezione civile (che stanno facendo quello che possono) con un piccolo carico di acqua che finisce subito logicamente e quindi devono andare e tornare per riempirla ogni 10 Min. Ora prima che succeda il peggio, chiedo agli organi competenti di intervenire quanto prima con tutti i mezzi a disposizione. Amministrazione comunale, vigili urbani, vigili del fuoco, ecc&#8230; datevi una mossa e cercate di fare di pi\u00f9, perch\u00e9 quello che state facendo forse \u00e8 un po&#8217; poco \u201d<\/em><\/p>\n\n\n\n<p><\/p>\n\n\n\n<figure class=\"wp-block-image size-large\"><img decoding=\"async\" loading=\"lazy\" width=\"1024\" height=\"768\" src=\"https:\/\/www.leccecronaca.it\/wordpress\/wp-content\/uploads\/2022\/07\/294594632_10224511792597067_7740963275967556166_n-1024x768.jpg\" alt=\"\" class=\"wp-image-203118\" srcset=\"https:\/\/www.leccecronaca.it\/wordpress\/wp-content\/uploads\/2022\/07\/294594632_10224511792597067_7740963275967556166_n-1024x768.jpg 1024w, https:\/\/www.leccecronaca.it\/wordpress\/wp-content\/uploads\/2022\/07\/294594632_10224511792597067_7740963275967556166_n-300x225.jpg 300w, https:\/\/www.leccecronaca.it\/wordpress\/wp-content\/uploads\/2022\/07\/294594632_10224511792597067_7740963275967556166_n-768x576.jpg 768w, https:\/\/www.leccecronaca.it\/wordpress\/wp-content\/uploads\/2022\/07\/294594632_10224511792597067_7740963275967556166_n-1536x1152.jpg 1536w, https:\/\/www.leccecronaca.it\/wordpress\/wp-content\/uploads\/2022\/07\/294594632_10224511792597067_7740963275967556166_n-400x300.jpg 400w, https:\/\/www.leccecronaca.it\/wordpress\/wp-content\/uploads\/2022\/07\/294594632_10224511792597067_7740963275967556166_n.jpg 2048w\" sizes=\"(max-width: 1024px) 100vw, 1024px\" \/><\/figure>\n\n\n\n<p>A scrivere \u00e8 un cittadino contrariato di Ruffano, dove, stando a queste dichiarazioni, senza ombra di dubbio veritiere \u2013 e chiara testimonianza del vivere quotidiano dei nostri territori \u2013 tutto brucia, arde senza sosta, e divora \u2013 talvolta poco a poco e talvolta con prepotente furia \u2013 interi appezzamenti, alberi di ulivo ( nella foto ) ingurgitando lo spazio vitale di chi, in mezzo alla natura desidera abitarci e conviverci pacificamente.<\/p>\n\n\n\n<p>I commenti a tale dichiarazioni poi, non sono tardati ad arrivare, e sintetizzano, con estremo&nbsp; fervore \u2013 il fervore di chi non ce la fa davvero pi\u00f9 \u2013 il disgusto malcelato di chi, con cognizione di causa, un risentimento giustificato verso le amministrazioni ce l\u2019ha:<\/p>\n\n\n\n<p><em>\u201cGuarda io non mi posso pi\u00f9 allontanare per pi\u00f9 di qualche ora per non avere sorprese e non trovare pi\u00f9 casa e animali\u201d<\/em><\/p>\n\n\n\n<p><em>\u201cMi \u00e8 capitato quasi la stessa cosa a 150 metri da casa due anni fa, vigili erano venuti hanno visto che incendio sono alberi seccati, hanno detto vediamo cosa possiamo fare e hanno lasciato tutto bruciarsi. Erano due giorni di inferno, non si respirava, abbiamo dovuto spostarci in paese per mancanza di aria pulita&#8230;. Tutto qui\u201d<\/em><\/p>\n\n\n\n<p>Commenti questi che difficilmente possono passare inosservati, tuttavia si tratta pur sempre di battaglie sui social, come spiega qualcun altro:<\/p>\n\n\n\n<p><em>\u201cLe istituzioni, gli organi pubblici che decidono e hanno i mezzi per mettere in campo misure di prevenzione, controllo e sanzione, non ascoltano quel che scriviamo sui social. Finch\u00e9 la societ\u00e0 civile (le associazioni che si sforzano di rappresentare e dare voce al malessere dei cittadini che vivono un problema) non si organizzano e chiedono formalmente (con lettera a firma di tutti i soggetti aderenti) a Regione, Provincia e Comuni un tavolo istituzionale in cui essere ascoltati, tutto quel che scriviamo sui social cade nel nulla. Liberiamoci dall&#8217;illusione che un post su facebook o qualsiasi altro social venga letto, compreso o preso in considerazione da rappresentanti politici e istituzionali. I social non hanno tutto questo potere comunicativo che ci immaginiamo. E soprattutto non sono canali di partecipazione riconosciuti sul piano normativo.\u201d<\/em><\/p>\n\n\n\n<p>Ebbene no, in questo ultimo caso \u00e8 necessario dissentire: anche i social \u2013 che come gi\u00e0 ribadito sono il cuore pulsante dell\u2019opinione pubblica \u2013 restituiscono a tutti gli effetti opinioni vere e soprattutto libere su ci\u00f2 che accade, restituiscono testimonianze tangibili della realt\u00e0, che qui riportiamo fedelmente.<\/p>\n\n\n\n<p>Se i social non sono i principali canali di partecipazione sul piano normativo, tuttavia la stampa, i giornali, l\u2019informazione, possono essere il megafono che urla e riporta a gran voce il grande disagio di questi ultimi anni, il grande disagio insostenibile degli incendi, delle campagne abbandonate, delle istituzioni che si muovono per inerzia.<\/p>\n\n\n\n<p>Insomma, \u00e8 chiaro ed evidente che siamo ancora ben lontani dal poter appurare di essere fuori da un\u2019emergenza di cui non si vedr\u00e0 mai la fine \u2013 se non nei mesi invernali \u2013 e di cui gran parte della popolazione, dei cittadini e delle istituzioni non ha piena consapevolezza.<\/p>\n\n\n\n<p>Con queste premesse, l\u2019unica speranza resta tuttavia quella di non subire un eterno ritorno di fuoco e fiamme, che chiaramente, come \u00e8 presto detto, potrebbe non lasciare pi\u00f9 spazio a una crescita ecosistemica del territorio, un territorio che non ce la fa pi\u00f9, e questo si sa, \u00e8 sotto gli occhi di tutti, sta a noi constatarlo.<\/p>\n\n\n\n<p>LA RICERCA nel nostro articolo del 25 luglio. ______<\/p>\n\n\n\n<p><blockquote class=\"wp-embedded-content\" data-secret=\"jPO0nr9no7\"><a href=\"https:\/\/www.leccecronaca.it\/index.php\/2022\/07\/25\/salento-fuoco-e-fumo-ancora-roghi-nel-tarantino-incendi-divampano-a-galatone-e-sulla-presicce-acquarica\/\">SALENTO FUOCO E FUMO \/ ANCORA ROGHI NEL TARANTINO, INCENDI DIVAMPANO A GALATONE E A PRESICCE<\/a><\/blockquote><iframe class=\"wp-embedded-content\" sandbox=\"allow-scripts\" security=\"restricted\" style=\"position: absolute; clip: rect(1px, 1px, 1px, 1px);\" title=\"&#8220;SALENTO FUOCO E FUMO \/ ANCORA ROGHI NEL TARANTINO, INCENDI DIVAMPANO A GALATONE E A PRESICCE&#8221; &#8212; LecceCronaca.it\" src=\"https:\/\/www.leccecronaca.it\/index.php\/2022\/07\/25\/salento-fuoco-e-fumo-ancora-roghi-nel-tarantino-incendi-divampano-a-galatone-e-sulla-presicce-acquarica\/embed\/#?secret=cfaoP7KKgg#?secret=jPO0nr9no7\" data-secret=\"jPO0nr9no7\" width=\"500\" height=\"282\" frameborder=\"0\" marginwidth=\"0\" marginheight=\"0\" scrolling=\"no\"><\/iframe><\/p>\n<fb:like href='https:\/\/www.leccecronaca.it\/index.php\/2022\/07\/28\/salento-fuoco-e-fumo-incendi-senza-tregua-nei-giorni-scorsi-sulla-lecce-gallipoli-infiamma-la-polemica-anche-sui-social\/' send='true' layout='button_count' show_faces='true' width='450' height='65' action='recommend' colorscheme='light' font='lucida grande'><\/fb:like><span class=\"fb_share\"><fb:like href=\"https:\/\/www.leccecronaca.it\/index.php\/2022\/07\/28\/salento-fuoco-e-fumo-incendi-senza-tregua-nei-giorni-scorsi-sulla-lecce-gallipoli-infiamma-la-polemica-anche-sui-social\/\" layout=\"button_count\"><\/fb:like><\/span>","protected":false},"excerpt":{"rendered":"<p>di Flora Fina ______ Procede senza sosta il rapido susseguirsi di incendi in provincia di Lecce e nel Salento tutto: come gi\u00e0 ribadito pi\u00f9 e pi\u00f9 volte infatti, il forte caldo di questi giorni non fa altro che alimentare, senza piet\u00e0 alcuna, una situazione profondamente disagiata, acuendo ferite gi\u00e0 profonde che il nostro territorio soffre [&hellip;]<\/p>\n","protected":false},"author":4,"featured_media":203118,"comment_status":"open","ping_status":"closed","sticky":false,"template":"","format":"standard","meta":[],"categories":[1,69],"tags":[],"_links":{"self":[{"href":"https:\/\/www.leccecronaca.it\/index.php\/wp-json\/wp\/v2\/posts\/203116"}],"collection":[{"href":"https:\/\/www.leccecronaca.it\/index.php\/wp-json\/wp\/v2\/posts"}],"about":[{"href":"https:\/\/www.leccecronaca.it\/index.php\/wp-json\/wp\/v2\/types\/post"}],"author":[{"embeddable":true,"href":"https:\/\/www.leccecronaca.it\/index.php\/wp-json\/wp\/v2\/users\/4"}],"replies":[{"embeddable":true,"href":"https:\/\/www.leccecronaca.it\/index.php\/wp-json\/wp\/v2\/comments?post=203116"}],"version-history":[{"count":7,"href":"https:\/\/www.leccecronaca.it\/index.php\/wp-json\/wp\/v2\/posts\/203116\/revisions"}],"predecessor-version":[{"id":203137,"href":"https:\/\/www.leccecronaca.it\/index.php\/wp-json\/wp\/v2\/posts\/203116\/revisions\/203137"}],"wp:featuredmedia":[{"embeddable":true,"href":"https:\/\/www.leccecronaca.it\/index.php\/wp-json\/wp\/v2\/media\/203118"}],"wp:attachment":[{"href":"https:\/\/www.leccecronaca.it\/index.php\/wp-json\/wp\/v2\/media?parent=203116"}],"wp:term":[{"taxonomy":"category","embeddable":true,"href":"https:\/\/www.leccecronaca.it\/index.php\/wp-json\/wp\/v2\/categories?post=203116"},{"taxonomy":"post_tag","embeddable":true,"href":"https:\/\/www.leccecronaca.it\/index.php\/wp-json\/wp\/v2\/tags?post=203116"}],"curies":[{"name":"wp","href":"https:\/\/api.w.org\/{rel}","templated":true}]}}