{"id":203237,"date":"2022-08-01T12:59:50","date_gmt":"2022-08-01T10:59:50","guid":{"rendered":"http:\/\/www.leccecronaca.it\/?p=203237"},"modified":"2022-08-01T12:59:53","modified_gmt":"2022-08-01T10:59:53","slug":"il-degrado-del-suolo-nostra-vera-emergenza","status":"publish","type":"post","link":"https:\/\/www.leccecronaca.it\/index.php\/2022\/08\/01\/il-degrado-del-suolo-nostra-vera-emergenza\/","title":{"rendered":"IL DEGRADO DEL SUOLO, NOSTRA VERA EMERGENZA"},"content":{"rendered":"\n<p>Riceviamo e volentieri pubblichiamo. Il Movimento Salva il Suolo ci manda il seguente comunicato (nella foto, il fondatore, il leader spirituale indiano Sadhguru, a Roma nel marzo scorso) ______<\/p>\n\n\n\n<p><img decoding=\"async\" loading=\"lazy\" width=\"696\" height=\"464\" class=\"wp-image-203239\" style=\"width: 900px;\" src=\"https:\/\/www.leccecronaca.it\/wordpress\/wp-content\/uploads\/2022\/08\/next_static_media_sadhguru.535a938a-696x464-1.jpg\" alt=\"\" srcset=\"https:\/\/www.leccecronaca.it\/wordpress\/wp-content\/uploads\/2022\/08\/next_static_media_sadhguru.535a938a-696x464-1.jpg 696w, https:\/\/www.leccecronaca.it\/wordpress\/wp-content\/uploads\/2022\/08\/next_static_media_sadhguru.535a938a-696x464-1-300x200.jpg 300w\" sizes=\"(max-width: 696px) 100vw, 696px\" \/><\/p>\n\n\n\n<p><strong>Un Suolo sano \u00e8 la soluzione ai problemi di siccit\u00e0 dell&#8217;Italia?\u00a0<\/strong><\/p>\n\n\n\n<p>&#8211; A seguito della pi\u00f9 grave siccit\u00e0 degli ultimi 70 anni, l&#8217;Italia ha dichiarato lo&nbsp;stato di emergenza in cinque regioni del nord che circondano il fiume Po.&nbsp;<\/p>\n\n\n\n<p>&#8211; La Coldiretti ha sottolineato che la siccit\u00e0 minaccia oltre il 30% dei prodotti agricoli italiani.&nbsp;<\/p>\n\n\n\n<p>&#8211; Il Movimento Globale <strong>Salva il Suolo<\/strong>, sostenuto dalle Nazioni Unite e dal Programma&nbsp; Alimentare Mondiale, individua un unico modo per fare fronte alla crisi delle colture italiane,&nbsp; riducendo il rischio e l&#8217;impatto della siccit\u00e0:&nbsp;&nbsp;<\/p>\n\n\n\n<p>aumentare la materia organica del suolo affinch\u00e9 arrivi a costituire dal 3% al 6%.&nbsp;<\/p>\n\n\n\n<p>Il Suolo, infatti, \u00e8 al centro dei sistemi e dei cicli naturali del nostro pianeta. Purtroppo, questa&nbsp; risorsa fondamentale sta subendo un grave depauperamento in tutto il mondo. Secondo il pi\u00f9&nbsp; recente rapporto dell&#8217;Organizzazione delle Nazioni Unite per l&#8217;Alimentazione e l&#8217;Agricoltura&nbsp; (FAO), &#8220;The State of the World&#8217;s Land and Water Resources for Food and Agriculture (SOLAW)&#8221;,&nbsp; 2021, si \u00e8 registrata una tendenza allarmante allo sfruttamento delle risorse del suolo.&nbsp;<\/p>\n\n\n\n<p><strong>In Italia i terreni agricoli hanno in media solo l&#8217;1,2% di carbonio organico del suolo. Si tratta di&nbsp; un valore estremamente vicino alla soglia dell&#8217;1%, al di sotto della quale i terreni sono&nbsp; considerati desertificati. I terreni dei vigneti italiani hanno gi\u00e0 raggiunto questa soglia <\/strong><strong><sup>1<\/sup><\/strong><strong>.<\/strong><strong>&nbsp;<\/strong><\/p>\n\n\n\n<p>Il degrado del suolo aggrava una serie di problemi globali, <strong>tra cui la siccit\u00e0<\/strong>. \u00c8 stato dimostrato&nbsp; che un aumento della Materia Organica del Suolo (SOM) porta a un aumento della porosit\u00e0 del&nbsp; terreno che funge da volume di stoccaggio per l&#8217;acqua nel suolo. L&#8217;acqua \u00e8 quindi prontamente&nbsp; disponibile per le piante e i microbi<sup>2<\/sup>. Per comprendere l&#8217;enormit\u00e0 di questo processo, dobbiamo&nbsp; tenere presente che <strong>l&#8217;acqua immagazzinata nel suolo soddisfa circa il 90% della domanda di&nbsp; acqua per la produzione agricola globale<\/strong><sup>3-4<\/sup><strong>. <\/strong>Secondo Jehangir et al., un aumento della <strong>SOM di&nbsp; appena l&#8217;1% pu\u00f2 incrementare la capacit\u00e0 di ritenzione idrica del suolo fino a 20.000 galloni&nbsp; per acro<\/strong><sup>5 <\/sup>(circa 75.000 litri per 4.000 mq).&nbsp;<\/p>\n\n\n\n<p>La SOM pu\u00f2 essere definita come &#8220;qualsiasi materiale prodotto da organismi viventi (vegetali o&nbsp; animali) che viene restituito al suolo e passa attraverso il processo di decomposizione<sup>6<\/sup>&#8220;. I segni&nbsp; della diminuzione della SOM e della pressione sugli ecosistemi del suolo includono: riduzione o&nbsp; stagnazione dei raccolti, riduzione della capacit\u00e0 di trattenere l&#8217;acqua e valore nutritivo dei&nbsp; prodotti coltivati, desertificazione e rilascio accelerato di anidride carbonica di questi terreni&nbsp; che contribuiscono cos\u00ec al riscaldamento globale.&nbsp;<\/p>\n\n\n\n<p>Una quantit\u00e0 sufficiente di SOM \u00e8 fondamentale per garantire la salute dei terreni, in quanto ne&nbsp; preserva le propriet\u00e0 fisico-chimiche e la struttura, che sono in grado di generare la vita. Un&nbsp; suolo sano, a sua volta, \u00e8 fondamentale per correggere i danni ecologici, conseguenza&nbsp; dell&#8217;attivit\u00e0 umana.&nbsp;<\/p>\n\n\n\n<p><em>\u201cIl ruolo del suolo, fondamentale per gli equilibri della biosfera da cui dipende il benessere&nbsp; dell\u2019umanit\u00e0, non viene <a href=\"javascript:mails_addtocal(1,&quot;oggi&quot;);\">oggi<\/a> adeguatamente considerato. Per cambiare passo bisogna costruire&nbsp; un quadro d\u2019azione specifico, in grado di arrestare il degrado del suolo e contrastare la&nbsp; desertificazione. Per questo, con l\u2019ASviS, condividiamo le iniziative del movimento Salva il Suolo&nbsp; volte a diffondere una maggiore consapevolezza sulla necessit\u00e0 di conoscere e proteggere il&nbsp; suolo, nell&#8217;ambito dell\u2019impegno per affermare una nuova cultura del benessere basata sul&nbsp; rispetto dell\u2019ambiente.\u201d <\/em>&#8211; <strong>Pierluigi Stefanini, Presidente ASviS (Alleanza Italiana per lo&nbsp; Sviluppo Sostenibile)&nbsp;<\/strong><\/p>\n\n\n\n<p><em>\u201cL\u2019emergenza di <a href=\"javascript:mails_addtocal(1,&quot;oggi&quot;);\">oggi<\/a> richiede azioni di intervento a tutela e salvaguardia straordinarie ed&nbsp; urgenti che solo la politica, con gli strumenti che ha a disposizione per legiferare, pu\u00f2 garantire.&nbsp; Salva il Suolo ha individuato perfettamente il modo per portare il lavoro, prezioso e silenzioso,&nbsp; finora svolto dal suolo al servizio della vita sui tavoli di discussione di chi \u00e8 in grado di garantirne&nbsp; la salvaguardia e lo ha fatto con un coinvolgimento globale e popolare in grado di impedire&nbsp; qualsiasi fuga dalla responsabilit\u00e0.\u201d <\/em>&#8211; <strong>Daniela Saltarin, Geologa, Vice Presidente Plant for the&nbsp; Planet Italia&nbsp;<\/strong><\/p>\n\n\n\n<p><em>\u201cDa specialista sui temi dell\u2019Agenda 2030 e da scienziata della sostenibilit\u00e0, il degrado del suolo&nbsp; nel nostro paese \u00e8 un\u2019emergenza relativa a tutti i suoi servizi ecosistemici, cio\u00e8 ai benefici che&nbsp; esso fornisce ai nostri territori. Questo vuol dire che, anche nel nostro paese, il suolo sta&nbsp; perdendo le sue funzioni, che lo sta facendo sempre pi\u00f9 rapidamente e che questo processo&nbsp; impatta dimensioni biofisiche ed economiche dalla portata devastante.&nbsp;&nbsp;<\/em><\/p>\n\n\n\n<p><em>L\u2019emergenza suolo in atto \u00e8 frutto di un meccanismo complesso che impatta tutti i servizi&nbsp; necessari al nostro sostentamento e richiede soluzioni sistemiche. I cambiamenti ambientali in&nbsp; corso stanno aggravando i processi degradativi del suolo che troppo spesso risultano evidenti&nbsp; solo quando sono irreversibili.&nbsp;&nbsp;<\/em><em>Il suolo \u00e8 la piattaforma della vita ma \u00e8 anche una risorsa fragile e non rinnovabile troppo&nbsp; spesso considerata con scarsa consapevolezza. Il movimento Salva il Suolo sta lavorando con un&nbsp; impatto senza precedenti sulla diffusione capillare di questa consapevolezza. Credo che il&nbsp; movimento sia importante per la sua competenza nell&#8217;informare le persone e che sia&nbsp; assolutamente necessario per la sua capacit\u00e0 di parlare al cuore e muovere le coscienze.\u201d <\/em>&#8211; <strong>Vienna Eleuteri, Presidente BLYP &#8211; Be Like Your Place&nbsp;<\/strong><\/p>\n\n\n\n<p><em>\u201cRiteniamo importante un intervento politico che garantisca alle future generazioni di avere un&nbsp; suolo sano e adatto a preservare la vita di ogni essere vivente.&nbsp;&nbsp;<\/em><\/p>\n\n\n\n<p><em>In questo ambito Plastic Free Onlus supporta il messaggio del movimento mondiale Salva il&nbsp; Suolo e auspica che le istituzioni si interessino e agiscano per un cambio di rotta necessario&nbsp; quanto urgente.\u201d <\/em>&#8211; <strong>Paolo Monesi, Coordinatore nazionale Comuni ed Enti Plastic Free&nbsp;<\/strong><\/p>\n\n\n\n<p><em>&#8220;La siccit\u00e0 non \u00e8 solo l&#8217;assenza di pioggia; spesso \u00e8 alimentata dal degrado del territorio e dai&nbsp; cambiamenti climatici. Insieme, possiamo superare i suoi effetti devastanti sulle persone e sulla&nbsp; natura in tutto il mondo e iniziare a prepararci ora per rendere il nostro futuro a prova di&nbsp; siccit\u00e0&#8221;. &#8211; <\/em><strong>Teresa Ribera Rodr\u00edguez, Vicepresidente del Governo Spagnolo e Ministro della&nbsp; Transizione Ecologica e della Sfida Demografica<\/strong> (la Giornata della Desertificazione e della Siccit\u00e0&nbsp; del 2022 \u00e8 stata ufficialmente ospitata dalla Spagna).&nbsp;<\/p>\n\n\n\n<p>La siccit\u00e0 sta aumentando in frequenza e gravit\u00e0, con un incremento del 29% dal 2000 a <a href=\"javascript:mails_addtocal(1,&quot;oggi&quot;);\">oggi<\/a> e&nbsp; 55 milioni di persone colpite ogni anno<sup>7<\/sup>. Il mese scorso <strong>le Nazioni Unite hanno riferito che&nbsp; entro il 2050 la siccit\u00e0 potrebbe colpire circa il 75% della popolazione mondiale<\/strong><sup>8<\/sup>. \u00c8 un&nbsp; problema globale e urgente.&nbsp;<\/p>\n\n\n\n<p><em>&#8220;Le recenti siccit\u00e0 indicano un futuro precario per il mondo. Negli ultimi anni si sono intensificate&nbsp; le carenze alimentari e idriche, nonch\u00e9 gli incendi selvaggi causati dalla grave siccit\u00e0&#8221;. <\/em>&#8211; <strong>Ibrahim&nbsp; Thiaw, Segretario Esecutivo dell&#8217;UNCCD<\/strong><\/p>\n\n\n\n<p><strong>Salva il Suolo <\/strong>\u00e8 un movimento sostenuto dalle Nazioni Unite e dal Programma Alimentare&nbsp; Mondiale (WFP) per affrontare la crisi globale del degrado del suolo e sostenere i governi&nbsp; nell&#8217;attuazione di cambiamenti concreti delle politiche per ripristinarne il contenuto organico.&nbsp;<\/p>\n\n\n\n<p>74 nazioni hanno espresso il loro sostegno al movimento e alle politiche per la salute del suolo. 10 nazioni hanno firmato protocolli d&#8217;intesa con Salva il Suolo.&nbsp;<\/p>\n\n\n\n<p>3,9 miliardi di persone hanno espresso il loro sostegno a Salva il Suolo.&nbsp;<\/p>\n\n\n\n<p>Decine di migliaia di persone hanno partecipato a eventi Salva il Suolo in tutta Europa negli&nbsp; ultimi mesi.&nbsp;<\/p>\n\n\n\n<p>La raccomandazione principale del movimento Salva il Suolo \u00e8 <strong>che i governi di tutto il mondo&nbsp;emanino leggi che impongano un contenuto organico minimo del 3-6% in tutti i terreni&nbsp; agricoli del loro paese.&nbsp;&nbsp;<\/strong><\/p>\n\n\n\n<p>Il fondatore del movimento, Sadhguru, ha recentemente completato un viaggio in moto in&nbsp; solitaria di 30.000 km attraverso 27 Paesi, da Londra all&#8217;India meridionale, incontrando esperti,&nbsp; influencer, artisti e politici per affrontare la crisi del degrado del suolo. Ad aprile si \u00e8 tenuto a&nbsp; <strong>Roma <\/strong>un &nbsp;<a href=\"https:\/\/twitter.com\/SadhguruJV\/status\/1510285640591888390\" target=\"_blank\" rel=\"noreferrer noopener\">concerto<\/a>&nbsp;&nbsp; dedicato a Salva il Suolo organizzato da <strong>Billboard <\/strong>con la partecipazione di&nbsp; artisti italiani tra cui Elisa, Malika Ayane, Noemi, Brunori Sas, Fabio Volo, Giovanni Caccamo e&nbsp; Carlo Pastore.&nbsp;<\/p>\n\n\n\n<p>Sadhguru \u00e8 intervenuto anche alla 15\u00aa sessione della Conferenza delle Parti della Convenzione&nbsp; delle Nazioni Unite sulla lotta alla desertificazione (UNCCD COP15), tenutasi in Costa d&#8217;Avorio a&nbsp; maggio. Erano presenti i rappresentanti di 197 nazioni. Nello stesso mese, Sadhguru ha parlato&nbsp; anche al World Economic Forum (WEF) di Davos. In entrambi gli eventi, il fondatore di Salva il&nbsp; Suolo ha esortato i leader politici, imprenditoriali e culturali a favorire passi urgenti e decisivi&nbsp; per fermare la rapida desertificazione della Terra.&nbsp;<\/p>\n\n\n\n<p>Il Movimento Conscious Planet &#8211; Salva il Suolo \u00e8 il culmine di 20 anni di lavoro con gli agricoltori che si occupano a vari livelli di terreni degradati. Tutta l&#8217;esperienza maturata porta a una&nbsp; conclusione: l&#8217;unica soluzione per affrontare tutti i problemi che affliggono il suolo agricolo nel&nbsp; mondo, \u00e8 concentrarsi sull&#8217;aumento della Materia Organica del Suolo (SOM) fino a un minimo&nbsp; del 3-6%.&nbsp;<\/p>\n\n\n\n<p><em>&#8220;In questo momento, l&#8217;aspetto pi\u00f9 importante per la salvaguardia della natura \u00e8 il suolo. Se non&nbsp; fermiamo il degrado del suolo, il pianeta non sar\u00e0 pi\u00f9 adatto alla vita degli esseri umani&#8221;. &#8211; <\/em>Sadhguru<\/p>\n\n\n\n<p><em>&#8220;Se non c&#8217;\u00e8 ricchezza nel suolo, non ci sar\u00e0 ricchezza nella vita. Se non facciamo qualcosa di&nbsp; significativo nei prossimi due decenni, ci sar\u00e0 un grave prezzo da pagare&#8221;. &#8211; <\/em>Sadhguru&nbsp;<\/p>\n\n\n\n<p>Conscious Planet &#8211; Salva il Suolo, \u00e8 un movimento globale che intende ispirare un approccio&nbsp; consapevole alla salvaguardia del suolo e del pianeta. L&#8217;obiettivo \u00e8 ottenere il sostegno di oltre&nbsp; 3,5 miliardi di cittadini (oltre il 60% della popolazione mondiale votante) in tutto il mondo e&nbsp; fornire ai governi strumenti per avviare azioni politiche attive ed efficaci. Leader mondiali,&nbsp; influencer, artisti, esperti, agricoltori, leader spirituali, ONG e cittadini sostengono a gran voce il movimento per ristabilire il rapporto dell&#8217;umanit\u00e0 con il suolo.&nbsp;<\/p>\n\n\n\n<p>Per ulteriori informazioni, inviare un&#8217;e-mail: <a href=\"javascript:message_new('mailto', {mailto:'contact.it@consciousplanet.org', folder:'SU5CT1g=', msgid:'', subject: '', body:'0'})\">contact.it@consciousplanet.org<\/a><\/p>\n\n\n\n<p> ______<\/p>\n\n\n\n<p>L&#8217;APPROFONDIMENTO nei nostri articoli del 23 e 29 giugno scorsi<\/p>\n\n\n\n<p><blockquote class=\"wp-embedded-content\" data-secret=\"XYyaFiyGQ9\"><a href=\"https:\/\/www.leccecronaca.it\/index.php\/2022\/06\/23\/desertificazione-del-territorio-lallarme-continua\/\">DESERTIFICAZIONE DEL TERRITORIO, L&#8217;ALLARME CONTINUA<\/a><\/blockquote><iframe class=\"wp-embedded-content\" sandbox=\"allow-scripts\" security=\"restricted\" style=\"position: absolute; clip: rect(1px, 1px, 1px, 1px);\" title=\"&#8220;DESERTIFICAZIONE DEL TERRITORIO, L&#8217;ALLARME CONTINUA&#8221; &#8212; LecceCronaca.it\" src=\"https:\/\/www.leccecronaca.it\/index.php\/2022\/06\/23\/desertificazione-del-territorio-lallarme-continua\/embed\/#?secret=YsNVakREtv#?secret=XYyaFiyGQ9\" data-secret=\"XYyaFiyGQ9\" width=\"500\" height=\"282\" frameborder=\"0\" marginwidth=\"0\" marginheight=\"0\" scrolling=\"no\"><\/iframe><\/p>\n\n\n\n<p><blockquote class=\"wp-embedded-content\" data-secret=\"oh3Are80Za\"><a href=\"https:\/\/www.leccecronaca.it\/index.php\/2022\/06\/29\/incombe-la-siccita-ma-come-combatterla\/\">INCOMBE LA SICCITA&#8217;, MA COME COMBATTERLA?<\/a><\/blockquote><iframe class=\"wp-embedded-content\" sandbox=\"allow-scripts\" security=\"restricted\" style=\"position: absolute; clip: rect(1px, 1px, 1px, 1px);\" title=\"&#8220;INCOMBE LA SICCITA&#8217;, MA COME COMBATTERLA?&#8221; &#8212; LecceCronaca.it\" src=\"https:\/\/www.leccecronaca.it\/index.php\/2022\/06\/29\/incombe-la-siccita-ma-come-combatterla\/embed\/#?secret=hEPavDnLzI#?secret=oh3Are80Za\" data-secret=\"oh3Are80Za\" width=\"500\" height=\"282\" frameborder=\"0\" marginwidth=\"0\" marginheight=\"0\" scrolling=\"no\"><\/iframe><\/p>\n\n\n\n<p><\/p>\n<fb:like href='https:\/\/www.leccecronaca.it\/index.php\/2022\/08\/01\/il-degrado-del-suolo-nostra-vera-emergenza\/' send='true' layout='button_count' show_faces='true' width='450' height='65' action='recommend' colorscheme='light' font='lucida grande'><\/fb:like><span class=\"fb_share\"><fb:like href=\"https:\/\/www.leccecronaca.it\/index.php\/2022\/08\/01\/il-degrado-del-suolo-nostra-vera-emergenza\/\" layout=\"button_count\"><\/fb:like><\/span>","protected":false},"excerpt":{"rendered":"<p>Riceviamo e volentieri pubblichiamo. Il Movimento Salva il Suolo ci manda il seguente comunicato (nella foto, il fondatore, il leader spirituale indiano Sadhguru, a Roma nel marzo scorso) ______ Un Suolo sano \u00e8 la soluzione ai problemi di siccit\u00e0 dell&#8217;Italia?\u00a0 &#8211; A seguito della pi\u00f9 grave siccit\u00e0 degli ultimi 70 anni, l&#8217;Italia ha dichiarato lo&nbsp;stato [&hellip;]<\/p>\n","protected":false},"author":4,"featured_media":203239,"comment_status":"open","ping_status":"closed","sticky":false,"template":"","format":"standard","meta":[],"categories":[1,31,76,36],"tags":[],"_links":{"self":[{"href":"https:\/\/www.leccecronaca.it\/index.php\/wp-json\/wp\/v2\/posts\/203237"}],"collection":[{"href":"https:\/\/www.leccecronaca.it\/index.php\/wp-json\/wp\/v2\/posts"}],"about":[{"href":"https:\/\/www.leccecronaca.it\/index.php\/wp-json\/wp\/v2\/types\/post"}],"author":[{"embeddable":true,"href":"https:\/\/www.leccecronaca.it\/index.php\/wp-json\/wp\/v2\/users\/4"}],"replies":[{"embeddable":true,"href":"https:\/\/www.leccecronaca.it\/index.php\/wp-json\/wp\/v2\/comments?post=203237"}],"version-history":[{"count":1,"href":"https:\/\/www.leccecronaca.it\/index.php\/wp-json\/wp\/v2\/posts\/203237\/revisions"}],"predecessor-version":[{"id":203240,"href":"https:\/\/www.leccecronaca.it\/index.php\/wp-json\/wp\/v2\/posts\/203237\/revisions\/203240"}],"wp:featuredmedia":[{"embeddable":true,"href":"https:\/\/www.leccecronaca.it\/index.php\/wp-json\/wp\/v2\/media\/203239"}],"wp:attachment":[{"href":"https:\/\/www.leccecronaca.it\/index.php\/wp-json\/wp\/v2\/media?parent=203237"}],"wp:term":[{"taxonomy":"category","embeddable":true,"href":"https:\/\/www.leccecronaca.it\/index.php\/wp-json\/wp\/v2\/categories?post=203237"},{"taxonomy":"post_tag","embeddable":true,"href":"https:\/\/www.leccecronaca.it\/index.php\/wp-json\/wp\/v2\/tags?post=203237"}],"curies":[{"name":"wp","href":"https:\/\/api.w.org\/{rel}","templated":true}]}}