{"id":203416,"date":"2022-08-04T12:42:00","date_gmt":"2022-08-04T10:42:00","guid":{"rendered":"http:\/\/www.leccecronaca.it\/?p=203416"},"modified":"2022-08-04T16:21:04","modified_gmt":"2022-08-04T14:21:04","slug":"torre-squillace-marina-di-nardo-ricorda-il-suo-lucio-battisti-con-una-statua","status":"publish","type":"post","link":"https:\/\/www.leccecronaca.it\/index.php\/2022\/08\/04\/torre-squillace-marina-di-nardo-ricorda-il-suo-lucio-battisti-con-una-statua\/","title":{"rendered":"TORRE SQUILLACE, MARINA DI NARDO&#8217;, RICORDA IL &#8216;SUO&#8217;  LUCIO BATTISTI CON UNA STATUA"},"content":{"rendered":"\n<p>Riceviamo e volentieri pubblichiamo. L&#8217;ufficio stampa del Comune di Nard\u00f2 ci manda il seguente comunicato \u00a0______ <\/p>\n\n\n\n<p><img decoding=\"async\" loading=\"lazy\" width=\"1152\" height=\"2048\" class=\"wp-image-203417\" style=\"width: 1200px;\" src=\"https:\/\/www.leccecronaca.it\/wordpress\/wp-content\/uploads\/2022\/08\/statua-di-Lucio-Battisti.jpg\" alt=\"\" srcset=\"https:\/\/www.leccecronaca.it\/wordpress\/wp-content\/uploads\/2022\/08\/statua-di-Lucio-Battisti.jpg 1152w, https:\/\/www.leccecronaca.it\/wordpress\/wp-content\/uploads\/2022\/08\/statua-di-Lucio-Battisti-169x300.jpg 169w, https:\/\/www.leccecronaca.it\/wordpress\/wp-content\/uploads\/2022\/08\/statua-di-Lucio-Battisti-576x1024.jpg 576w, https:\/\/www.leccecronaca.it\/wordpress\/wp-content\/uploads\/2022\/08\/statua-di-Lucio-Battisti-768x1365.jpg 768w, https:\/\/www.leccecronaca.it\/wordpress\/wp-content\/uploads\/2022\/08\/statua-di-Lucio-Battisti-864x1536.jpg 864w\" sizes=\"(max-width: 1152px) 100vw, 1152px\" \/><\/p>\n\n\n\n<p>UNA STATUA FA RIVIVERE IL MITO DI LUCIO BATTISTI A TORRE SQUILLACE<br>L\u2019opera in bronzo di Dario Tarantino. Sabato 6 agosto inaugurazione e concerto \u201camarcord\u201d<\/p>\n\n\n\n<p>A Torre Squillace si riaccende il mito di Lucio Battisti grazie a una statua in bronzo che l\u2019amministrazione comunale inaugurer\u00e0 sabato 6 agosto su lungomare Cristoforo Colombo. L\u2019opera sar\u00e0 posta a pochi metri dall\u2019abitazione che negli anni tra il 1969 e il 1973 fu di propriet\u00e0 di Mogol e che ospit\u00f2 spesso proprio il cantautore di Poggio Bustone. Come ha confermato lo stesso paroliere qualche anno fa, in quella casa nacquero alcune delle canzoni pi\u00f9 belle del celebre duo della musica leggera italiana.<\/p>\n\n\n\n<p><br>La statua \u00e8 stata commissionata a Dario Tarantino, che ha realizzato un modello in argilla a grandezza naturale basandosi su alcune immagini dell\u2019artista e che ha poi seguito i successivi passaggi dello stampo in gesso e della fusione in bronzo eseguiti dalla \u201cFonderia artistica prof. Magnifico Michele\u201d di Modugno (Bari). Un lavoro complesso, durato alcuni mesi, che ha esaltato l\u2019estro e le capacit\u00e0 del cinquantenne scultore neretino, figlio di Giuseppe Tarantino, nel cui laboratorio artigianale ha imparato sin da giovanissimo i segreti del mestiere e ha affinato il talento artistico sulla pietra leccese, realizzando intagli e decorazioni, ma soprattutto sculture ricavate interamente a mano da monoliti. La sua passione lo ha portato a spaziare tra design contemporaneo, musica e tutte le arti, spingendolo a una predilezione per l\u2019esaltazione delle donne. Nel 2014 l\u2019incontro con il pittore di fama internazionale Dirk Verdoorn, che lo ha accompagnato nel fondamentale progetto artistico \u201cIn Sincrono\u201d, da cui scaturisce la partecipazione a numerose collettive nazionali e internazionali (come l\u2019Art Shopping di Parigi nelle sale del Louvre) e a una serie di mostre personali a Lecce, Ostuni, Roma e Bari. Collabora con gallerie d&#8217;arte nazionali ed internazionali, soprattutto in Francia, sostenuto da \u201cLe Galerie Cantele\u201d ad Honfleur. In questi giorni una sua personale \u00e8 visitabile in citt\u00e0 in corso Vittorio Emanuele n. 8.<br>Ospite speciale della serata sar\u00e0 Andrea Barbacane, nipote di Lucio Battisti. Il taglio del nastro \u00e8 previsto alle ore 19, alla presenza, tra gli altri, del sindaco Pippi Mellone e dell\u2019assessora alla Cultura Giulia Puglia.<br>\u201cAnche a distanza di molti anni \u2013 ricorda Giulia Puglia \u2013 \u00e8 ancora viva la traccia della presenza di Mogol e Battisti nei ricordi e nel sentimento comune dei residenti di Torre Squillace. Ma non solo dei residenti, perch\u00e9 sono tanti i visitatori della marina incuriositi dai luoghi che hanno ispirato due giganti della musica e della cultura popolare italiana. La statua \u00e8 un simbolo con il quale abbiamo voluto dare un senso tangibile di questa incredibile vicenda storica, accanto alla casa di Mogol, ai ricordi della gente e ai racconti pi\u00f9 o meno leggendari di quel periodo\u201d.<br>La serata proseguir\u00e0 poi Il nostro canto libero, che a partire dalle ore 21:30 vedr\u00e0 esibirsi la live band \u201cLa storia siamo noi\u201d. Si tratta di una iniziativa artistica di Torre Squillace A.P.S. associazione di promozione sociale presieduta da Enrico Cordella, con il patrocinio di Regione Puglia, Provincia di Lecce e Comune di Nard\u00f2. Una carrellata \u201camarcord\u201d dei grandi successi di Battisti eseguiti dalla band nata nel 1998, pochi giorni dopo la scomparsa dell\u2019artista, e composta da Piero Plantera (voce e piano), Mim\u00ec Petrucelli (voce e chitarre), Roberto Duma (batteria), Dario Cota (tastiere), Umberto Malagnino (basso) ed Enrico Duma (chitarre). Nel corso del concerto sono previsti alcuni intermezzi dedicati agli interventi di Andrea Barbacane, che racconter\u00e0 aneddoti sulla vita di Battisti e che si sottoporr\u00e0 alle domande e alle curiosit\u00e0 del pubblico, e una speciale dedica da parte degli organizzatori all\u2019impegno degli operatori sanitari.<br>Gli organizzatori hanno previsto l\u2019allestimento di stand gastronomici e di un angolo dedicato alla vendita di t-shirt dedicate a Lucio Battisti.<br><\/p>\n<fb:like href='https:\/\/www.leccecronaca.it\/index.php\/2022\/08\/04\/torre-squillace-marina-di-nardo-ricorda-il-suo-lucio-battisti-con-una-statua\/' send='true' layout='button_count' show_faces='true' width='450' height='65' action='recommend' colorscheme='light' font='lucida grande'><\/fb:like><span class=\"fb_share\"><fb:like href=\"https:\/\/www.leccecronaca.it\/index.php\/2022\/08\/04\/torre-squillace-marina-di-nardo-ricorda-il-suo-lucio-battisti-con-una-statua\/\" layout=\"button_count\"><\/fb:like><\/span>","protected":false},"excerpt":{"rendered":"<p>Riceviamo e volentieri pubblichiamo. L&#8217;ufficio stampa del Comune di Nard\u00f2 ci manda il seguente comunicato \u00a0______ UNA STATUA FA RIVIVERE IL MITO DI LUCIO BATTISTI A TORRE SQUILLACEL\u2019opera in bronzo di Dario Tarantino. Sabato 6 agosto inaugurazione e concerto \u201camarcord\u201d A Torre Squillace si riaccende il mito di Lucio Battisti grazie a una statua in [&hellip;]<\/p>\n","protected":false},"author":4,"featured_media":203417,"comment_status":"open","ping_status":"closed","sticky":false,"template":"","format":"standard","meta":[],"categories":[31,75],"tags":[],"_links":{"self":[{"href":"https:\/\/www.leccecronaca.it\/index.php\/wp-json\/wp\/v2\/posts\/203416"}],"collection":[{"href":"https:\/\/www.leccecronaca.it\/index.php\/wp-json\/wp\/v2\/posts"}],"about":[{"href":"https:\/\/www.leccecronaca.it\/index.php\/wp-json\/wp\/v2\/types\/post"}],"author":[{"embeddable":true,"href":"https:\/\/www.leccecronaca.it\/index.php\/wp-json\/wp\/v2\/users\/4"}],"replies":[{"embeddable":true,"href":"https:\/\/www.leccecronaca.it\/index.php\/wp-json\/wp\/v2\/comments?post=203416"}],"version-history":[{"count":1,"href":"https:\/\/www.leccecronaca.it\/index.php\/wp-json\/wp\/v2\/posts\/203416\/revisions"}],"predecessor-version":[{"id":203418,"href":"https:\/\/www.leccecronaca.it\/index.php\/wp-json\/wp\/v2\/posts\/203416\/revisions\/203418"}],"wp:featuredmedia":[{"embeddable":true,"href":"https:\/\/www.leccecronaca.it\/index.php\/wp-json\/wp\/v2\/media\/203417"}],"wp:attachment":[{"href":"https:\/\/www.leccecronaca.it\/index.php\/wp-json\/wp\/v2\/media?parent=203416"}],"wp:term":[{"taxonomy":"category","embeddable":true,"href":"https:\/\/www.leccecronaca.it\/index.php\/wp-json\/wp\/v2\/categories?post=203416"},{"taxonomy":"post_tag","embeddable":true,"href":"https:\/\/www.leccecronaca.it\/index.php\/wp-json\/wp\/v2\/tags?post=203416"}],"curies":[{"name":"wp","href":"https:\/\/api.w.org\/{rel}","templated":true}]}}