{"id":203558,"date":"2022-08-08T15:55:50","date_gmt":"2022-08-08T13:55:50","guid":{"rendered":"http:\/\/www.leccecronaca.it\/?p=203558"},"modified":"2022-08-16T13:31:27","modified_gmt":"2022-08-16T11:31:27","slug":"il-reportage-siamo-andati-a-castro-marina-una-settimana-dopo-lincendio-che-ha-devastato-la-collina-e-i-territori-adiacenti-ecco-che-cosa-abbiamo-visto-che-cosa-abbiamo-sentito-dai-testimoni-e","status":"publish","type":"post","link":"https:\/\/www.leccecronaca.it\/index.php\/2022\/08\/08\/il-reportage-siamo-andati-a-castro-marina-una-settimana-dopo-lincendio-che-ha-devastato-la-collina-e-i-territori-adiacenti-ecco-che-cosa-abbiamo-visto-che-cosa-abbiamo-sentito-dai-testimoni-e\/","title":{"rendered":"IL REPORTAGE \/ SIAMO ANDATI A CASTRO MARINA, UNA SETTIMANA DOPO L&#8217;INCENDIO CHE HA DEVASTATO LA COLLINA"},"content":{"rendered":"<p><img decoding=\"async\" loading=\"lazy\" class=\"alignnone wp-image-203560 size-full\" src=\"https:\/\/www.leccecronaca.it\/wordpress\/wp-content\/uploads\/2022\/08\/DCIM-001-0004563636.jpeg\" alt=\"\" width=\"1078\" height=\"1082\" srcset=\"https:\/\/www.leccecronaca.it\/wordpress\/wp-content\/uploads\/2022\/08\/DCIM-001-0004563636.jpeg 1078w, https:\/\/www.leccecronaca.it\/wordpress\/wp-content\/uploads\/2022\/08\/DCIM-001-0004563636-300x300.jpeg 300w, https:\/\/www.leccecronaca.it\/wordpress\/wp-content\/uploads\/2022\/08\/DCIM-001-0004563636-1020x1024.jpeg 1020w, https:\/\/www.leccecronaca.it\/wordpress\/wp-content\/uploads\/2022\/08\/DCIM-001-0004563636-150x150.jpeg 150w, https:\/\/www.leccecronaca.it\/wordpress\/wp-content\/uploads\/2022\/08\/DCIM-001-0004563636-768x771.jpeg 768w, https:\/\/www.leccecronaca.it\/wordpress\/wp-content\/uploads\/2022\/08\/DCIM-001-0004563636-60x60.jpeg 60w\" sizes=\"(max-width: 1078px) 100vw, 1078px\" \/><\/p>\n<p><strong>ECCO CHE COSA ABBIAMO VISTO, CHE COSA ABBIAMO SENTITO, E CHE COSA E&#8217; RIMASTO, DOPO L&#8217;INFERNO DI UN CIELO DA CUI CADEVA CENERE E DI FIAMME CHE HANNO BRUCIATO IL FUTURO <\/strong><\/p>\n<p>di&nbsp;<strong>Flora Fina<\/strong> ______<\/p>\n<p><em>\u201cPenso che la fine dei nostri posti, del nostro Salento sia ormai vicina. \u00c8 inutile continuare a dire che la situazione \u00e8 insostenibile, siamo ben oltre. Quella notte di una settimana fa me la ricordo benissimo. Passa inosservata soltanto perch\u00e9 \u00e8 una nottata fra le tante in cui tutto ha preso fuoco e basta. Ma non \u00e8 cos\u00ec. Io me lo ricordo benissimo quel momento: un fumo che non ti faceva respirare, gli occhi che bruciavano e non vedevi nulla, assolutamente nulla.&nbsp; E poi un caldo terribile, tanto quanto la paura di lasciarci le penne, i pianti e le urla, i miei cani che ululavano in preda al panico, lo stesso panico che provavo io, e che quasi mi scappava da piangere \u201d<\/em><\/p>\n<p>A parlare \u00e8 Corrado, stringe tra le mani il suo cellulare, delle mani che tremano \u2013 forse in preda all\u2019emozione per le mie domande, forse al solo pensiero dell\u2019inferno in terra che ha vissuto \u2013 mentre \u00e8 quasi sull\u2019orlo di un pianto disperato, nel momento in cui cerca di spiegarmi cosa \u00e8 accaduto a Castro, soltanto una settimana fa, quando la collina a ridosso del paese ha interamente preso fuoco.<\/p>\n<p><img decoding=\"async\" loading=\"lazy\" class=\"alignnone wp-image-203563 size-full\" src=\"https:\/\/www.leccecronaca.it\/wordpress\/wp-content\/uploads\/2022\/08\/DCIM-026-000056797342.jpeg\" alt=\"\" width=\"1074\" height=\"1082\" srcset=\"https:\/\/www.leccecronaca.it\/wordpress\/wp-content\/uploads\/2022\/08\/DCIM-026-000056797342.jpeg 1074w, https:\/\/www.leccecronaca.it\/wordpress\/wp-content\/uploads\/2022\/08\/DCIM-026-000056797342-298x300.jpeg 298w, https:\/\/www.leccecronaca.it\/wordpress\/wp-content\/uploads\/2022\/08\/DCIM-026-000056797342-1016x1024.jpeg 1016w, https:\/\/www.leccecronaca.it\/wordpress\/wp-content\/uploads\/2022\/08\/DCIM-026-000056797342-150x150.jpeg 150w, https:\/\/www.leccecronaca.it\/wordpress\/wp-content\/uploads\/2022\/08\/DCIM-026-000056797342-768x774.jpeg 768w, https:\/\/www.leccecronaca.it\/wordpress\/wp-content\/uploads\/2022\/08\/DCIM-026-000056797342-60x60.jpeg 60w\" sizes=\"(max-width: 1074px) 100vw, 1074px\" \/><\/p>\n<p>A Castro ( nella foto ), come ben sappiamo, pochi giorni fa un rogo dalle dimensioni imponenti ha portato tutto via: alberi, macchia mediterranea, un paradiso nel quale vivevano a ridosso persone con sogni e speranze. Persino la fauna locale non \u00e8 stata esente da un tale disastro.<\/p>\n<p>\u00c8 una bellissima domenica d\u2019estate, l\u2019aria \u00e8 rovente, i turisti si ammassano spensierati nel vicino bar che d\u00e0 sul porto, lo strepitio delle ciabatte, un\u2019aria salmastra &#8211; ed il vociare di chi desidera un caff\u00e8 in ghiaccio piuttosto che una granita &#8211; &nbsp;si sentono forti, sono a tutti gli effetti l\u2019eco di qualcosa che va oltre la leggerezza d\u2019animo. Ma per chi ci parla in questo momento, non \u00e8 cos\u00ec, le sue parole piene di odio e paura si rincorrono, e Corrado \u2013 un uomo sulla sessantina, che risiede tra quelle viuzze \u2013 ancora stenta a credere che possa essere accaduto qualcosa del genere, e continua a parlare, come un fiume in piena, quasi nel tentativo di spegnere quel fuoco immaginario che ancora pervade i suoi occhi:<\/p>\n<p>\u201c C<em>he devo dirti? Mai e poi mai avrei immaginato potesse accadere. \u00c8 stato uno spavento terribile. Terribile. Verso le undici e mezza del mattino ho iniziato a sentire una strana puzza di bruciato. Qualche pazzo avr\u00e0 acceso il camino in pieno luglio, mi sono detto. Poi per\u00f2 erano ancora le tredici, i miei cani, che stavano fuori, si sono messi ad abbaiare, stavo cucinando, lo faccio sempre perch\u00e9 sono un povero vedovo, abito da solo. Ma il forte odore di bruciato non andava via, non voleva andarsene, anzi, \u00e8 entrato direttamente a casa mia, in casa mia, da sotto le porte.<\/em> \u201d<\/p>\n<p>Una vera e propria invasione, un\u2019invasione in piena regola: \u201c <em>Poi, anche se con un po&#8217; di paura, &nbsp;mi sono fatto coraggio, e mi sono affacciato. I miei due cani non c\u2019erano pi\u00f9, pensavo avesse preso fuoco la porta di casa mia, invece no, era il fumo che scendeva gi\u00f9 dalla collina, il vento lo spingeva in tutte le direzioni. Alcuni turisti avevano il cellulare in mano, hanno cominciato a chiamare i soccorsi. Passa un\u2019 ora e niente. Non c\u2019era nessuno, non si sentiva alcuna sirena arrivare. E allora ho chiamato pure io. Poi alleluja, dopo altri tre quarti d\u2019ora ce l\u2019hanno fatta ad arrivare. E intanto faceva caldo. Ma non quel caldo che conosciamo tutti. Quel caldo era diverso, era insopportabile, ti veniva voglia di spogliarti e buttarti in mare. Avevo i vestiti inzuppati di sudore, forse per il caldo, probabilmente anche per la paura.<\/em> \u201d<\/p>\n<p><img decoding=\"async\" loading=\"lazy\" class=\"alignnone wp-image-203562 size-full\" src=\"https:\/\/www.leccecronaca.it\/wordpress\/wp-content\/uploads\/2022\/08\/WhatsApp-Image-2022-08-08-at-12.43.14.jpeg\" alt=\"\" width=\"1080\" height=\"1352\" srcset=\"https:\/\/www.leccecronaca.it\/wordpress\/wp-content\/uploads\/2022\/08\/WhatsApp-Image-2022-08-08-at-12.43.14.jpeg 1080w, https:\/\/www.leccecronaca.it\/wordpress\/wp-content\/uploads\/2022\/08\/WhatsApp-Image-2022-08-08-at-12.43.14-240x300.jpeg 240w, https:\/\/www.leccecronaca.it\/wordpress\/wp-content\/uploads\/2022\/08\/WhatsApp-Image-2022-08-08-at-12.43.14-818x1024.jpeg 818w, https:\/\/www.leccecronaca.it\/wordpress\/wp-content\/uploads\/2022\/08\/WhatsApp-Image-2022-08-08-at-12.43.14-768x961.jpeg 768w\" sizes=\"(max-width: 1080px) 100vw, 1080px\" \/><\/p>\n<p><em>&nbsp;<\/em><\/p>\n<p><em>\u201c Passa un\u2019ora e niente \u201d.<\/em> La solita storia trita e ritrita: come gi\u00e0 accaduto negli \u201c episodi precedenti \u201d anche stavolta i soccorsi tardano ad arrivare, ed ancora una volta, questi eventi disastrosi non sono mai bloccati sul nascere, anzi, meglio temporeggiare. <strong>Pi\u00f9 e pi\u00f9 volte abbiamo sempre fatto presente nei nostri articoli che le risorse per fronteggiare questa emergenza sono poche, gli appelli alle istituzioni sono stati tanti, ma, da quello che possiamo ben constatare, tutto questo ancora non basta, non \u00e8 sufficiente a far scattare la scintilla della responsabilit\u00e0 nelle pubbliche amministrazioni che si muovono a rilento, che proprio non ce la fanno a presentare un piano di emergenza concreto, soluzioni vere, vere come il fuoco che lambisce i nostri territori.<\/strong><\/p>\n<p>\u201c <em>E poi abbiamo aspettato sino a notte inoltrata che tutto finisse, ci hanno evacuato, noi che stavamo troppo vicini. Dei miei due cani, solo uno \u00e8 tornato, Leo mio, l\u2019altro purtroppo, Milo si chiamava, lo hanno trovato morto qualche giorno dopo, forse il fumo non lo ha fatto respirare pi\u00f9, e mi ha detto addio. \u00c8 una vergogna comunque, \u00e8 una vergogna che dobbiamo subire tutto questo. E poi guarda, prova a salire su, vicino la collina, vai a vedere che scempio che c\u2019\u00e8.<\/em> \u201d<\/p>\n<p><img decoding=\"async\" loading=\"lazy\" class=\"alignnone wp-image-203564 size-full\" src=\"https:\/\/www.leccecronaca.it\/wordpress\/wp-content\/uploads\/2022\/08\/WhatsApp-Image-2022-08-08-at-12.43.15.jpeg\" alt=\"\" width=\"1080\" height=\"1080\" srcset=\"https:\/\/www.leccecronaca.it\/wordpress\/wp-content\/uploads\/2022\/08\/WhatsApp-Image-2022-08-08-at-12.43.15.jpeg 1080w, https:\/\/www.leccecronaca.it\/wordpress\/wp-content\/uploads\/2022\/08\/WhatsApp-Image-2022-08-08-at-12.43.15-300x300.jpeg 300w, https:\/\/www.leccecronaca.it\/wordpress\/wp-content\/uploads\/2022\/08\/WhatsApp-Image-2022-08-08-at-12.43.15-1024x1024.jpeg 1024w, https:\/\/www.leccecronaca.it\/wordpress\/wp-content\/uploads\/2022\/08\/WhatsApp-Image-2022-08-08-at-12.43.15-150x150.jpeg 150w, https:\/\/www.leccecronaca.it\/wordpress\/wp-content\/uploads\/2022\/08\/WhatsApp-Image-2022-08-08-at-12.43.15-768x768.jpeg 768w, https:\/\/www.leccecronaca.it\/wordpress\/wp-content\/uploads\/2022\/08\/WhatsApp-Image-2022-08-08-at-12.43.15-60x60.jpeg 60w\" sizes=\"(max-width: 1080px) 100vw, 1080px\" \/><\/p>\n<p>E noi quello scempio ( nella foto ), lo abbiamo visto bene: cenere ovunque, persino gabbiani carbonizzati, che fuggivano dalla tragedia, e che come Milo non ce l\u2019hanno fatta, non ce l\u2019hanno fatta proprio a raggiungere lidi pi\u00f9 sereni, lontani dal caldo infernale e dalla fuliggine.<\/p>\n<p>Dello stesso avviso \u00e8 anche Maria, una turista veneta che ha preso da circa un mese una casa vacanze qui in Salento e che, improvvisamente, non si aspettava di certo di vivere un tale scenario. Parla con il tipico tono veneziano, un accento indimenticabile, pacato, pieno di accenti acuti. Un cappello di paglia ed un prendisole accompagnano la sua figura snella, la figura di una donna sulla quarantina:<\/p>\n<p>\u201c <em>Di certo sono venuta in Salento per il mare. Poi invece, ecco il fumo ed il fuoco. Io l\u2019incendio l\u2019ho visto intorno alle sette di sera. Ero appena rientrata da un giro a Otranto e cosa mi ritrovo? La strada completamente bloccata, ed un aereo che sorvolava la zona, lanciando acqua in continuazione. La puzza di bruciato era assurda, assurda. Non potevo credere assolutamente che stesse accadendo per davvero. Inutile dirvi che non si vedeva niente. Abbiamo aspettato in coda per mezz\u2019ora, una mezz\u2019ora abbondante. Da lontano tantissimi curiosi facevano dei video per riprendere il tutto, e io non sono stata da meno. Ad ogni modo, quello che ricordo benissimo era la cenere che cadeva dal cielo sulla mia auto, una polvere sottile che ti faceva tossire e non si vedeva niente. Assolutamente niente. Seguivo le altre auto per cercare di uscirmene il prima possibile. Per fortuna poi ho preso lo svincolo e mi sono allontanata da quel brutto inferno<\/em>\u201d.<\/p>\n<p>Sono le tredici, in questa calda mattinata domenicale. Il profumo del buon cibo dilaga per le strade, si diffonde con allegria da indaffarati ristoranti e taciturne abitazioni. Quasi riesce nell\u2019intento, per un attimo, di far dimenticare la terribile tragedia ambientale consumatasi pochi giorni prima: tra le strade del centro storico \u2013 un centro storico placido, silenzioso, soleggiato \u2013 incontro invece un\u2019anziana signora, sulla settantina e pi\u00f9, accompagnata da tre allegri nipotini, che in un gioioso accento locale, che si accavalla sapientemente tra parole salentine miste all\u2019italiano, decide di raccontare quello che \u00e8 accaduto proprio l\u00ec:<\/p>\n<p><em>\u201c Pensu ca qualchedunu \u00e8 bulutu cu mpiccia tuttu. Da qui si vedevano le fiamme eh, belle alte, lu fumu nu te facia bitere nenzi. E il caldo? Tantissimo. Non ti potevi rinchiudere in casa perch\u00e9 senn\u00f2 era peggio. Li piccinni piangevano, e si sentivano proprio gli alberi che da lontano bruciavano. E iou ce putia fare? Nenzi. Come tutti gli altri aggiu aspettato che finisse. Per\u00f2 credimi figlia mia, che la paura l\u2019ho avuta. Poi si sentivano le macchine che suonavano il clacson, ci sape che confusione c\u2019era a ddra bbasciu, al porto. Le sirene pure non scherzavano. Sono salita sul terrazzo e ho visto tutto il disastro. Pure l\u2019aereo che lanciava tutta quell\u2019acqua ho visto. Cose te l\u2019auru munnu, sembrava nu film. Mamma che paura. \u201d<\/em><\/p>\n<p><em>\u201c Mamma che paura \u201d <\/em>sono le parole che riassumono perfettamente l\u2019accaduto. Qualcosa di indescrivibile dunque, paura a perdifiato, ansia e terrore, alimentati come le stesse fiamme che hanno distrutto tutto: alberi e macchia mediterranea ( nella foto ) sono ormai in cenere, e chiss\u00e0 che fine faranno questi terreni, abbandonati a s\u00e9 stessi, al proprio destino, divorati da un evento naturale \u2013 o forse no \u2013 che da secoli \u00e8 lo spauracchio per eccellenza dell\u2019ambiente tutto.<\/p>\n<p><img decoding=\"async\" loading=\"lazy\" class=\"alignnone wp-image-203565 size-full\" src=\"https:\/\/www.leccecronaca.it\/wordpress\/wp-content\/uploads\/2022\/08\/WhatsApp-Image-2022-08-08-at-12.45.00.jpeg\" alt=\"\" width=\"2016\" height=\"1134\" srcset=\"https:\/\/www.leccecronaca.it\/wordpress\/wp-content\/uploads\/2022\/08\/WhatsApp-Image-2022-08-08-at-12.45.00.jpeg 2016w, https:\/\/www.leccecronaca.it\/wordpress\/wp-content\/uploads\/2022\/08\/WhatsApp-Image-2022-08-08-at-12.45.00-300x169.jpeg 300w, https:\/\/www.leccecronaca.it\/wordpress\/wp-content\/uploads\/2022\/08\/WhatsApp-Image-2022-08-08-at-12.45.00-1024x576.jpeg 1024w, https:\/\/www.leccecronaca.it\/wordpress\/wp-content\/uploads\/2022\/08\/WhatsApp-Image-2022-08-08-at-12.45.00-768x432.jpeg 768w, https:\/\/www.leccecronaca.it\/wordpress\/wp-content\/uploads\/2022\/08\/WhatsApp-Image-2022-08-08-at-12.45.00-1536x864.jpeg 1536w\" sizes=\"(max-width: 2016px) 100vw, 2016px\" \/><\/p>\n<p>Bisognerebbe sempre chiedersi cosa rester\u00e0. Cosa rimarr\u00e0, in un domani vicinissimo e altrettanto in futuro lontano, del nostro passaggio tra queste magnifiche terre, le terre del Salento.<\/p>\n<p>\u00c8 una domanda legittima a cui bisogna cercare urgentemente risposte: come tristemente sappiamo ormai, sono anni che, puntualmente, come ogni caldissima e rovente estate che si rispetti, i nostri territori sono facile preda di un fuoco incontrollato che avanza senza vergogna, forse alimentato dal vento, forse \u2013 chiss\u00e0 &#8211; alimentato da vili mire ritorsive e dolose di chi prova piacere nel veder bruciare il nostro futuro.<\/p>\n<p>Una cosa \u00e8 certa: i danni sono l\u00ec, sotto gli occhi di tutti &#8211; le foto e i luoghi che visitiamo ogni giorno ne sono salda testimonianza &#8211; &nbsp;ormai irreversibili, ormai triste impronta di chi ama giocare col fuoco, senza tralasciare nulla, senza tralasciare il terrore negli occhi di chi, quegli attimi di paura per la propria vita e per quella degli altri li ha vissuti per davvero.<\/p>\n<p>Vogliamo davvero tutto questo? Vogliamo davvero che la prossima estate sia quella definitiva? Quella della distruzione totale? Oppure possiamo ancora fare qualcosa affinch\u00e9 tutto possa finalmente cambiare?<\/p>\n<p>La risposta, come sempre, \u00e8 dentro ognuno di noi. Non basta semplicemente sensibilizzare, \u00e8 necessario agire, con il pi\u00f9 nobile dai gesti, da parte del pi\u00f9 nobile ( forse ) ed intelligente mammifero presente sulla faccia della terra: il genere umano.<\/p>\n<p>LA RICERCA nel nostro articolo dell&#8217; 1 agosto scorso. ______<\/p>\n<blockquote class=\"wp-embedded-content\" data-secret=\"qjOucsjONH\"><p><a href=\"https:\/\/www.leccecronaca.it\/index.php\/2022\/08\/01\/salento-fuoco-e-fumo-ingenti-i-danni-a-castro-marina-video-altro-pericoloso-incendio-nella-giornata-di-oggi-ad-otranto\/\">SALENTO FUOCO E FUMO \/ INGENTI I DANNI A CASTRO MARINA &#8211; video. ALTRO PERICOLOSO INCENDIO NELLA GIORNATA DI OGGI AD OTRANTO<\/a><\/p><\/blockquote>\n<p><iframe class=\"wp-embedded-content\" sandbox=\"allow-scripts\" security=\"restricted\" style=\"position: absolute; clip: rect(1px, 1px, 1px, 1px);\" title=\"&#8220;SALENTO FUOCO E FUMO \/ INGENTI I DANNI A CASTRO MARINA &#8211; video. ALTRO PERICOLOSO INCENDIO NELLA GIORNATA DI OGGI AD OTRANTO&#8221; &#8212; LecceCronaca.it\" src=\"https:\/\/www.leccecronaca.it\/index.php\/2022\/08\/01\/salento-fuoco-e-fumo-ingenti-i-danni-a-castro-marina-video-altro-pericoloso-incendio-nella-giornata-di-oggi-ad-otranto\/embed\/#?secret=6jsWarSQR0#?secret=qjOucsjONH\" data-secret=\"qjOucsjONH\" width=\"500\" height=\"282\" frameborder=\"0\" marginwidth=\"0\" marginheight=\"0\" scrolling=\"no\"><\/iframe><\/p>\n<fb:like href='https:\/\/www.leccecronaca.it\/index.php\/2022\/08\/08\/il-reportage-siamo-andati-a-castro-marina-una-settimana-dopo-lincendio-che-ha-devastato-la-collina-e-i-territori-adiacenti-ecco-che-cosa-abbiamo-visto-che-cosa-abbiamo-sentito-dai-testimoni-e\/' send='true' layout='button_count' show_faces='true' width='450' height='65' action='recommend' colorscheme='light' font='lucida grande'><\/fb:like><span class=\"fb_share\"><fb:like href=\"https:\/\/www.leccecronaca.it\/index.php\/2022\/08\/08\/il-reportage-siamo-andati-a-castro-marina-una-settimana-dopo-lincendio-che-ha-devastato-la-collina-e-i-territori-adiacenti-ecco-che-cosa-abbiamo-visto-che-cosa-abbiamo-sentito-dai-testimoni-e\/\" layout=\"button_count\"><\/fb:like><\/span>","protected":false},"excerpt":{"rendered":"<p>ECCO CHE COSA ABBIAMO VISTO, CHE COSA ABBIAMO SENTITO, E CHE COSA E&#8217; RIMASTO, DOPO L&#8217;INFERNO DI UN CIELO DA CUI CADEVA CENERE E DI FIAMME CHE HANNO BRUCIATO IL FUTURO di&nbsp;Flora Fina ______ \u201cPenso che la fine dei nostri posti, del nostro Salento sia ormai vicina. \u00c8 inutile continuare a dire che la situazione [&hellip;]<\/p>\n","protected":false},"author":4,"featured_media":203560,"comment_status":"open","ping_status":"closed","sticky":false,"template":"","format":"standard","meta":[],"categories":[69,77],"tags":[],"_links":{"self":[{"href":"https:\/\/www.leccecronaca.it\/index.php\/wp-json\/wp\/v2\/posts\/203558"}],"collection":[{"href":"https:\/\/www.leccecronaca.it\/index.php\/wp-json\/wp\/v2\/posts"}],"about":[{"href":"https:\/\/www.leccecronaca.it\/index.php\/wp-json\/wp\/v2\/types\/post"}],"author":[{"embeddable":true,"href":"https:\/\/www.leccecronaca.it\/index.php\/wp-json\/wp\/v2\/users\/4"}],"replies":[{"embeddable":true,"href":"https:\/\/www.leccecronaca.it\/index.php\/wp-json\/wp\/v2\/comments?post=203558"}],"version-history":[{"count":9,"href":"https:\/\/www.leccecronaca.it\/index.php\/wp-json\/wp\/v2\/posts\/203558\/revisions"}],"predecessor-version":[{"id":203872,"href":"https:\/\/www.leccecronaca.it\/index.php\/wp-json\/wp\/v2\/posts\/203558\/revisions\/203872"}],"wp:featuredmedia":[{"embeddable":true,"href":"https:\/\/www.leccecronaca.it\/index.php\/wp-json\/wp\/v2\/media\/203560"}],"wp:attachment":[{"href":"https:\/\/www.leccecronaca.it\/index.php\/wp-json\/wp\/v2\/media?parent=203558"}],"wp:term":[{"taxonomy":"category","embeddable":true,"href":"https:\/\/www.leccecronaca.it\/index.php\/wp-json\/wp\/v2\/categories?post=203558"},{"taxonomy":"post_tag","embeddable":true,"href":"https:\/\/www.leccecronaca.it\/index.php\/wp-json\/wp\/v2\/tags?post=203558"}],"curies":[{"name":"wp","href":"https:\/\/api.w.org\/{rel}","templated":true}]}}