{"id":203863,"date":"2022-08-15T15:48:39","date_gmt":"2022-08-15T13:48:39","guid":{"rendered":"http:\/\/www.leccecronaca.it\/?p=203863"},"modified":"2022-08-15T15:48:41","modified_gmt":"2022-08-15T13:48:41","slug":"addio-a-luigi","status":"publish","type":"post","link":"https:\/\/www.leccecronaca.it\/index.php\/2022\/08\/15\/addio-a-luigi\/","title":{"rendered":"ADDIO A LUIGI"},"content":{"rendered":"\n<p><img decoding=\"async\" loading=\"lazy\" width=\"434\" height=\"1080\" class=\"wp-image-203864\" style=\"width: 800px;\" src=\"https:\/\/www.leccecronaca.it\/wordpress\/wp-content\/uploads\/2022\/08\/299626861_5352302694819098_7615217309270974481_n.jpg\" alt=\"\" srcset=\"https:\/\/www.leccecronaca.it\/wordpress\/wp-content\/uploads\/2022\/08\/299626861_5352302694819098_7615217309270974481_n.jpg 434w, https:\/\/www.leccecronaca.it\/wordpress\/wp-content\/uploads\/2022\/08\/299626861_5352302694819098_7615217309270974481_n-121x300.jpg 121w, https:\/\/www.leccecronaca.it\/wordpress\/wp-content\/uploads\/2022\/08\/299626861_5352302694819098_7615217309270974481_n-411x1024.jpg 411w\" sizes=\"(max-width: 434px) 100vw, 434px\" \/><\/p>\n\n\n\n<p>(e.l. ) ______  Ferragosto leccese funestato da un drammatico incidente stradale, avvenuto nella tarda serata di ieri sulla tangenziale, all&#8217;altezza dello svincolo  per Frigole. Il bilancio \u00e8 di un morto e due feriti. La vittima \u00e8 Luigi Guido, 53 anni, di Lecce, tecnico di un&#8217;azienda di ascensori. <\/p>\n\n\n\n<p>Per cause ancora da accertare, la Renault Clio che guidava si \u00e8 scontrata con una Alfa Romeo Mito. L&#8217;impatto \u00e8 stato tremendo, \u00e8 morto sul colpo.<\/p>\n\n\n\n<p>In queste ore in tanti tramite social ne stanno ricordando la bont\u00e0, la giovialit\u00e0, la disponibilit\u00e0, partecipando al dolore immenso della famiglia..<\/p>\n\n\n\n<p><a href=\"https:\/\/www.trnews.it\/2022\/08\/14\/ultimora-incidente-mortale-sulla-tangenziale-est\/365472?fbclid=IwAR066XiJZnZHMYO79OVNRADVAfnAAZLipAN21-R-h6WewUywImzf_sLqUHs#\"><\/a><\/p>\n<fb:like href='https:\/\/www.leccecronaca.it\/index.php\/2022\/08\/15\/addio-a-luigi\/' send='true' layout='button_count' show_faces='true' width='450' height='65' action='recommend' colorscheme='light' font='lucida grande'><\/fb:like><span class=\"fb_share\"><fb:like href=\"https:\/\/www.leccecronaca.it\/index.php\/2022\/08\/15\/addio-a-luigi\/\" layout=\"button_count\"><\/fb:like><\/span>","protected":false},"excerpt":{"rendered":"<p>(e.l. ) ______ Ferragosto leccese funestato da un drammatico incidente stradale, avvenuto nella tarda serata di ieri sulla tangenziale, all&#8217;altezza dello svincolo per Frigole. Il bilancio \u00e8 di un morto e due feriti. La vittima \u00e8 Luigi Guido, 53 anni, di Lecce, tecnico di un&#8217;azienda di ascensori. Per cause ancora da accertare, la Renault Clio [&hellip;]<\/p>\n","protected":false},"author":4,"featured_media":203864,"comment_status":"open","ping_status":"closed","sticky":false,"template":"","format":"standard","meta":[],"categories":[69],"tags":[],"_links":{"self":[{"href":"https:\/\/www.leccecronaca.it\/index.php\/wp-json\/wp\/v2\/posts\/203863"}],"collection":[{"href":"https:\/\/www.leccecronaca.it\/index.php\/wp-json\/wp\/v2\/posts"}],"about":[{"href":"https:\/\/www.leccecronaca.it\/index.php\/wp-json\/wp\/v2\/types\/post"}],"author":[{"embeddable":true,"href":"https:\/\/www.leccecronaca.it\/index.php\/wp-json\/wp\/v2\/users\/4"}],"replies":[{"embeddable":true,"href":"https:\/\/www.leccecronaca.it\/index.php\/wp-json\/wp\/v2\/comments?post=203863"}],"version-history":[{"count":1,"href":"https:\/\/www.leccecronaca.it\/index.php\/wp-json\/wp\/v2\/posts\/203863\/revisions"}],"predecessor-version":[{"id":203865,"href":"https:\/\/www.leccecronaca.it\/index.php\/wp-json\/wp\/v2\/posts\/203863\/revisions\/203865"}],"wp:featuredmedia":[{"embeddable":true,"href":"https:\/\/www.leccecronaca.it\/index.php\/wp-json\/wp\/v2\/media\/203864"}],"wp:attachment":[{"href":"https:\/\/www.leccecronaca.it\/index.php\/wp-json\/wp\/v2\/media?parent=203863"}],"wp:term":[{"taxonomy":"category","embeddable":true,"href":"https:\/\/www.leccecronaca.it\/index.php\/wp-json\/wp\/v2\/categories?post=203863"},{"taxonomy":"post_tag","embeddable":true,"href":"https:\/\/www.leccecronaca.it\/index.php\/wp-json\/wp\/v2\/tags?post=203863"}],"curies":[{"name":"wp","href":"https:\/\/api.w.org\/{rel}","templated":true}]}}