{"id":203881,"date":"2022-08-17T00:03:00","date_gmt":"2022-08-16T22:03:00","guid":{"rendered":"http:\/\/www.leccecronaca.it\/?p=203881"},"modified":"2022-08-16T14:18:10","modified_gmt":"2022-08-16T12:18:10","slug":"note-darte-il-ritorno-di-amanda-durer","status":"publish","type":"post","link":"https:\/\/www.leccecronaca.it\/index.php\/2022\/08\/17\/note-darte-il-ritorno-di-amanda-durer\/","title":{"rendered":"NOTE D&#8217;ARTE \/\u00a0IL RITORNO DI AMANDA DURER"},"content":{"rendered":"\n<p><img decoding=\"async\" loading=\"lazy\" width=\"1444\" height=\"2560\" class=\"wp-image-203884\" style=\"width: 1800px;\" src=\"https:\/\/www.leccecronaca.it\/wordpress\/wp-content\/uploads\/2022\/08\/imm-scaled.jpg\" alt=\"\" srcset=\"https:\/\/www.leccecronaca.it\/wordpress\/wp-content\/uploads\/2022\/08\/imm-scaled.jpg 1444w, https:\/\/www.leccecronaca.it\/wordpress\/wp-content\/uploads\/2022\/08\/imm-scaled-169x300.jpg 169w, https:\/\/www.leccecronaca.it\/wordpress\/wp-content\/uploads\/2022\/08\/imm-scaled-578x1024.jpg 578w, https:\/\/www.leccecronaca.it\/wordpress\/wp-content\/uploads\/2022\/08\/imm-scaled-768x1362.jpg 768w, https:\/\/www.leccecronaca.it\/wordpress\/wp-content\/uploads\/2022\/08\/imm-scaled-866x1536.jpg 866w, https:\/\/www.leccecronaca.it\/wordpress\/wp-content\/uploads\/2022\/08\/imm-scaled-1155x2048.jpg 1155w\" sizes=\"(max-width: 1444px) 100vw, 1444px\" \/><\/p>\n\n\n\n<p>di <strong>Raffaele Polo <\/strong>______<\/p>\n\n\n\n<p>Torna a visitare il Salento l&#8217;artista<strong> Amanda Durer<\/strong>.<\/p>\n\n\n\n<p>Non sorprenda la scelta di Durer come pseudonimo per questa brava artista che, proprio per la sua predilezione per la grafica calcografica, affida al ricordo del grande artista tedesco del XVI secolo la propria produzione.<\/p>\n\n\n\n<p>Amanda Durer (Maria Amanda Stefanelli) nasce a Galatina nel 1978. Studia illustrazione e Belle arti a<br>Barcellona, dove ha vissuto e lavorato per molti anni. Nel corso della sua permanenza in Spagna fa parte, insieme ad altre artiste italiane e straniere, del collettivo Femme Brutal, con cui organizza varie edizioni del festival underground omonimo, che ha lo scopo di promuovere l\u2019espressione artistica al femminile e supportare anche economicamente progetti sociali senza scopo di lucro.<br>La sua formazione passa per l\u2019illustrazione, la scultura, l\u2019arte grafica. Da freelance realizza opere per progetti editoriali, album musicali, collezioni d\u2019abbigliamento e skate-board, decorazioni murali, tatuaggi, grafica pubblicitaria.<\/p>\n\n\n\n<p><br>Partecipa a esposizioni collettive sia in Italia che in Spagna, tra cui la 10\u00aa edizione del FIG Bilbao, Fiera Internazionale dell\u2019Arte Grafica celebrata nel novembre 2021 nei Paesi Baschi.<br>Dal 2018 collabora con la galleria-laboratorio \u201cLa Maldita Estampa\u201d con sede a Barcellona.<br>Melomane, nella sua attivit\u00e0 artistica si ispira tra gli altri ad Albrecht Durer, Bosch, Egon Shiele, Hokusai,<br>Eduardo Kingman, Paul Klee, M.C. Escher, Pazienza, Toppi, Kate Kollwitz, Dumile Feni, Barry Moser,<br>Munch, W. Kentridge, Louise Bourgeois.<br>\u201cConsidero le mie opere strumenti per il personale percorso evolutivo, ci\u00f2 che mi interessa \u00e8<br>quello che il processo creativo svela di me stessa. Il mio lavoro \u00e8 un diario, frammenti e tappe dal viaggio<br>dell\u2019eroe, in cammino per abbracciare la sua ombra\u201d afferma con sicurezza Amanda, attualmente nel Salento ma sempre alla ricerca di nuove occasioni per fare arte. E non poteva trascurare il Torchio d&#8217;Arte &#8216;La Stella&#8217; di Pasquale Urso, a Lecce nella sua nuova&nbsp; sede di via Marciano, ormai un chiaro ed unico punto di riferimento per chi sceglie il difficile percorso&nbsp; di questo tipo di grafica.<\/p>\n\n\n\n<p><img decoding=\"async\" loading=\"lazy\" width=\"1444\" height=\"2560\" class=\"wp-image-203885\" style=\"width: 1800px;\" src=\"https:\/\/www.leccecronaca.it\/wordpress\/wp-content\/uploads\/2022\/08\/immdue-scaled.jpg\" alt=\"\" srcset=\"https:\/\/www.leccecronaca.it\/wordpress\/wp-content\/uploads\/2022\/08\/immdue-scaled.jpg 1444w, https:\/\/www.leccecronaca.it\/wordpress\/wp-content\/uploads\/2022\/08\/immdue-scaled-169x300.jpg 169w, https:\/\/www.leccecronaca.it\/wordpress\/wp-content\/uploads\/2022\/08\/immdue-scaled-578x1024.jpg 578w, https:\/\/www.leccecronaca.it\/wordpress\/wp-content\/uploads\/2022\/08\/immdue-scaled-768x1362.jpg 768w, https:\/\/www.leccecronaca.it\/wordpress\/wp-content\/uploads\/2022\/08\/immdue-scaled-866x1536.jpg 866w, https:\/\/www.leccecronaca.it\/wordpress\/wp-content\/uploads\/2022\/08\/immdue-scaled-1155x2048.jpg 1155w\" sizes=\"(max-width: 1444px) 100vw, 1444px\" \/><\/p>\n\n\n\n<p><\/p>\n<fb:like href='https:\/\/www.leccecronaca.it\/index.php\/2022\/08\/17\/note-darte-il-ritorno-di-amanda-durer\/' send='true' layout='button_count' show_faces='true' width='450' height='65' action='recommend' colorscheme='light' font='lucida grande'><\/fb:like><span class=\"fb_share\"><fb:like href=\"https:\/\/www.leccecronaca.it\/index.php\/2022\/08\/17\/note-darte-il-ritorno-di-amanda-durer\/\" layout=\"button_count\"><\/fb:like><\/span>","protected":false},"excerpt":{"rendered":"<p>di Raffaele Polo ______ Torna a visitare il Salento l&#8217;artista Amanda Durer. Non sorprenda la scelta di Durer come pseudonimo per questa brava artista che, proprio per la sua predilezione per la grafica calcografica, affida al ricordo del grande artista tedesco del XVI secolo la propria produzione. Amanda Durer (Maria Amanda Stefanelli) nasce a Galatina [&hellip;]<\/p>\n","protected":false},"author":4,"featured_media":203884,"comment_status":"open","ping_status":"closed","sticky":false,"template":"","format":"standard","meta":[],"categories":[31],"tags":[],"_links":{"self":[{"href":"https:\/\/www.leccecronaca.it\/index.php\/wp-json\/wp\/v2\/posts\/203881"}],"collection":[{"href":"https:\/\/www.leccecronaca.it\/index.php\/wp-json\/wp\/v2\/posts"}],"about":[{"href":"https:\/\/www.leccecronaca.it\/index.php\/wp-json\/wp\/v2\/types\/post"}],"author":[{"embeddable":true,"href":"https:\/\/www.leccecronaca.it\/index.php\/wp-json\/wp\/v2\/users\/4"}],"replies":[{"embeddable":true,"href":"https:\/\/www.leccecronaca.it\/index.php\/wp-json\/wp\/v2\/comments?post=203881"}],"version-history":[{"count":3,"href":"https:\/\/www.leccecronaca.it\/index.php\/wp-json\/wp\/v2\/posts\/203881\/revisions"}],"predecessor-version":[{"id":203887,"href":"https:\/\/www.leccecronaca.it\/index.php\/wp-json\/wp\/v2\/posts\/203881\/revisions\/203887"}],"wp:featuredmedia":[{"embeddable":true,"href":"https:\/\/www.leccecronaca.it\/index.php\/wp-json\/wp\/v2\/media\/203884"}],"wp:attachment":[{"href":"https:\/\/www.leccecronaca.it\/index.php\/wp-json\/wp\/v2\/media?parent=203881"}],"wp:term":[{"taxonomy":"category","embeddable":true,"href":"https:\/\/www.leccecronaca.it\/index.php\/wp-json\/wp\/v2\/categories?post=203881"},{"taxonomy":"post_tag","embeddable":true,"href":"https:\/\/www.leccecronaca.it\/index.php\/wp-json\/wp\/v2\/tags?post=203881"}],"curies":[{"name":"wp","href":"https:\/\/api.w.org\/{rel}","templated":true}]}}