{"id":204238,"date":"2022-08-25T17:40:24","date_gmt":"2022-08-25T15:40:24","guid":{"rendered":"http:\/\/www.leccecronaca.it\/?p=204238"},"modified":"2022-08-25T17:41:50","modified_gmt":"2022-08-25T15:41:50","slug":"a-guagnano-la-protesta-spontanea-dei-viticultori","status":"publish","type":"post","link":"https:\/\/www.leccecronaca.it\/index.php\/2022\/08\/25\/a-guagnano-la-protesta-spontanea-dei-viticultori\/","title":{"rendered":"A GUAGNANO LA PROTESTA SPONTANEA DEI VITICULTORI"},"content":{"rendered":"<p><img decoding=\"async\" loading=\"lazy\" class=\"alignnone wp-image-204239 size-full\" src=\"https:\/\/www.leccecronaca.it\/wordpress\/wp-content\/uploads\/2022\/08\/Locandina.jpg\" alt=\"\" width=\"1600\" height=\"1131\" srcset=\"https:\/\/www.leccecronaca.it\/wordpress\/wp-content\/uploads\/2022\/08\/Locandina.jpg 1600w, https:\/\/www.leccecronaca.it\/wordpress\/wp-content\/uploads\/2022\/08\/Locandina-300x212.jpg 300w, https:\/\/www.leccecronaca.it\/wordpress\/wp-content\/uploads\/2022\/08\/Locandina-1024x724.jpg 1024w, https:\/\/www.leccecronaca.it\/wordpress\/wp-content\/uploads\/2022\/08\/Locandina-768x543.jpg 768w, https:\/\/www.leccecronaca.it\/wordpress\/wp-content\/uploads\/2022\/08\/Locandina-1536x1086.jpg 1536w\" sizes=\"(max-width: 1600px) 100vw, 1600px\" \/><\/p>\n\n\n<p>( f.f. ) ______<\/p>\n\n\n\n<p><em>\u201c L\u2019agricoltura salentina \u00e8 costretta a piegarsi ad una nuova sciagura, dopo la crisi del settore olivicolo<\/em> <em>dettato dal fenomeno Xylella, una nuova incombenza si abbatte sugli agricoltori e sull\u2019economia<\/em> <em>agricola. Questa crisi per\u00f2 non \u00e8 dettata da un fenomeno naturale ma bens\u00ec da decisioni sciagurate,<\/em> <em>volte a sminuire il nostro prodotto, fiore all\u2019occhiello dell\u2019economia salentina: l\u2019uva da vino. [ \u2026 ] Alle porte della vendemmia, i nostri agricoltori si ritrovano a veder il loro prodotto svalutato, ad un prezzo irrisorio nonostante il costo di produzione sostenuto dagli stessi. Ancora una volta, quindi, si gioca sulla pelle degli agricoltori cercando di render le nostre terre del negroamaro delle &lt;&lt; terre di fame >> \u201d<\/em><\/p>\n\n\n\n<p>Con queste parole si esprime \u2013 attraverso un comunicato stampa giunto in redazione \u2013 Danilo Verdoscia, componente del &#8220;comitato spontaneo&#8221; a sostegno degli agricoltori, esprimendo un forte disappunto per una situazione che, ancora una volta, sembra essere giunta oramai al collasso.<\/p>\n\n\n\n<p>La nostra pi\u00f9 grande risorsa infatti, l\u2019uva da vino, \u00a0sembra essere minacciata, negli ultimi tempi, da un\u2019economia, o meglio, da strategie economiche che nulla fanno per agevolare i laboriosi contadini delle nostre terre, facendo s\u00ec che per questi ultimi, i costi di produzione oramai alle stelle non possano essere pi\u00f9 ulteriormente sostenuti.<\/p>\n\n\n\n<p>Ed ecco che si presenta una buona occasione per portare in piazza un sit \u2013 in di protesta pi\u00f9 che giustificato: <strong>luned\u00ec 29 agosto infatti, alle ore 16.00 &nbsp;presso Largo Pertini a Guagnano <\/strong>( locandina nella foto ) si terr\u00e0 un vero e proprio evento di protesta per spiegare a gran voce e chiarire i numerosi aspetti di una vera e propria sciagura socio \u2013 economica che sta per abbattersi sia sull\u2019agricoltura sostenibile salentina \u2013 da tempo immemore sempre stabile in questo senso \u2013 e sugli stessi agricoltori, stavolta esasperati e disperati a causa della svalutazione di una materia prima cos\u00ec preziosa come per l\u2019appunto l\u2019uva da vino.<\/p>\n\n\n\n<p>Il messaggio recita chiaramente: \u201c <em>Ancora una volta si gioca sulla pelle degli agricoltori, vogliono l\u2019agricoltura in ginocchio <\/em>&nbsp;\u201d &nbsp;una frase a cui \u00e8 difatti impossibile controbattere, soprattutto in tempi bui come questi e nei futuri e altrettanti tempi oscuri che verranno. I nostri territori, nonostante la Xylella, nonostante l\u2019annuale stagione dei roghi, hanno ancora tantissimo da offrire, e tra le tante risorse, il Salento e gli agricoltori che vivono per sopravvivere \u2013 e sopravvivono per vivere \u2013 non possono in alcun modo permettersi un tale smacco e affronto a discapito di anni di incessante lavoro tra i campi per garantire un bene primario&nbsp; della nostra locale e personalissima economia.<\/p>\n\n\n\n<p><em>\u201c Grandi assenti, nella programmazione e tutela degli agricoltori, il consorzio di tutela DOC Salice e le associazioni di categorie come la Coldiretti ed affini [ \u2026 ] E\u2019 proprio per questo che, alcuni agricoltori, si sono mossi per organizzare e far sentire la propria voce, cercando il sostegno della classe politica locale e nazionale. <strong>L\u2019appuntamento sar\u00e0 Luned\u00ec 29 Agosto, dalle ore 16:00, presso Largo Pertini a Guagnano<\/strong> con un Sit-in, di tutto il comparto agricolo, in ribellione a ci\u00f2 che sta accadendo. Si eleva un\u2019unica voce: <strong>Non siamo pi\u00f9 disposti a chinare la testa ed inginocchiarci, meritiamo rispetto per il nostro lavoro <\/strong>\u201d.<\/em><\/p>\n\n\n\n<p>Pi\u00f9 rispetto dunque, pi\u00f9 tutele e ancora una volta pi\u00f9 diritti per coloro che, grazie all\u2019alacre e faticoso lavoro, ci consentono di portare in tavola del buon vino.<\/p>\n\n\n\n<p>Ci si aspetta pertanto che le istituzioni responsabili di tale sciagura economica non si voltino dall\u2019altra parte \u2013 come spesso e volentieri accade \u2013 e che invece possano porre fine al perverso meccanismo messosi in moto negli ultimi anni, per garantire un sano ed un ineccepibile guadagno a quegli agricoltori che sempre pi\u00f9 frequentemente rischiano di ritrovarsi \u2013 dopo tanto e duro lavoro \u2013 con pochi spiccioli in tasca.<\/p>\n<fb:like href='https:\/\/www.leccecronaca.it\/index.php\/2022\/08\/25\/a-guagnano-la-protesta-spontanea-dei-viticultori\/' send='true' layout='button_count' show_faces='true' width='450' height='65' action='recommend' colorscheme='light' font='lucida grande'><\/fb:like><span class=\"fb_share\"><fb:like href=\"https:\/\/www.leccecronaca.it\/index.php\/2022\/08\/25\/a-guagnano-la-protesta-spontanea-dei-viticultori\/\" layout=\"button_count\"><\/fb:like><\/span>","protected":false},"excerpt":{"rendered":"<p>( f.f. ) ______ \u201c L\u2019agricoltura salentina \u00e8 costretta a piegarsi ad una nuova sciagura, dopo la crisi del settore olivicolo dettato dal fenomeno Xylella, una nuova incombenza si abbatte sugli agricoltori e sull\u2019economia agricola. Questa crisi per\u00f2 non \u00e8 dettata da un fenomeno naturale ma bens\u00ec da decisioni sciagurate, volte a sminuire il nostro [&hellip;]<\/p>\n","protected":false},"author":4,"featured_media":204239,"comment_status":"open","ping_status":"closed","sticky":false,"template":"","format":"standard","meta":[],"categories":[69,76],"tags":[],"_links":{"self":[{"href":"https:\/\/www.leccecronaca.it\/index.php\/wp-json\/wp\/v2\/posts\/204238"}],"collection":[{"href":"https:\/\/www.leccecronaca.it\/index.php\/wp-json\/wp\/v2\/posts"}],"about":[{"href":"https:\/\/www.leccecronaca.it\/index.php\/wp-json\/wp\/v2\/types\/post"}],"author":[{"embeddable":true,"href":"https:\/\/www.leccecronaca.it\/index.php\/wp-json\/wp\/v2\/users\/4"}],"replies":[{"embeddable":true,"href":"https:\/\/www.leccecronaca.it\/index.php\/wp-json\/wp\/v2\/comments?post=204238"}],"version-history":[{"count":3,"href":"https:\/\/www.leccecronaca.it\/index.php\/wp-json\/wp\/v2\/posts\/204238\/revisions"}],"predecessor-version":[{"id":204244,"href":"https:\/\/www.leccecronaca.it\/index.php\/wp-json\/wp\/v2\/posts\/204238\/revisions\/204244"}],"wp:featuredmedia":[{"embeddable":true,"href":"https:\/\/www.leccecronaca.it\/index.php\/wp-json\/wp\/v2\/media\/204239"}],"wp:attachment":[{"href":"https:\/\/www.leccecronaca.it\/index.php\/wp-json\/wp\/v2\/media?parent=204238"}],"wp:term":[{"taxonomy":"category","embeddable":true,"href":"https:\/\/www.leccecronaca.it\/index.php\/wp-json\/wp\/v2\/categories?post=204238"},{"taxonomy":"post_tag","embeddable":true,"href":"https:\/\/www.leccecronaca.it\/index.php\/wp-json\/wp\/v2\/tags?post=204238"}],"curies":[{"name":"wp","href":"https:\/\/api.w.org\/{rel}","templated":true}]}}