{"id":204517,"date":"2022-08-31T08:42:14","date_gmt":"2022-08-31T06:42:14","guid":{"rendered":"http:\/\/www.leccecronaca.it\/?p=204517"},"modified":"2022-08-31T19:59:23","modified_gmt":"2022-08-31T17:59:23","slug":"comune-di-lecce-lassessore-ai-tributi-gnoni-scrive-ai-commercianti-ma-loro-rispondono-per-le-rime","status":"publish","type":"post","link":"https:\/\/www.leccecronaca.it\/index.php\/2022\/08\/31\/comune-di-lecce-lassessore-ai-tributi-gnoni-scrive-ai-commercianti-ma-loro-rispondono-per-le-rime\/","title":{"rendered":"COMUNE DI LECCE: L&#8217;ASSESSORE AI TRIBUTI GNONI SCRIVE AI COMMERCIANTI MA LORO RISPONDONO PER LE RIME"},"content":{"rendered":"\n<p><img decoding=\"async\" loading=\"lazy\" width=\"1546\" height=\"2330\" class=\"wp-image-204518\" style=\"width: 150px;\" src=\"https:\/\/www.leccecronaca.it\/wordpress\/wp-content\/uploads\/2022\/08\/gnoni.jpg\" alt=\"\" srcset=\"https:\/\/www.leccecronaca.it\/wordpress\/wp-content\/uploads\/2022\/08\/gnoni.jpg 1546w, https:\/\/www.leccecronaca.it\/wordpress\/wp-content\/uploads\/2022\/08\/gnoni-199x300.jpg 199w, https:\/\/www.leccecronaca.it\/wordpress\/wp-content\/uploads\/2022\/08\/gnoni-679x1024.jpg 679w, https:\/\/www.leccecronaca.it\/wordpress\/wp-content\/uploads\/2022\/08\/gnoni-768x1157.jpg 768w, https:\/\/www.leccecronaca.it\/wordpress\/wp-content\/uploads\/2022\/08\/gnoni-1019x1536.jpg 1019w, https:\/\/www.leccecronaca.it\/wordpress\/wp-content\/uploads\/2022\/08\/gnoni-1359x2048.jpg 1359w\" sizes=\"(max-width: 1546px) 100vw, 1546px\" \/><em>Riceviamo e volentieri pubblichiamo, la nota che l&#8217;Assessore ai Tributi Gnoni invia ai commercianti leccesi, i quali pero non ci stanno a farsi prendere in giro.____ Questo \u00e8 il testo del comunicato stampa: <\/em>&#8220;L\u2019assessorato ai Tributi del Comune di Lecce ricorda che c\u2019\u00e8 tempo fino al 30 settembre per <strong>regolare il pagamento del Canone unico <\/strong>per occupazioni di suolo pubblico ed esposizioni pubblicitarie beneficiando dei vantaggi offerti dalla modifica del Regolamento comunale votata in Consiglio comunale il 28 luglio scorso.<br><br>Nella seduta di Consiglio, infatti, per venire incontro alle esigenze degli operatori del commercio su strada e dei pubblici esercizi, l\u2019assessore Gnoni propose la <strong>modifica degli articoli 28 e 30 del Regolamento<\/strong>.<br><br>In particolare, con la modifica dell&#8217;art 28 \u00e8 stata estesa anche alle occupazioni ed esposizioni pubblicitarie di durata pari o inferiore all&#8217;anno la possibilit\u00e0 di rateizzare l&#8217;importo del canone unico al secondo anno in quattro rate, con scadenza 31 gennaio, 31 marzo 30 giugno e 30 settembre, per gli importi superiori ai 1500 euro (in precedenza il Regolamento prevedeva la possibilit\u00e0 di rateizzare solo per le concessioni pluriennali).<br><br>La modifica dell\u2019art 30 ha previsto la riduzione delle sanzioni e delle indennit\u00e0 dovute per le occupazioni considerate \u201cabusive\u201d, portando la sanzione pecuniaria ad un importo pari al canone dovuto (in precedenza era all\u2019importo del canone era aggiunta una soma del 50% come sanzione). Inoltre, sempre grazie alla modifica dell\u2019art 30, in caso di omessa o tardivo pagamento del canone \u00e8 stata prevista per i pubblici esercizi la possibilit\u00e0 di sanare la propria posizione dal 1aprile al 30 settembre senza l\u2019aggravio di sanzioni. I pubblici esercizi che hanno gi\u00e0 pagato la sanzione se la vedranno decurtare dal canone dovuto per le successive occupazioni.<br><br>\u201c<em>Si tratta di modifiche al Regolamento che abbiamo assunto per diverse ragioni \u2013 <\/em>dichiara l\u2019assessore ai Tributi <strong>Christian Gnoni <\/strong><em>\u2013 intanto per venire incontro alle esigenze e alle richieste di un settore, quello del commercio, particolarmente provato negli ultimi due anni dalle restrizioni pandemiche. E poi perch\u00e9 il susseguirsi dei decreti-legge del periodo covid ha ingenerato nei confronti dell&#8217;utenza l&#8217;errata convinzione che il canone non fosse dovuto dal 1\u00b0 aprile al 30 settembre, termine ultimo per la proroga delle autorizzazioni. Per questo abbiamo ritenuto di azzerare l\u2019importo della sanzione<\/em>\u201d.<\/p>\n\n\n\n<p><br>Questo il comunicato dell&#8217;assessore, poi abbiamo ascoltato la voce di alcuni commercianti, che per ovvi motivi hanno chiesto di non fare i loro nomi che cos\u00ec ci hanno risposto:<\/p>\n\n\n\n<p><br>&#8220;Evidentemente Gnomi non ha la pi\u00f9 pallida idea di cosa voglia dire gestire un negozio. Io pago 2000 euro al mese di affitto, poi ci sono le spese di condominio, la luce, ecc. ogni mese per i miei cinque dipendenti spendoi pi\u00f9 di 10.000 euro, l&#8217;insegna sino a 5 metri per legge non sipaga, ripeto per legge e non per magnaminit\u00e0 del Comune di Lecce, la pubblicit\u00e0 se ho i soldi la faccio altrimenti passo. Risponde il primo. <\/p>\n\n\n\n<p><\/p>\n\n\n\n<p>Interviene il suo vicino di negozio e ci dice, io oltre all&#8217;insegna grande ho altre insegne pi\u00f9 piccole, che grazie all&#8217;incapacit\u00e0 di Gnoni e compagni fanno gestire il servizio della riscossione dei tritributi non dall&#8217;Uffico Tributi, come sarebbe logico, ma da un privato a cui il servizio e dato in concessione che ci spolpa come delle pere. Per queste insegne piccole e una locandina io pago circa mille euro l&#8217;anno, secondo la logica di Gnoni o di Salvemini che lo ha messo l\u00ec, pensano davvero che se quelle 1000 euro me le fanno pagare in quattro soluzioni mi aiutano in qualche modo? Quando persino per un volantino o un adesivo sulla vetrina scattano sanzioni e tasse a iosa. <\/p>\n\n\n\n<p><\/p>\n\n\n\n<p>Infine interviene un terzo, siamo al ridicolo, Gnoni oggi cita un regolamento che ci penalizza in tanti modi che qui sarebbe lungo elencare, regolamento che si \u00e8 rifiutato di discutere con la nostra categoria e oggi ci racconta che che vuoel venirci incontro. Gnoni \u00e8 il peggiore assessore ai Tributi, che Lecec ha avuto negli ultimi decenni, questo lo sanno pure le pietre, faccia l&#8217;avvocato che quello \u00e8 il suo mestiere.<br><\/p>\n<fb:like href='https:\/\/www.leccecronaca.it\/index.php\/2022\/08\/31\/comune-di-lecce-lassessore-ai-tributi-gnoni-scrive-ai-commercianti-ma-loro-rispondono-per-le-rime\/' send='true' layout='button_count' show_faces='true' width='450' height='65' action='recommend' colorscheme='light' font='lucida grande'><\/fb:like><span class=\"fb_share\"><fb:like href=\"https:\/\/www.leccecronaca.it\/index.php\/2022\/08\/31\/comune-di-lecce-lassessore-ai-tributi-gnoni-scrive-ai-commercianti-ma-loro-rispondono-per-le-rime\/\" layout=\"button_count\"><\/fb:like><\/span>","protected":false},"excerpt":{"rendered":"<p>Riceviamo e volentieri pubblichiamo, la nota che l&#8217;Assessore ai Tributi Gnoni invia ai commercianti leccesi, i quali pero non ci stanno a farsi prendere in giro.____ Questo \u00e8 il testo del comunicato stampa: &#8220;L\u2019assessorato ai Tributi del Comune di Lecce ricorda che c\u2019\u00e8 tempo fino al 30 settembre per regolare il pagamento del Canone unico [&hellip;]<\/p>\n","protected":false},"author":4,"featured_media":0,"comment_status":"open","ping_status":"closed","sticky":false,"template":"","format":"standard","meta":[],"categories":[76],"tags":[],"_links":{"self":[{"href":"https:\/\/www.leccecronaca.it\/index.php\/wp-json\/wp\/v2\/posts\/204517"}],"collection":[{"href":"https:\/\/www.leccecronaca.it\/index.php\/wp-json\/wp\/v2\/posts"}],"about":[{"href":"https:\/\/www.leccecronaca.it\/index.php\/wp-json\/wp\/v2\/types\/post"}],"author":[{"embeddable":true,"href":"https:\/\/www.leccecronaca.it\/index.php\/wp-json\/wp\/v2\/users\/4"}],"replies":[{"embeddable":true,"href":"https:\/\/www.leccecronaca.it\/index.php\/wp-json\/wp\/v2\/comments?post=204517"}],"version-history":[{"count":2,"href":"https:\/\/www.leccecronaca.it\/index.php\/wp-json\/wp\/v2\/posts\/204517\/revisions"}],"predecessor-version":[{"id":204521,"href":"https:\/\/www.leccecronaca.it\/index.php\/wp-json\/wp\/v2\/posts\/204517\/revisions\/204521"}],"wp:attachment":[{"href":"https:\/\/www.leccecronaca.it\/index.php\/wp-json\/wp\/v2\/media?parent=204517"}],"wp:term":[{"taxonomy":"category","embeddable":true,"href":"https:\/\/www.leccecronaca.it\/index.php\/wp-json\/wp\/v2\/categories?post=204517"},{"taxonomy":"post_tag","embeddable":true,"href":"https:\/\/www.leccecronaca.it\/index.php\/wp-json\/wp\/v2\/tags?post=204517"}],"curies":[{"name":"wp","href":"https:\/\/api.w.org\/{rel}","templated":true}]}}