{"id":204798,"date":"2022-09-07T00:02:00","date_gmt":"2022-09-06T22:02:00","guid":{"rendered":"http:\/\/www.leccecronaca.it\/?p=204798"},"modified":"2022-09-07T15:37:56","modified_gmt":"2022-09-07T13:37:56","slug":"le-carceri-italiane-sono-diventate-invivibili","status":"publish","type":"post","link":"https:\/\/www.leccecronaca.it\/index.php\/2022\/09\/07\/le-carceri-italiane-sono-diventate-invivibili\/","title":{"rendered":"\u201cLe carceri italiane sono diventate invivibili\u201d"},"content":{"rendered":"\n<p><img decoding=\"async\" loading=\"lazy\" width=\"280\" height=\"180\" class=\"wp-image-204799\" style=\"width: 800px;\" src=\"https:\/\/www.leccecronaca.it\/wordpress\/wp-content\/uploads\/2022\/09\/download-6.jpg\" alt=\"\"><\/p>\n\n\n\n<p>Riceviamo e volentieri pubblichiamo. Il Comune di Lecce ci manda il seguente comunicato. Nella foto, Borgo San Nicola &nbsp;______&nbsp;<\/p>\n\n\n\n<p><strong>Comunicato stampa della Garante dei diritti delle persone private della libert\u00e0 personale<\/strong><strong>della Citt\u00e0 di Lecce<\/strong><strong>Appello al mondo della politica perch\u00e9 si occupi del carcere,<\/strong><strong>grande assente da questa campagna elettorale<\/strong><br>La Garante, preso atto dell\u2019andamento della campagna elettorale 2022, nella quale il carcere con le sue tante difficolt\u00e0 \u00e8 il grande assente, fa suo l\u2019invito che il Garante nazionale Mauro Palma rivolge a tutti i partiti per un deciso cambio di rotta, che porti all\u2019inserimento del tema carcere nel contesto pi\u00f9 ampio delle risposte da dare alle difficolt\u00e0 del nostro ambito sociale e alle lacerazioni che in esso si sviluppano.<br><br>La lunga lista di suicidi in carcere, 59 dall\u2019inizio dell\u2019anno, mai cos\u00ec tanti, racchiude storie di solitudine, di disagio psichico, di povert\u00e0, esclusione sociale e dipendenze; su queste storie, su queste vite tragicamente interrotte il silenzio della politica \u00e8 pressoch\u00e9 assoluto.<br>Le carceri italiane sono diventate invivibili: nelle carceri italiane, anche a Lecce, non c\u2019\u00e8 solo il sovraffollamento, che ha raggiunto negli ultimi mesi livelli intollerabili, vi \u00e8 carenza di personale, soprattutto sanitario che si trasforma in carenza di cura nei confronti dei pi\u00f9 fragili. Gli operatori dell\u2019area psicopedagogica sono pochi e non riescono a far fronte alle tante richieste e ai complessi bisogni dei\/lle detenuti\/e; i medici e gli psichiatri sono pochi, i bandi spesso vanno deserti; l\u2019estate poi rende pi\u00f9 difficile tutto, anche il normale approvvigionamento di medicinali.<br><br>Mentre molte situazioni peggiorano, in alcune sezione le detenute non usufruiscono della sorveglianza dinamica e trascorrono la maggior parte del loro tempo chiuse nelle celle, mentre i lavori di ristrutturazione di alcune aree vanno a rilento e costringono i detenuti a vivere in tre in una cella, mentre il disagio psichico aumenta pericolosamente, il carcere di Lecce \u201ctorna alla normalit\u00e0 pre-pandemica\u201d diminuendo, per i detenuti e le detenute di alta sicurezza, il numero e la durata delle telefonate e delle video chiamate, unico grande risultato positivo ottenuto per effetto dell\u2019emergenza Covid.<br>Nel frattempo nessuno dei candidati e delle candidate locali alle elezioni sembra volersi occupare di tanta sofferenza.<br><br>Per questo la Garante di Lecce fa suo l\u2019appello del Garante Nazionale e invita le forze politiche e i\/le candidati\/e a mettere al centro dei loro programmi il tema dell\u2019esecuzione penale, non per proporre facili e talvolta vuoti slogan di bandiera ma per affrontare concretamente i problemi.<br><br>Alcune criticit\u00e0 del sistema possono, infatti, trovare risposte efficaci se si guarda il problema al di l\u00e0 delle diversit\u00e0 ideologiche. Risposte e proposte che possono e devono trovare spazio nel dibattito preelettorale, nei programmi e nelle proposte e negli impegni dei partiti e delle coalizioni.<br>A tal fine ribadisce i punti essenziali che caratterizzano l\u2019Appello.<br><br>1) Pi\u00f9 strutture e interventi capaci di intercettare contraddizioni e difficolt\u00e0, la cui soluzione viene affidata all\u2019ambito penale.<br>Quasi un terzo della popolazione carcerarie, a Lecce come in Italia, ha una condanna compresa tra uno e due anni: sono persone per le quali il carcere non pu\u00f2 far poco o nulla; \u201c\u00e8 troppo poco tempo per poter costruire un reale percorso di conoscenza e di riabilitazione, ma \u00e8 abbastanza per cucire addosso alla persona detenuto uno stigma che ne pregiudica spesso un effettivo reinserimento sociale. Istituire delle strutture di controllo e di accoglienza rivolte ai detenuti con pene brevi e scarsissime risorse e che, per il tipo di reati lievi commessi, non rappresentano certo un elemento di pericolosit\u00e0 \u00e8 un modo per ridurre i pesanti livelli dell\u2019attuale sovraffollamento e contenere una presenza che parla di povert\u00e0 e di carenza sul territorio di strutture e interventi a sostegno delle persone pi\u00f9 fragili.<br><br>2) Rafforzare gli investimenti sull\u2019istruzione e la formazione all\u2019interno degli istituti carcerari significa rispondere al bisogno espresso da molti detenuti di uscire dal carcere almeno con uno strumento pi\u00f9 efficace e certificato che li aiuti a migliorare la vita durante la detenzione, a comprendere il presente e a riprendere in mano responsabilmente la propria vita.<br>Lecce \u00e8 da circa due anni sede di un Polo Universitario, la cui istituzione abbiamo tutti salutato con gioia e speranza ma che ancora stenta a decollare, nonostante il grande impegno profuso da tutti gli operatori coinvolti. \u201cLa cultura e la formazione \u2013 scrive il Garante nazionale \u2013 svolgono all\u2019interno delle carceri un ruolo centrale nel favorire il percorso di responsabilizzazione e reinserimento delle persone detenute. Sono lo strumento potente di promozione della persona, un veicolo per un ritorno positivo alla collettivit\u00e0, una premessa per un possibile inserimento lavorativo successivo al periodo di forzata distanza dal contesto sociale\u201d.<br>Investire in cultura e formazione migliora la vita delle persone detenute e di tutta la societ\u00e0.<br><br>3) Una maggiore presenza in carcere di operatori sociali, un pi\u00f9 efficace adeguamento dei loro profili professionale alle esigenze della vita carceraria e alle sue connotazioni attuali rappresentano un modo per rendere i percorsi di riconnessione con la vita esterna pi\u00f9 efficaci e utili.<br>Pi\u00f9 professionisti dell\u2019area educativa, pi\u00f9 psicologi, pi\u00f9 mediatori culturali significa dotare il carcere di personale competente, chiamato una serie di compiti essenziali di sostegno, contenimento e rielaborazione delle difficolt\u00e0 che adesso&nbsp;vengono a volte lasciati alla buona volont\u00e0 e disponibilit\u00e0 della Polizia penitenziaria che, oltre al ruolo di sorveglianza, finisce per farsi carico di altri tipi di problemi per i quali non pu\u00f2 essere preparata e su cui ricade una incongrua responsabilit\u00e0.<br>\u00c8 un investimento necessario, uno strumento efficace per consentire un ritorno alla realt\u00e0 sociale diverso da quello che si \u00e8 lasciato entrando.<br>Implementare le piante organica, spesso numericamente obsolete, rappresenta la condicio sine qua non per rendere operative le proposte presenti nella circolare, firmata dal capo Dap Carlo Renoldi, con l\u2019obiettivo di rinnovare, con il coinvolgimento delle Autorit\u00e0 sanitarie locali, gli strumenti di intervento e le modalit\u00e0 per prevenire il drammatico fenomeno dei suicidi.<br>La circolare fa giustamente riferimento al lavoro degli staff multidisciplinari, composti da direttore, comandante, educatore, medico e psicologo, chiamati ad analizzare in forma congiunta le situazioni a rischio, che &#8211; si legge nella circolare &#8211; \u201cpossono essere intercettate dai componenti dell\u2019Ufficio matricola, dai funzionari giuridico-pedagogici, dal personale di Polizia penitenziaria (al quale, tante volte, si devono i meritori interventi che riescono a salvare la vita di coloro che si erano determinati al gesto estremo), dagli assistenti volontari, dagli insegnanti e, pi\u00f9 in generale, da chiunque operi a diretto contatto con la popolazione detenuta, ivi compresi i Garanti, comunque denominati.<br>Con gli organici attualmente presenti tutto questo \u00e8 realmente molto difficile da realizzare.<br><br>4) Una maggiore attenzione, una assunzione di responsabilit\u00e0 da parte del Servizio sanitario nazionale per i problemi dei detenuti, maggiori investimenti in strumentazioni e personale per migliorare la capacit\u00e0 di presa in carico delle persone detenute dal punto di vista socio-sanitario non \u00e8 pi\u00f9 un obiettivo rinviabile.<br>Le difficolt\u00e0 che la vita reclusa porta con s\u00e9, il disagio psichico soggettivo che spesso queste difficolt\u00e0 generano non possono essere pi\u00f9 trascurate o sanzionate come comportamenti inadeguati e pericolosi ma vanno prese in carico con conseguenza di una scarsa qualit\u00e0 della vita, di un malessere esistenziale che la situazione degradata in cui versano molti istituti carcere finisce per acuire gravemente.<br>\u00c8 compito dello Stato rimuovere tutte queste carenze anche al fine di migliorare le condizioni di chi nella quotidianit\u00e0 del carcere vive e lavora.<br><br><\/p>\n<fb:like href='https:\/\/www.leccecronaca.it\/index.php\/2022\/09\/07\/le-carceri-italiane-sono-diventate-invivibili\/' send='true' layout='button_count' show_faces='true' width='450' height='65' action='recommend' colorscheme='light' font='lucida grande'><\/fb:like><span class=\"fb_share\"><fb:like href=\"https:\/\/www.leccecronaca.it\/index.php\/2022\/09\/07\/le-carceri-italiane-sono-diventate-invivibili\/\" layout=\"button_count\"><\/fb:like><\/span>","protected":false},"excerpt":{"rendered":"<p>Riceviamo e volentieri pubblichiamo. Il Comune di Lecce ci manda il seguente comunicato. Nella foto, Borgo San Nicola &nbsp;______&nbsp; Comunicato stampa della Garante dei diritti delle persone private della libert\u00e0 personaledella Citt\u00e0 di LecceAppello al mondo della politica perch\u00e9 si occupi del carcere,grande assente da questa campagna elettoraleLa Garante, preso atto dell\u2019andamento della campagna elettorale [&hellip;]<\/p>\n","protected":false},"author":4,"featured_media":204799,"comment_status":"open","ping_status":"closed","sticky":false,"template":"","format":"standard","meta":[],"categories":[1,76],"tags":[],"_links":{"self":[{"href":"https:\/\/www.leccecronaca.it\/index.php\/wp-json\/wp\/v2\/posts\/204798"}],"collection":[{"href":"https:\/\/www.leccecronaca.it\/index.php\/wp-json\/wp\/v2\/posts"}],"about":[{"href":"https:\/\/www.leccecronaca.it\/index.php\/wp-json\/wp\/v2\/types\/post"}],"author":[{"embeddable":true,"href":"https:\/\/www.leccecronaca.it\/index.php\/wp-json\/wp\/v2\/users\/4"}],"replies":[{"embeddable":true,"href":"https:\/\/www.leccecronaca.it\/index.php\/wp-json\/wp\/v2\/comments?post=204798"}],"version-history":[{"count":2,"href":"https:\/\/www.leccecronaca.it\/index.php\/wp-json\/wp\/v2\/posts\/204798\/revisions"}],"predecessor-version":[{"id":204803,"href":"https:\/\/www.leccecronaca.it\/index.php\/wp-json\/wp\/v2\/posts\/204798\/revisions\/204803"}],"wp:featuredmedia":[{"embeddable":true,"href":"https:\/\/www.leccecronaca.it\/index.php\/wp-json\/wp\/v2\/media\/204799"}],"wp:attachment":[{"href":"https:\/\/www.leccecronaca.it\/index.php\/wp-json\/wp\/v2\/media?parent=204798"}],"wp:term":[{"taxonomy":"category","embeddable":true,"href":"https:\/\/www.leccecronaca.it\/index.php\/wp-json\/wp\/v2\/categories?post=204798"},{"taxonomy":"post_tag","embeddable":true,"href":"https:\/\/www.leccecronaca.it\/index.php\/wp-json\/wp\/v2\/tags?post=204798"}],"curies":[{"name":"wp","href":"https:\/\/api.w.org\/{rel}","templated":true}]}}