{"id":205050,"date":"2022-09-13T15:54:37","date_gmt":"2022-09-13T13:54:37","guid":{"rendered":"http:\/\/www.leccecronaca.it\/?p=205050"},"modified":"2022-09-20T11:43:50","modified_gmt":"2022-09-20T09:43:50","slug":"pioggia-di-multe-al-via-del-mare-e-polemica","status":"publish","type":"post","link":"https:\/\/www.leccecronaca.it\/index.php\/2022\/09\/13\/pioggia-di-multe-al-via-del-mare-e-polemica\/","title":{"rendered":"PIOGGIA DI MULTE AL VIA DEL MARE, E&#8217; POLEMICA"},"content":{"rendered":"\n<p><img decoding=\"async\" loading=\"lazy\" width=\"585\" height=\"393\" class=\"wp-image-205051\" style=\"width: 1800px;\" src=\"https:\/\/www.leccecronaca.it\/wordpress\/wp-content\/uploads\/2022\/09\/loc.jpg\" alt=\"\" srcset=\"https:\/\/www.leccecronaca.it\/wordpress\/wp-content\/uploads\/2022\/09\/loc.jpg 585w, https:\/\/www.leccecronaca.it\/wordpress\/wp-content\/uploads\/2022\/09\/loc-300x202.jpg 300w\" sizes=\"(max-width: 585px) 100vw, 585px\" \/>Riceviamo e volentieri pubblichiamo. Il Movimento Regione Salento, e l&#8217;ufficio stampa del Comune di Lecce, ci mandano i seguenti comunicati, che qui di seguito riportiamo uno dopo l&#8217;altro, dal momento che si riferiscono allo stesso argomento&nbsp;______&nbsp;<\/p>\n\n\n\n<p>COMUNE DI LECCE<\/p>\n\n\n\n<p>Dichiarazione del sindaco&nbsp;<mark style=\"background-color:rgba(0, 0, 0, 0);color:#be2c2c\" class=\"has-inline-color\"><strong>Carlo Salvemini<\/strong><\/mark><strong>&nbsp;<\/strong>sul tema del piano per l\u2019ordine e la sicurezza pubblica attivato nelle prime partite casalinghe del Lecce:<\/p>\n\n\n\n<p><em>Questa mattina ho convocato a Palazzo Carafa il comandante della Polizia Locale per avere informazioni e dettagli sui verbali emessi per sanzionare gli autoveicoli in sosta vietata nei pressi dello Stadio Via del Mare. Non esiste alcuna volont\u00e0 dell\u2019amministrazione di fare cassa, men che meno di allontanare i tifosi dallo Stadio. Ma esclusivamente garantire la sicurezza dei cittadini impedendo la pericolosissima sosta dei veicoli lungo le rampe e i ponti della tangenziale.<\/em><\/p>\n\n\n\n<p><em>Come gi\u00e0 anticipato al Presidente Sticchi Damiani c&#8217;\u00e8 la volont\u00e0 di rivedere i provvedimenti assunti in occasione delle partite casalinghe della nostra squadra. Che sono all&#8217;interno di un piano per l&#8217;ordine e la sicurezza pubblica e non meramente legati alla viabilit\u00e0. <\/em><\/p>\n\n\n\n<p><em>Per questo motivo gioved\u00ec torneremo ad incontrarci in Prefettura alla presenza anche della Questura. In quella sede proporremo alcune possibili modifiche per rendere pi\u00f9 agevole l&#8217;accesso delle auto dei tifosi che raggiungono lo stadio dalla tangenziale, provenienti da nord e sud della citt\u00e0.<\/em><\/p>\n\n\n\n<p><em>Per dovere di verit\u00e0 e senza alcuna polemica va precisato che:1. le riunioni del tavolo tecnico svoltosi nel mese di luglio per la definizione dei provvedimenti da assumere in vista dell&#8217;avvio della stagione in serie A hanno sempre visto la presenza dell&#8217;US LECCE nelle figura del direttore generale e del delegato agli eventi. I quali hanno sempre potuto fare giungere proposte e suggerimenti.<\/em><\/p>\n\n\n\n<p><em>2. quest&#8217;anno i parcheggi riservati ai tifosi del piazzale Rozzi e Adamo (900 circa) sono riservati &#8211; per ragioni legate all&#8217;ordine e alla sicurezza pubblica e disposizioni della questura &#8211; esclusivamente ai titolari di pass rilasciati direttamente dall&#8217;USLECCE individuati fra personale tecnico, abbonati over 75\/80, disabili. Il fatto che in queste prime gare molti stalli siano rimasti vuoti \u00e8 dipeso dalla circostanza che ancora non si sono completati le procedure di rilascio agli aventi diritto, come precisato dalla stessa societ\u00e0.<\/em><\/p>\n\n\n\n<p><em>Il Comune \u00e8 al fianco della societ\u00e0 in questa bellissima stagione sportiva. Indossiamo la stessa maglia pur giocando in ruoli diversi. Ed insieme ci impegniamo ad agevolare l&#8217;arrivo dei tifosi sugli spalti garantendo sicurezza per tutti<\/em>.&nbsp;______&nbsp;<\/p>\n\n\n\n<p><\/p>\n\n\n\n<p><mark style=\"background-color:rgba(0, 0, 0, 0);color:#1891d7\" class=\"has-inline-color\"><strong>Giancarlo Capoccia<\/strong><\/mark>, coordinatore cittadino di Lecce del Movimento Regione Salento<\/p>\n\n\n\n<p>Non esistono scusanti: il Comune di Lecce ritiri in autotutela i preavvisi di verbale elevati domenica 11 settembre presso lo stadio \u201cVia del Mare\u201d, durante lo svolgimento della partita tra Lecce e Monza.<\/p>\n\n\n\n<p>Nonostante le impacciate dichiarazioni del sindaco Salvemini, il quale afferma che \u201cnon esiste alcuna volont\u00e0 dell\u2019amministrazione di fare cassa, men che meno di allontanare i tifosi dallo stadio\u201d, la realt\u00e0 racconta ben altro.<\/p>\n\n\n\n<p>Sono migliaia i cittadini-tifosi che, come sempre da decenni, hanno usufruito della sosta lungo Viale della Libert\u00e0 durante l\u2019incontro di calcio. Recentemente, come noto, sono stati installati ed attivati due impianti semaforici a ridosso dello stadio che, secondo la tesi del Comune, ora giustificherebbero le sanzioni elevate.<\/p>\n\n\n\n<p>Nulla di pi\u00f9 errato. E ci\u00f2 per due ordini di motivi: il primo \u00e8 che l\u2019arteria stradale in questione, durante lo svolgimento delle manifestazioni sportive, viene chiusa al traffico e, per questo, non pu\u00f2 essere considerato funzionante l\u2019impianto semaforico durante gli orari della chiusura alla circolazione. In secondo luogo, cosa ben pi\u00f9 importante, v\u2019\u00e8 da evidenziare che proprio nei pressi degli impianti semaforici, come sempre, sono presenti gli agenti della Polizia Locale, i quali svolgono il prescritto servizio d\u2019ordine, regolando il flusso del traffico e le aree di sosta.<\/p>\n\n\n\n<p>Ebbene, appare quanto meno pretestuosa la condotta degli agenti i quali, pur essendo presenti sul posto, non hanno avvertito gli automobilisti del divieto di sosta (che comunque non sussisteva), m anzi hanno atteso l\u2019inizio della gara per elevare le centinaia di multe. Altro che nessuna volont\u00e0 di far cassa!<\/p>\n\n\n\n<p>Alla luce delle recenti dichiarazioni del Sindaco Salvemini, ma anche del Presidente dell\u2019US Lecce Saverio Sticchi Damiani (che ha giustamente censurato quanto accaduto), invitiamo l\u2019Assessore al Traffico Marco De Matteis (peraltro tifosissimo dei giallorossi) a revocare in autotutela tutte le multe comminate ai cittadini domenica 11 settembre, nei pressi dello stadio, durante lo svolgimento della partita Lecce-Monza.<\/p>\n\n\n\n<p>Non farlo sarebbe la conferma della malafede con cui il Comune di Lecce ha inteso gestire la vicenda.<\/p>\n\n\n\n<p>Il Movimento Regione Salento, in ogni caso, \u00e8 pronto a fornire tutta l\u2019assistenza, anche di tipo legale, a tutti coloro che hanno subito questo sopruso dall\u2019Amministrazione<\/p>\n<fb:like href='https:\/\/www.leccecronaca.it\/index.php\/2022\/09\/13\/pioggia-di-multe-al-via-del-mare-e-polemica\/' send='true' layout='button_count' show_faces='true' width='450' height='65' action='recommend' colorscheme='light' font='lucida grande'><\/fb:like><span class=\"fb_share\"><fb:like href=\"https:\/\/www.leccecronaca.it\/index.php\/2022\/09\/13\/pioggia-di-multe-al-via-del-mare-e-polemica\/\" layout=\"button_count\"><\/fb:like><\/span>","protected":false},"excerpt":{"rendered":"<p>Riceviamo e volentieri pubblichiamo. Il Movimento Regione Salento, e l&#8217;ufficio stampa del Comune di Lecce, ci mandano i seguenti comunicati, che qui di seguito riportiamo uno dopo l&#8217;altro, dal momento che si riferiscono allo stesso argomento&nbsp;______&nbsp; COMUNE DI LECCE Dichiarazione del sindaco&nbsp;Carlo Salvemini&nbsp;sul tema del piano per l\u2019ordine e la sicurezza pubblica attivato nelle prime [&hellip;]<\/p>\n","protected":false},"author":4,"featured_media":205051,"comment_status":"open","ping_status":"closed","sticky":false,"template":"","format":"standard","meta":[],"categories":[69,76,36],"tags":[],"_links":{"self":[{"href":"https:\/\/www.leccecronaca.it\/index.php\/wp-json\/wp\/v2\/posts\/205050"}],"collection":[{"href":"https:\/\/www.leccecronaca.it\/index.php\/wp-json\/wp\/v2\/posts"}],"about":[{"href":"https:\/\/www.leccecronaca.it\/index.php\/wp-json\/wp\/v2\/types\/post"}],"author":[{"embeddable":true,"href":"https:\/\/www.leccecronaca.it\/index.php\/wp-json\/wp\/v2\/users\/4"}],"replies":[{"embeddable":true,"href":"https:\/\/www.leccecronaca.it\/index.php\/wp-json\/wp\/v2\/comments?post=205050"}],"version-history":[{"count":3,"href":"https:\/\/www.leccecronaca.it\/index.php\/wp-json\/wp\/v2\/posts\/205050\/revisions"}],"predecessor-version":[{"id":205157,"href":"https:\/\/www.leccecronaca.it\/index.php\/wp-json\/wp\/v2\/posts\/205050\/revisions\/205157"}],"wp:featuredmedia":[{"embeddable":true,"href":"https:\/\/www.leccecronaca.it\/index.php\/wp-json\/wp\/v2\/media\/205051"}],"wp:attachment":[{"href":"https:\/\/www.leccecronaca.it\/index.php\/wp-json\/wp\/v2\/media?parent=205050"}],"wp:term":[{"taxonomy":"category","embeddable":true,"href":"https:\/\/www.leccecronaca.it\/index.php\/wp-json\/wp\/v2\/categories?post=205050"},{"taxonomy":"post_tag","embeddable":true,"href":"https:\/\/www.leccecronaca.it\/index.php\/wp-json\/wp\/v2\/tags?post=205050"}],"curies":[{"name":"wp","href":"https:\/\/api.w.org\/{rel}","templated":true}]}}