{"id":205373,"date":"2022-09-22T19:47:58","date_gmt":"2022-09-22T17:47:58","guid":{"rendered":"http:\/\/www.leccecronaca.it\/?p=205373"},"modified":"2022-09-22T19:48:00","modified_gmt":"2022-09-22T17:48:00","slug":"il-kosovo-dei-poeti","status":"publish","type":"post","link":"https:\/\/www.leccecronaca.it\/index.php\/2022\/09\/22\/il-kosovo-dei-poeti\/","title":{"rendered":"IL KOSOVO DEI POETI"},"content":{"rendered":"\n<figure class=\"wp-block-image size-full\"><img decoding=\"async\" loading=\"lazy\" width=\"300\" height=\"501\" src=\"https:\/\/www.leccecronaca.it\/wordpress\/wp-content\/uploads\/2022\/09\/9788836292738.jpg\" alt=\"\" class=\"wp-image-205374\" srcset=\"https:\/\/www.leccecronaca.it\/wordpress\/wp-content\/uploads\/2022\/09\/9788836292738.jpg 300w, https:\/\/www.leccecronaca.it\/wordpress\/wp-content\/uploads\/2022\/09\/9788836292738-180x300.jpg 180w\" sizes=\"(max-width: 300px) 100vw, 300px\" \/><\/figure>\n\n\n<p>di <strong>Raffaele Polo<\/strong> ______<\/p>\n<p>\u00a0<\/p>\n<p>\u00c8 uno di quei luoghi, di quelle regioni che conosciamo, purtroppo, solo per la cronaca dei conflitti internazionali, in realt\u00e0 non sapremmo indicarlo con precisione sulla carta geografica, se non con molta approssimazione. Per non parlare, poi, della conoscenza della cultura e della storia di questi angoli di mondo che, pure, hanno tanto da rivelarci.\u00a0<\/p>\n<p>Sono i poeti, naturalmente, l&#8217;anima di queste genti. E ci desta piacevole meraviglia constatare come, ancora una volta siano le realt\u00e0 pi\u00f9 travagliate e sofferenti ad esprimere al meglio il dolore e lo sconforto delle vittime innocenti e gli aneliti pi\u00f9 puri per la conquista di una &#8216;pace&#8217; mai raggiunta e sempre pi\u00f9 lontana.\u00a0<\/p>\n<p>In questa raccolta edita da Besa (Poesia dal Kossovo, 168 pagine, 15 euro), \u00e8 tracciata tutta la tragedia di un popolo scacciato dalla sua terra, umiliato e disperso nelle nazioni circostanti, privato del diritto di esistere. Qui, per\u00f2,\u00a0 rivive nella sua autentica cultura, nelle sue tradizioni, nei testi dei suoi poeti pi\u00f9 rappresentativi: da Din Mehmeti ad Ali Podrimja, da Rodaslav Zlatanovic a Shefqet Dibrani, e sembra ritornare ossessiva la metafora del fuoco e del silenzio: da una parte il Kossovo come terra di fuoco e sciabole, dall\u2019altra come luogo del silenzio di identit\u00e0 negata.<br \/>\u00a0\u00a0<\/p>\n<p>Le poesie dei poeti del Kossovo sono allora una sorta di vangelo e di memoria, ma appaiono anche come illuminazione profetica straordinaria.<\/p>\n<p>\u00a0\u00a0 Sembrano scritte un attimo prima dell\u2019esodo, un istante prima della scintilla che ha provocato l\u2019incendio dei Balcani.<\/p><fb:like href='https:\/\/www.leccecronaca.it\/index.php\/2022\/09\/22\/il-kosovo-dei-poeti\/' send='true' layout='button_count' show_faces='true' width='450' height='65' action='recommend' colorscheme='light' font='lucida grande'><\/fb:like><span class=\"fb_share\"><fb:like href=\"https:\/\/www.leccecronaca.it\/index.php\/2022\/09\/22\/il-kosovo-dei-poeti\/\" layout=\"button_count\"><\/fb:like><\/span>","protected":false},"excerpt":{"rendered":"<p>di Raffaele Polo ______ \u00a0 \u00c8 uno di quei luoghi, di quelle regioni che conosciamo, purtroppo, solo per la cronaca dei conflitti internazionali, in realt\u00e0 non sapremmo indicarlo con precisione sulla carta geografica, se non con molta approssimazione. Per non parlare, poi, della conoscenza della cultura e della storia di questi angoli di mondo che, [&hellip;]<\/p>\n","protected":false},"author":4,"featured_media":205374,"comment_status":"open","ping_status":"closed","sticky":false,"template":"","format":"standard","meta":[],"categories":[31],"tags":[],"_links":{"self":[{"href":"https:\/\/www.leccecronaca.it\/index.php\/wp-json\/wp\/v2\/posts\/205373"}],"collection":[{"href":"https:\/\/www.leccecronaca.it\/index.php\/wp-json\/wp\/v2\/posts"}],"about":[{"href":"https:\/\/www.leccecronaca.it\/index.php\/wp-json\/wp\/v2\/types\/post"}],"author":[{"embeddable":true,"href":"https:\/\/www.leccecronaca.it\/index.php\/wp-json\/wp\/v2\/users\/4"}],"replies":[{"embeddable":true,"href":"https:\/\/www.leccecronaca.it\/index.php\/wp-json\/wp\/v2\/comments?post=205373"}],"version-history":[{"count":2,"href":"https:\/\/www.leccecronaca.it\/index.php\/wp-json\/wp\/v2\/posts\/205373\/revisions"}],"predecessor-version":[{"id":205376,"href":"https:\/\/www.leccecronaca.it\/index.php\/wp-json\/wp\/v2\/posts\/205373\/revisions\/205376"}],"wp:featuredmedia":[{"embeddable":true,"href":"https:\/\/www.leccecronaca.it\/index.php\/wp-json\/wp\/v2\/media\/205374"}],"wp:attachment":[{"href":"https:\/\/www.leccecronaca.it\/index.php\/wp-json\/wp\/v2\/media?parent=205373"}],"wp:term":[{"taxonomy":"category","embeddable":true,"href":"https:\/\/www.leccecronaca.it\/index.php\/wp-json\/wp\/v2\/categories?post=205373"},{"taxonomy":"post_tag","embeddable":true,"href":"https:\/\/www.leccecronaca.it\/index.php\/wp-json\/wp\/v2\/tags?post=205373"}],"curies":[{"name":"wp","href":"https:\/\/api.w.org\/{rel}","templated":true}]}}