{"id":205681,"date":"2022-10-01T08:00:00","date_gmt":"2022-10-01T06:00:00","guid":{"rendered":"http:\/\/www.leccecronaca.it\/?p=205681"},"modified":"2022-10-01T12:23:29","modified_gmt":"2022-10-01T10:23:29","slug":"torre-chianca-appicca-il-fuoco-in-piu-punti-denunciato-per-incendio-boschivo","status":"publish","type":"post","link":"https:\/\/www.leccecronaca.it\/index.php\/2022\/10\/01\/torre-chianca-appicca-il-fuoco-in-piu-punti-denunciato-per-incendio-boschivo\/","title":{"rendered":"TORRE CHIANCA, APPICCA IL FUOCO IN PIU\u2019 PUNTI. DENUNCIATO PER INCENDIO BOSCHIVO"},"content":{"rendered":"\n<figure class=\"wp-block-image size-large\"><img decoding=\"async\" loading=\"lazy\" width=\"1024\" height=\"682\" src=\"https:\/\/www.leccecronaca.it\/wordpress\/wp-content\/uploads\/2022\/09\/incendio-vigili-del-fuoco-pompiere-1024x682.jpeg\" alt=\"\" class=\"wp-image-205682\" srcset=\"https:\/\/www.leccecronaca.it\/wordpress\/wp-content\/uploads\/2022\/09\/incendio-vigili-del-fuoco-pompiere-1024x682.jpeg 1024w, https:\/\/www.leccecronaca.it\/wordpress\/wp-content\/uploads\/2022\/09\/incendio-vigili-del-fuoco-pompiere-300x200.jpeg 300w, https:\/\/www.leccecronaca.it\/wordpress\/wp-content\/uploads\/2022\/09\/incendio-vigili-del-fuoco-pompiere-768x511.jpeg 768w, https:\/\/www.leccecronaca.it\/wordpress\/wp-content\/uploads\/2022\/09\/incendio-vigili-del-fuoco-pompiere.jpeg 1280w\" sizes=\"(max-width: 1024px) 100vw, 1024px\" \/><\/figure>\n\n\n\n<p>(f.f.) ______<\/p>\n\n\n\n<p>Arrivata ieri da Torre Chianca, marina di Lecce, l\u2019ennesima storia di cronaca relativa ad incendi, roghi ed atti di piromania che da un po&#8217; di tempo a questa parte, stanano divenendo quasi consuetudine.<\/p>\n\n\n\n<p>Nel pomeriggio di gioved\u00ec infatti, un 35enne di Lizzanello \u00e8 stato fermato dai carabinieri forestali &#8211; intervenuti sul luogo dell\u2019incendio assieme ai vigili del fuoco \u2013 in seguito ad una segnalazione da parte degli automobilisti che erano di passaggio proprio in quei frangenti e che hanno potuto constatare l\u2019emergenza.<\/p>\n\n\n\n<p>Il presunto piromane infatti, aveva appiccato le fiamme in pi\u00f9 punti nelle campagne di Torre Chianca, nei pressi della nota localit\u00e0 marina: fermato dai carabinieri forestali, il 35enne \u00e8 attualmente indagato in stato di libert\u00e0 con l&#8217;accusa di incendio boschivo doloso.<\/p>\n\n\n\n<p>Secondo gli inquirenti, l\u2019indiziato avrebbe difatti &nbsp;fatto divampare il fuoco su un terreno nelle immediate vicinanze di quello di sua propriet\u00e0: tuttavia, si trattava nello specifico di una zona gi\u00e0 tenuta sotto osservazione dai militari della Forestale, proprio perch\u00e9 interessata dal fenomeno degli incendi sia la scorsa estate, che da qualche anno a questa parte.<\/p>\n\n\n\n<p>Fortunatamente, le conseguenze disastrose di un tale gesto sono state scongiurate, grazie all\u2019 immediato intervento dei Vigili del Fuoco, mentre gli uomini dell\u2019Arma &#8211; che hanno bloccato in flagranza l\u2019uomo &#8211;&nbsp; lo hanno denunciato a piede libero.<\/p>\n\n\n\n<p>LA RICERCA nel nostro articolo del 22 settembre scorso. ______<\/p>\n\n\n\n<p><blockquote class=\"wp-embedded-content\" data-secret=\"MBCmeVrywH\"><a href=\"https:\/\/www.leccecronaca.it\/index.php\/2022\/09\/22\/ancora-incendi-in-salento-a-fuoco-una-pineta-tra-san-foca-e-melendugno\/\">ANCORA INCENDI IN SALENTO<\/a><\/blockquote><iframe class=\"wp-embedded-content\" sandbox=\"allow-scripts\" security=\"restricted\" style=\"position: absolute; clip: rect(1px, 1px, 1px, 1px);\" title=\"&#8220;ANCORA INCENDI IN SALENTO&#8221; &#8212; LecceCronaca.it\" src=\"https:\/\/www.leccecronaca.it\/index.php\/2022\/09\/22\/ancora-incendi-in-salento-a-fuoco-una-pineta-tra-san-foca-e-melendugno\/embed\/#?secret=RPDuR3L2g4#?secret=MBCmeVrywH\" data-secret=\"MBCmeVrywH\" width=\"500\" height=\"282\" frameborder=\"0\" marginwidth=\"0\" marginheight=\"0\" scrolling=\"no\"><\/iframe><\/p>\n<fb:like href='https:\/\/www.leccecronaca.it\/index.php\/2022\/10\/01\/torre-chianca-appicca-il-fuoco-in-piu-punti-denunciato-per-incendio-boschivo\/' send='true' layout='button_count' show_faces='true' width='450' height='65' action='recommend' colorscheme='light' font='lucida grande'><\/fb:like><span class=\"fb_share\"><fb:like href=\"https:\/\/www.leccecronaca.it\/index.php\/2022\/10\/01\/torre-chianca-appicca-il-fuoco-in-piu-punti-denunciato-per-incendio-boschivo\/\" layout=\"button_count\"><\/fb:like><\/span>","protected":false},"excerpt":{"rendered":"<p>(f.f.) ______ Arrivata ieri da Torre Chianca, marina di Lecce, l\u2019ennesima storia di cronaca relativa ad incendi, roghi ed atti di piromania che da un po&#8217; di tempo a questa parte, stanano divenendo quasi consuetudine. Nel pomeriggio di gioved\u00ec infatti, un 35enne di Lizzanello \u00e8 stato fermato dai carabinieri forestali &#8211; intervenuti sul luogo dell\u2019incendio [&hellip;]<\/p>\n","protected":false},"author":4,"featured_media":205682,"comment_status":"open","ping_status":"closed","sticky":false,"template":"","format":"standard","meta":[],"categories":[69],"tags":[],"_links":{"self":[{"href":"https:\/\/www.leccecronaca.it\/index.php\/wp-json\/wp\/v2\/posts\/205681"}],"collection":[{"href":"https:\/\/www.leccecronaca.it\/index.php\/wp-json\/wp\/v2\/posts"}],"about":[{"href":"https:\/\/www.leccecronaca.it\/index.php\/wp-json\/wp\/v2\/types\/post"}],"author":[{"embeddable":true,"href":"https:\/\/www.leccecronaca.it\/index.php\/wp-json\/wp\/v2\/users\/4"}],"replies":[{"embeddable":true,"href":"https:\/\/www.leccecronaca.it\/index.php\/wp-json\/wp\/v2\/comments?post=205681"}],"version-history":[{"count":2,"href":"https:\/\/www.leccecronaca.it\/index.php\/wp-json\/wp\/v2\/posts\/205681\/revisions"}],"predecessor-version":[{"id":205693,"href":"https:\/\/www.leccecronaca.it\/index.php\/wp-json\/wp\/v2\/posts\/205681\/revisions\/205693"}],"wp:featuredmedia":[{"embeddable":true,"href":"https:\/\/www.leccecronaca.it\/index.php\/wp-json\/wp\/v2\/media\/205682"}],"wp:attachment":[{"href":"https:\/\/www.leccecronaca.it\/index.php\/wp-json\/wp\/v2\/media?parent=205681"}],"wp:term":[{"taxonomy":"category","embeddable":true,"href":"https:\/\/www.leccecronaca.it\/index.php\/wp-json\/wp\/v2\/categories?post=205681"},{"taxonomy":"post_tag","embeddable":true,"href":"https:\/\/www.leccecronaca.it\/index.php\/wp-json\/wp\/v2\/tags?post=205681"}],"curies":[{"name":"wp","href":"https:\/\/api.w.org\/{rel}","templated":true}]}}