{"id":206472,"date":"2022-10-19T17:19:41","date_gmt":"2022-10-19T15:19:41","guid":{"rendered":"http:\/\/www.leccecronaca.it\/?p=206472"},"modified":"2022-10-19T18:16:20","modified_gmt":"2022-10-19T16:16:20","slug":"lecce-la-maggioranza-va-ancora-sotto","status":"publish","type":"post","link":"https:\/\/www.leccecronaca.it\/index.php\/2022\/10\/19\/lecce-la-maggioranza-va-ancora-sotto\/","title":{"rendered":"LECCE: LA MAGGIORANZA VA ANCORA SOTTO"},"content":{"rendered":"\n<p><img decoding=\"async\" loading=\"lazy\" width=\"841\" height=\"1456\" class=\"wp-image-206473\" style=\"width: 800px;\" src=\"https:\/\/www.leccecronaca.it\/wordpress\/wp-content\/uploads\/2022\/10\/salvemini.jpg\" alt=\"\" srcset=\"https:\/\/www.leccecronaca.it\/wordpress\/wp-content\/uploads\/2022\/10\/salvemini.jpg 841w, https:\/\/www.leccecronaca.it\/wordpress\/wp-content\/uploads\/2022\/10\/salvemini-173x300.jpg 173w, https:\/\/www.leccecronaca.it\/wordpress\/wp-content\/uploads\/2022\/10\/salvemini-591x1024.jpg 591w, https:\/\/www.leccecronaca.it\/wordpress\/wp-content\/uploads\/2022\/10\/salvemini-768x1330.jpg 768w\" sizes=\"(max-width: 841px) 100vw, 841px\" \/> (Rdl) ______ La maggioranza va ancora sotto: in commissione bilancio le delibere non passano\u00a0<\/p>\n\n\n\n<p>Nella giornata di oggi, in commissione bilancio, la maggioranza non raggiunge i numeri per approvare le delibere. Per l\u2019ennesima volta le spaccature interne al governo Salvemini fanno cadere il castello.<\/p>\n\n\n\n<p>Durante i lavori di commissione Bilancio, infatti, alcuni consiglieri di maggioranza hanno sollevato critiche e perplessit\u00e0 in merito alla conduzione dei lavori. Hanno altres\u00ec contestato l\u2019iter che ha portato alla maturazione del debito fuori bilancio, oggetto della delibera, oltre che il contenuto della stessa.<\/p>\n\n\n\n<p>In conseguenza di ci\u00f2, alcuni esponenti della maggioranza hanno scelto di abbandonare l\u2019aula e cos\u00ec l\u2019opposizione ha avuto la superiorit\u00e0 numerica in commissione.<\/p>\n\n\n\n<p>Quello di oggi non \u00e8 un episodio isolato, tutt\u2019altro.<\/p>\n\n\n\n<p>\u00c8 l\u2019ennesima crepa nell\u2019Amministrazione , che si manifesta pubblicamente.<\/p>\n\n\n\n<p>Un governo allo sbando che non ha pi\u00f9 i numeri nemmeno per votare un parere in commissione.<\/p>\n\n\n\n<p>Dopo l\u2019abbandono dell\u2019aula durante i consigli comunali, la nascita di nuovi gruppi consiliari e la pubblica richiesta di un rimpasto di governo , oggi assistiamo all\u2019assenza&nbsp; della maggioranza anche in commissione bilancio.<\/p>\n\n\n\n<p>La domanda \u00e8 d\u2019obbligo: pu\u00f2 un\u2019amministrazione vittima di queste profonde e instabili falle interne continuare ad andare avanti ? Se non \u00e8 in grado di fare sintesi per una votazione in commissione pu\u00f2 avere le capacit\u00e0 di portare avanti il governo della citt\u00e0 di Lecce ?<\/p>\n\n\n\n<p>Una citt\u00e0 in predissesto non merita una conduzione cos\u00ec irresponsabile.<\/p>\n\n\n\n<p>Se non sono in grado di stabilire un equilibrio interno, sarebbe bene si mettessero da parte per dare spazio a delle elezioni anticipate.<\/p>\n\n\n\n<p>Questo e quanto sotengono i consiglieri comunali del centrodestra lecccesi.<\/p>\n\n\n\n<p><\/p>\n<fb:like href='https:\/\/www.leccecronaca.it\/index.php\/2022\/10\/19\/lecce-la-maggioranza-va-ancora-sotto\/' send='true' layout='button_count' show_faces='true' width='450' height='65' action='recommend' colorscheme='light' font='lucida grande'><\/fb:like><span class=\"fb_share\"><fb:like href=\"https:\/\/www.leccecronaca.it\/index.php\/2022\/10\/19\/lecce-la-maggioranza-va-ancora-sotto\/\" layout=\"button_count\"><\/fb:like><\/span>","protected":false},"excerpt":{"rendered":"<p>(Rdl) ______ La maggioranza va ancora sotto: in commissione bilancio le delibere non passano\u00a0 Nella giornata di oggi, in commissione bilancio, la maggioranza non raggiunge i numeri per approvare le delibere. Per l\u2019ennesima volta le spaccature interne al governo Salvemini fanno cadere il castello. Durante i lavori di commissione Bilancio, infatti, alcuni consiglieri di maggioranza [&hellip;]<\/p>\n","protected":false},"author":4,"featured_media":0,"comment_status":"open","ping_status":"closed","sticky":false,"template":"","format":"standard","meta":[],"categories":[1],"tags":[],"_links":{"self":[{"href":"https:\/\/www.leccecronaca.it\/index.php\/wp-json\/wp\/v2\/posts\/206472"}],"collection":[{"href":"https:\/\/www.leccecronaca.it\/index.php\/wp-json\/wp\/v2\/posts"}],"about":[{"href":"https:\/\/www.leccecronaca.it\/index.php\/wp-json\/wp\/v2\/types\/post"}],"author":[{"embeddable":true,"href":"https:\/\/www.leccecronaca.it\/index.php\/wp-json\/wp\/v2\/users\/4"}],"replies":[{"embeddable":true,"href":"https:\/\/www.leccecronaca.it\/index.php\/wp-json\/wp\/v2\/comments?post=206472"}],"version-history":[{"count":3,"href":"https:\/\/www.leccecronaca.it\/index.php\/wp-json\/wp\/v2\/posts\/206472\/revisions"}],"predecessor-version":[{"id":206477,"href":"https:\/\/www.leccecronaca.it\/index.php\/wp-json\/wp\/v2\/posts\/206472\/revisions\/206477"}],"wp:attachment":[{"href":"https:\/\/www.leccecronaca.it\/index.php\/wp-json\/wp\/v2\/media?parent=206472"}],"wp:term":[{"taxonomy":"category","embeddable":true,"href":"https:\/\/www.leccecronaca.it\/index.php\/wp-json\/wp\/v2\/categories?post=206472"},{"taxonomy":"post_tag","embeddable":true,"href":"https:\/\/www.leccecronaca.it\/index.php\/wp-json\/wp\/v2\/tags?post=206472"}],"curies":[{"name":"wp","href":"https:\/\/api.w.org\/{rel}","templated":true}]}}