{"id":206555,"date":"2022-10-22T00:02:00","date_gmt":"2022-10-21T22:02:00","guid":{"rendered":"http:\/\/www.leccecronaca.it\/?p=206555"},"modified":"2022-10-21T15:18:23","modified_gmt":"2022-10-21T13:18:23","slug":"novita-editoriali-solstititum-di-andrea-ceradini","status":"publish","type":"post","link":"https:\/\/www.leccecronaca.it\/index.php\/2022\/10\/22\/novita-editoriali-solstititum-di-andrea-ceradini\/","title":{"rendered":"NOVITA&#8217; EDITORIALI \/\u00a0\u201cSolstititum\u201d DI ANDREA CERADINI"},"content":{"rendered":"\n<p><img decoding=\"async\" loading=\"lazy\" width=\"1200\" height=\"536\" class=\"wp-image-206558\" style=\"width: 1200px;\" src=\"https:\/\/www.leccecronaca.it\/wordpress\/wp-content\/uploads\/2022\/10\/ac.jpg\" alt=\"\" srcset=\"https:\/\/www.leccecronaca.it\/wordpress\/wp-content\/uploads\/2022\/10\/ac.jpg 1200w, https:\/\/www.leccecronaca.it\/wordpress\/wp-content\/uploads\/2022\/10\/ac-300x134.jpg 300w, https:\/\/www.leccecronaca.it\/wordpress\/wp-content\/uploads\/2022\/10\/ac-1024x457.jpg 1024w, https:\/\/www.leccecronaca.it\/wordpress\/wp-content\/uploads\/2022\/10\/ac-768x343.jpg 768w\" sizes=\"(max-width: 1200px) 100vw, 1200px\" \/><\/p>\n\n\n\n<p>(a.dp.) ______<em><strong> \u201cSolstititum\u201d <\/strong><\/em>(138 pagg. 10,40 euro) \u00e8 il titolo della quarta ed ultima pubblicazione di <strong>Andrea Ceradini <\/strong>(nella foto), romanziere   veronese e medico veterinario, edita dalla casa editrice leccese I Quaderni del Bardo Edizioni di Stefano Donno.<\/p>\n\n\n\n<p>Un titolo significativo, che commemora la ricorrenza magica dedicata agli spiriti e agli elfi che, secondo la tradizione propria dell&#8217;antica religione germanica di ceppo celtico, indicava la notte dedicata alla prosperit\u00e0 e alla luce che vince sull&#8217;oscurit\u00e0 delle tenebre, ovvero il momento in cui il Sole raggiunge la sua massima declinazione cos\u00ec come inteso da Alban Hefin.<\/p>\n\n\n\n<p>Tuttavia, il nome \u201cSolstitium\u201d commemora anche l&#8217;evento storico conosciuto come \u201cBattaglia del solstizio\u201d &#8211; il cui termine \u00e8 stato coniato dal poeta e scrittore italiano Gabriele D&#8217;Annunzio &#8211; combattuta nei giorni intercorrenti tra il 15 ed il 24 giugno 1918 tra l&#8217;esercito austro-ungarico ed il Regio Esercito Italiano nell&#8217;ultima grande offensiva della Prima Guerra Mondiale; sar\u00e0 proprio in questo scenario storico che il romanzo di Ceradini raggiunger\u00e0 il suo culmine.<\/p>\n\n\n\n<p>La narrazione \u00e8 incentrata sull&#8217;omicidio di una giovane donna natia di Opicina, vicino Trieste,, Adele Carli &#8211; nata Catturich &#8211; che viene trovata morta nella sua residenza situtata a Schio, in Veneto.<\/p>\n\n\n\n<p>Protagonista dell&#8217;opera in prosa \u00e8 il Maggiore Vincenzo Martini dei Carabinieri Reali &#8211; gi\u00e0 adoperato come personaggio dall&#8217;autore Ceradini nei suoi tre romanzi dai titoli \u201c<em>Le rose dell\u2019Altopiano<\/em>\u00a0(2017), \u201c<em>Il fumo sull\u2019acqua<\/em>\u201d (2018) e\u00a0\u201c<em>Fuga da Caporetto-Nostos padano<\/em>\u201d (2019) \u2013\u00a0il quale \u00e8 chiamato a dare un volto ed un nome all&#8217;assassino della vittima, ufficialmente sarta ma prostituta di professione. <\/p>\n\n\n\n<p>Un romanzo dai perfetti connotati del genere Giallo, che porta seco le sfumature tipiche della letteratura verista &#8211; dato dall&#8217;utilizzo di un registro linguistico in forma dialettale, tipico del posto ove si svolgono i fatti. Esso che fa da scenario a questo capolavoro letterario, intriso anche di notevoli sfumature che vanno a connotare il romanzo storico.<\/p>\n\n\n\n<p>Scorrevole e d&#8217;impatto, il romanzo non trascura neppure l&#8217;aspetto psicologico dei personaggi il quale si rivela essere un connotato essenziale per ogni narrazione dai tratti \u201ccrime\u201d o polizieschi: ogni personaggio che interagisce con i fatti possiede una descrizione assai preziosa che agevola il lettore nell&#8217;immedesimazione, aiutandolo \u2013 cos\u00ec \u2013 a vestire i panni dell&#8217;inquirente chiamato a far luce su un delitto che lascia spazio a svariate ipotesi investigative, vantando moventi che vanno dal passionale a quello dettato dal pregiudizio che imputa e condanna la condizione sociale e morale legata al lavoro svolto dalla vittima. <\/p>\n\n\n\n<p>La morte della protagonista, tuttavia, accende l&#8217;interesse per un&#8217;altra scomparsa prematura, avvenuta nel 1901 ed archiviata &#8211; anni prima &#8211;\u00a0\u00a0come suicidio la quale, sino a quel momento, era stata apparentemente condizionata dal trascorrere del tempo e dall&#8217;affievolirisi del memento di un episodio tanto traumatico; ecco, per\u00f2, rialbeggiare il fantasma del ricordo di un bambino &#8211; ospite come tanti dell&#8217;istituto di accoglienza per orfani \u201cSorelle della Misericordia\u201d &#8211;\u00a0\u00a0il quale risulta essere indissolubilmente legato alla vittima e al giallo della morte di quest&#8217;ultima.<\/p>\n\n\n\n<p>Ricco di riferimenti manzoniani e, pi\u00f9 in generale, letterari ed artistici, \u201cSolstitium\u201d dona al lettore una visione estremamente esatta della situazione sociale del tempo che conserva in s\u00e9 uno scopo educativo non trascurabile e ricco di cenni inerenti all&#8217;atrocit\u00e0 della guerra, alle condizioni dei soldati chiamati al fonte, all&#8217;amore, alla perdita, nonch\u00e9 alle piaghe sociali che potremmo definire\u00a0\u00a0\u201cattuali\u201d.<\/p>\n\n\n\n<p><img decoding=\"async\" loading=\"lazy\" width=\"500\" height=\"500\" class=\"wp-image-206559\" style=\"width: 1200px;\" src=\"https:\/\/www.leccecronaca.it\/wordpress\/wp-content\/uploads\/2022\/10\/cover-solstiitum.jpg\" alt=\"\" srcset=\"https:\/\/www.leccecronaca.it\/wordpress\/wp-content\/uploads\/2022\/10\/cover-solstiitum.jpg 500w, https:\/\/www.leccecronaca.it\/wordpress\/wp-content\/uploads\/2022\/10\/cover-solstiitum-300x300.jpg 300w, https:\/\/www.leccecronaca.it\/wordpress\/wp-content\/uploads\/2022\/10\/cover-solstiitum-150x150.jpg 150w, https:\/\/www.leccecronaca.it\/wordpress\/wp-content\/uploads\/2022\/10\/cover-solstiitum-60x60.jpg 60w\" sizes=\"(max-width: 500px) 100vw, 500px\" \/><\/p>\n\n\n\n<p> Per acuistare il libro<\/p>\n\n\n\n<p><a href=\"https:\/\/iquadernidelbardoedizionidistefanodonno.com\/posts\/3324125548958074237?hl=it\">https:\/\/iquadernidelbardoedizionidistefanodonno.com\/posts\/3324125548958074237?hl=it<\/a><\/p>\n\n\n\n<p><\/p>\n<fb:like href='https:\/\/www.leccecronaca.it\/index.php\/2022\/10\/22\/novita-editoriali-solstititum-di-andrea-ceradini\/' send='true' layout='button_count' show_faces='true' width='450' height='65' action='recommend' colorscheme='light' font='lucida grande'><\/fb:like><span class=\"fb_share\"><fb:like href=\"https:\/\/www.leccecronaca.it\/index.php\/2022\/10\/22\/novita-editoriali-solstititum-di-andrea-ceradini\/\" layout=\"button_count\"><\/fb:like><\/span>","protected":false},"excerpt":{"rendered":"<p>(a.dp.) ______ \u201cSolstititum\u201d (138 pagg. 10,40 euro) \u00e8 il titolo della quarta ed ultima pubblicazione di Andrea Ceradini (nella foto), romanziere veronese e medico veterinario, edita dalla casa editrice leccese I Quaderni del Bardo Edizioni di Stefano Donno. Un titolo significativo, che commemora la ricorrenza magica dedicata agli spiriti e agli elfi che, secondo la [&hellip;]<\/p>\n","protected":false},"author":4,"featured_media":206558,"comment_status":"open","ping_status":"closed","sticky":false,"template":"","format":"standard","meta":[],"categories":[1],"tags":[],"_links":{"self":[{"href":"https:\/\/www.leccecronaca.it\/index.php\/wp-json\/wp\/v2\/posts\/206555"}],"collection":[{"href":"https:\/\/www.leccecronaca.it\/index.php\/wp-json\/wp\/v2\/posts"}],"about":[{"href":"https:\/\/www.leccecronaca.it\/index.php\/wp-json\/wp\/v2\/types\/post"}],"author":[{"embeddable":true,"href":"https:\/\/www.leccecronaca.it\/index.php\/wp-json\/wp\/v2\/users\/4"}],"replies":[{"embeddable":true,"href":"https:\/\/www.leccecronaca.it\/index.php\/wp-json\/wp\/v2\/comments?post=206555"}],"version-history":[{"count":3,"href":"https:\/\/www.leccecronaca.it\/index.php\/wp-json\/wp\/v2\/posts\/206555\/revisions"}],"predecessor-version":[{"id":206562,"href":"https:\/\/www.leccecronaca.it\/index.php\/wp-json\/wp\/v2\/posts\/206555\/revisions\/206562"}],"wp:featuredmedia":[{"embeddable":true,"href":"https:\/\/www.leccecronaca.it\/index.php\/wp-json\/wp\/v2\/media\/206558"}],"wp:attachment":[{"href":"https:\/\/www.leccecronaca.it\/index.php\/wp-json\/wp\/v2\/media?parent=206555"}],"wp:term":[{"taxonomy":"category","embeddable":true,"href":"https:\/\/www.leccecronaca.it\/index.php\/wp-json\/wp\/v2\/categories?post=206555"},{"taxonomy":"post_tag","embeddable":true,"href":"https:\/\/www.leccecronaca.it\/index.php\/wp-json\/wp\/v2\/tags?post=206555"}],"curies":[{"name":"wp","href":"https:\/\/api.w.org\/{rel}","templated":true}]}}