{"id":206586,"date":"2022-10-22T17:35:01","date_gmt":"2022-10-22T15:35:01","guid":{"rendered":"http:\/\/www.leccecronaca.it\/?p=206586"},"modified":"2022-10-22T20:45:23","modified_gmt":"2022-10-22T18:45:23","slug":"alfredo-mantovano-nel-governo-di-giorgia-meloni","status":"publish","type":"post","link":"https:\/\/www.leccecronaca.it\/index.php\/2022\/10\/22\/alfredo-mantovano-nel-governo-di-giorgia-meloni\/","title":{"rendered":"ALFREDO MANTOVANO NEL GOVERNO DI GIORGIA MELONI"},"content":{"rendered":"\n<p><img decoding=\"async\" loading=\"lazy\" width=\"702\" height=\"400\" class=\"wp-image-206625\" style=\"width: 800px;\" src=\"https:\/\/www.leccecronaca.it\/wordpress\/wp-content\/uploads\/2022\/10\/mantovanomelcorecongedomelonileccecronaca.jpg\" alt=\"\" srcset=\"https:\/\/www.leccecronaca.it\/wordpress\/wp-content\/uploads\/2022\/10\/mantovanomelcorecongedomelonileccecronaca.jpg 702w, https:\/\/www.leccecronaca.it\/wordpress\/wp-content\/uploads\/2022\/10\/mantovanomelcorecongedomelonileccecronaca-300x171.jpg 300w\" sizes=\"(max-width: 702px) 100vw, 702px\" \/><\/p>\n\n\n\n<p>di<strong> Valerio Melcore<\/strong> _______ Il nuovo governo si \u00e8 insediato. Giorgia Meloni \u00e8 il nuovo Presidente del Consiglio. <br>Per la prima volta nella storia d\u2019Italia il capo del governo sar\u00e0 una donna, non solo, si tratta di una giovane donna ma soprattutto \u00e8 l\u2019espressione di un mondo, quello della destra che da sempre \u00e8 stata messo all\u2019angolino, subendo discriminazioni di ogni tipo.<br>Le donne e gli uomini di destra in Italia sono figli di un Dio minore e quest\u2019ultima campagna elettorale ne \u00e8 stata l\u2019ennesima prova. Una campagna in cui la sinistra ha dipinto la Meloni come un mostro, erede del Fascismo, omofoba, razzista, nemica delle donne, nemica dell\u2019Europa, che \u00e8 contro i diritti delle persone. Attacchi alla Meloni sono venuti dai giornaloni dell\u2019alta finanza, dall\u2019emittente televisiva La7, dove soli se la cantano e soli se la suonano, per non parlare della Rai che invita nelle sue trasmissioni scrittori comunisti francesi per sentenziare che se il popolo vota a destra quel voto non va rispettato. A dare manforte al coro delle anime belle di casa nostra ci sono stati coloro che in Europa hanno sempre gradito un\u2019Italia debole asservita agli interessi altrui; hanno tentato tutti i modi di minare la credibilit\u00e0 di FdL, ci\u00f2 nonostante, o chiss\u00e0 forse proprio per questo, il popolo italiano ha premiato Giorgia Meloni.<br>A nulla sono serviti tre anni di pedinamenti e di inchieste di giornalisti o pseudo tali, per tentare di infangare gli uomini di Fdl, cos\u00ec come il tentativo da parte di qualche magistrato che ha cercato di delegittimare personaggi vicini alla leader di FdI, tutto \u00e8 stato vano e oggi la destra \u00e8 la prima forza politica in Italia.<\/p>\n\n\n\n<p>Basterebbe questo risultato per dare la cifra del personaggio, non dimentichiamo che alla leader di Fratelli d\u2019Italia nessuno ha regalato nulla, ha costituito un partito su cui nessuno avrebbe scommesso un euro, invece giorno dopo giorno, lavorando per anni lo ha portato a sbaragliare la concorrenza.<br>Meloni non ha sbagliato una mossa in questi anni e per arrivare all\u2019oggi, anche nella formazione del Governo \u00e8 riuscita a non cedere alle pressioni esterne e a quelle degli alleati ma \u00e8 andata dritta per la sua strada come aveva promesso.<br>Gli uomini e le donne del nuovo Governo sono tutte di altissimo livello, ma quella che come leccesi ci ha colpito in modo particolare \u00e8 stata la nomina a Sottosegretario di Alfredo Mantovano.<br>Un intellettuale, ricordiamolo, che ha pubblicato decine di volumi, che ha organizzato centinaia di conferenze  sempre di altissimo livello,  la stampa nazionale lo descrive come un Magistrato prestato alla politica, io mi permetto di dissentire e non solo per gli importanti ruoli politici ed istituzionali ricoperti in passato, ma la sua passione per la politica lo accompagna sin da quando era un liceale. <\/p>\n\n\n\n<p><br>Fra i Ministri c\u2019\u00e8 Raffaele Fitto un altro salentino, a cui giustamente la Meloni\u00a0 ha affidato un ministero per riconoscenza in quanto l\u2019ha sostenuta quando FdI era al 4%. Fitto \u00e8 un uomo che proviene dal mondo della Democrazia Cristiana.<br>Ma\u00a0 se la Meloni \u00e8 stata riconoscente nei confronti di quanti pur provenendo da ambienti politici differenti da quelli in cui lei \u00e8 cresciuta l&#8217;hanno sostenuta, non ha dimenticato, anzi ha valorizzato uomini e donne  che provengono da quel piccolo mondo, che i media dipingevano come i brutti e i cattivi, che era la destra. Inoltre, la scelta di mettersi a fianco un personaggio Mantovano, che noi salentini ben conosciamo, che ricordiamolo era fuori dal Parlamento e la riprova che la Meloni oltre a volere nel suo Governo personalit\u00e0 di spessore, vuole anche che quella cultura di destra, che \u00e8 cultura di civilt\u00e0, di identit\u00e0 e sopratutto di libert\u00e0, che sin\u2019ora \u00e8 mancata nel nostro paese stretto nella morsa del pensiero unico, \u00a0possa esprimersi al meglio attraverso gli uomini e le donne di destra che governeranno la Nazione.<br><br><\/p>\n\n\n\n<p>Troppe volte la Comunit\u00e0 della destra \u00e8 stata delusa da personaggi che quando raggiungevano un posto di potere, magari alla guida di una citt\u00e0, di una provincia o in qualche ruolo chiave in Regione, dimenticavano coloro che per anni avevano combattuto al loro fianco, cedendo alle lusinghe del potere o alla rodata burocrazia costruita in decenni dalla sinistra.<br>Ecco, Giorgia Meloni oltre ad essere convincente quando racconta l\u2019Italia che sogna, si\u00a0 fa notare per piccoli gesti che ai pi\u00f9 sfuggono, ma non a coloro che sono diretti.<\/p>\n\n\n\n<p>Appena conosciuto i risultati elettorali e saputo che FdI era il primo partito, ha voluto ricordare coloro che non c\u2019erano pi\u00f9 e con i quali avrebbe voluto condividere quella vittoria.<\/p>\n\n\n\n<p>Le decine di migliaia di militanti che negli anni si sono formati nella giovane destra, nel Fronte della Giovent\u00f9 e che hanno pagato un pesante tributo, in termini di discriminazioni, di violenze, a volte di carcere solo per essersi difesi e che hanno visto tanti loro amici cadere uccisi dall\u2019odio della sinistra, per un momento hanno provato un brivido, hanno provato una commozione profonda ritornando con il cuore e con la mente ai loro anni giovanili fatti di militanza e di sogni.<\/p>\n\n\n\n<p>Ecco, di Giorgia Meloni possiamo dire che sia una sognatrice pragmatica. La capacit\u00e0 di questa donna di coltivare sogni, di non dimenticare il proprio percorso di vita, avendo ben piantati i piedi per terra ci fa ben sperare.<br>\u00a0<br>Sappiamo che al Governo Meloni \u00e8 stato consegnato un paese a pezzi, che ha enormi problemi da risolvere, che i pi\u00f9 ritengono siano problemi irrisolvibili, per cui il percorso di questo governo \u00e8 tutto in salita,\u00a0 ma siamo convinti che se c\u2019\u00e8 una che pu\u00f2 farcela \u00e8 proprio Giorgia Meloni, grazie alla sua tenacia e alla sua determinazione.<\/p>\n\n\n\n<p>Ora passiamo dal dato nazionale a quello locale.<br>Sappiamo che molti salentini, che per anni hanno militato a destra \u00a0da qualche anno si limitano a tifare o a criticare, ma hanno smesso di impegnarsi politicamente in prima persona, perch\u00e9 la destra salentina pur essendo rappresentata da persone degnissime, queste non provengono da quella Comunit\u00e0 umana e politica in cui questi militanti si sono formati. Pertanto non si riconoscono in questi leaders.<\/p>\n\n\n\n<p>Il ritorno \u201cin pista\u201d di Alfredo Mantovano potrebbe essere l\u2019occasione perch\u00e9 costoro possano ritornare a fare politica attiva andando ad irrobustire le fila di Fratelli d\u2019Italia.<\/p>\n\n\n\n<p>All\u2019altro salentino Raffaele Fitto, insieme a tutti i suoi colleghi di Governo, facciamo i migliori auguri di buon lavoro.<br>(Nella foto: Alfredo Mantovano, quando era sottosegretario agli Interni, mentre tiene una conferenza a Cavallino organizzata dal Circolo il Cavaliere sul tema: &#8220;La Sicurezza genera ricchezza ed occupazione&#8221;)<\/p>\n<fb:like href='https:\/\/www.leccecronaca.it\/index.php\/2022\/10\/22\/alfredo-mantovano-nel-governo-di-giorgia-meloni\/' send='true' layout='button_count' show_faces='true' width='450' height='65' action='recommend' colorscheme='light' font='lucida grande'><\/fb:like><span class=\"fb_share\"><fb:like href=\"https:\/\/www.leccecronaca.it\/index.php\/2022\/10\/22\/alfredo-mantovano-nel-governo-di-giorgia-meloni\/\" layout=\"button_count\"><\/fb:like><\/span>","protected":false},"excerpt":{"rendered":"<p>di Valerio Melcore _______ Il nuovo governo si \u00e8 insediato. Giorgia Meloni \u00e8 il nuovo Presidente del Consiglio. Per la prima volta nella storia d\u2019Italia il capo del governo sar\u00e0 una donna, non solo, si tratta di una giovane donna ma soprattutto \u00e8 l\u2019espressione di un mondo, quello della destra che da sempre \u00e8 stata [&hellip;]<\/p>\n","protected":false},"author":4,"featured_media":0,"comment_status":"open","ping_status":"closed","sticky":false,"template":"","format":"standard","meta":[],"categories":[1],"tags":[],"_links":{"self":[{"href":"https:\/\/www.leccecronaca.it\/index.php\/wp-json\/wp\/v2\/posts\/206586"}],"collection":[{"href":"https:\/\/www.leccecronaca.it\/index.php\/wp-json\/wp\/v2\/posts"}],"about":[{"href":"https:\/\/www.leccecronaca.it\/index.php\/wp-json\/wp\/v2\/types\/post"}],"author":[{"embeddable":true,"href":"https:\/\/www.leccecronaca.it\/index.php\/wp-json\/wp\/v2\/users\/4"}],"replies":[{"embeddable":true,"href":"https:\/\/www.leccecronaca.it\/index.php\/wp-json\/wp\/v2\/comments?post=206586"}],"version-history":[{"count":3,"href":"https:\/\/www.leccecronaca.it\/index.php\/wp-json\/wp\/v2\/posts\/206586\/revisions"}],"predecessor-version":[{"id":206633,"href":"https:\/\/www.leccecronaca.it\/index.php\/wp-json\/wp\/v2\/posts\/206586\/revisions\/206633"}],"wp:attachment":[{"href":"https:\/\/www.leccecronaca.it\/index.php\/wp-json\/wp\/v2\/media?parent=206586"}],"wp:term":[{"taxonomy":"category","embeddable":true,"href":"https:\/\/www.leccecronaca.it\/index.php\/wp-json\/wp\/v2\/categories?post=206586"},{"taxonomy":"post_tag","embeddable":true,"href":"https:\/\/www.leccecronaca.it\/index.php\/wp-json\/wp\/v2\/tags?post=206586"}],"curies":[{"name":"wp","href":"https:\/\/api.w.org\/{rel}","templated":true}]}}