{"id":206984,"date":"2022-10-29T15:30:45","date_gmt":"2022-10-29T13:30:45","guid":{"rendered":"http:\/\/www.leccecronaca.it\/?p=206984"},"modified":"2022-10-29T18:25:35","modified_gmt":"2022-10-29T16:25:35","slug":"sara-pure-compatibile-e-tutto-a-posto-legalmente-ma-un-ministro-della-difesa-mercante-di-armi-non-si-puo-vedere","status":"publish","type":"post","link":"https:\/\/www.leccecronaca.it\/index.php\/2022\/10\/29\/sara-pure-compatibile-e-tutto-a-posto-legalmente-ma-un-ministro-della-difesa-mercante-di-armi-non-si-puo-vedere\/","title":{"rendered":"SARA&#8217; PURE COMPATIBILE, E A POSTO, MA UN MINISTRO DELLA DIFESA MERCANTE DI ARMI NON SI PUO&#8217; VEDERE"},"content":{"rendered":"\n<p><img decoding=\"async\" loading=\"lazy\" width=\"1088\" height=\"1088\" class=\"wp-image-206985\" style=\"width: 1800px;\" src=\"https:\/\/www.leccecronaca.it\/wordpress\/wp-content\/uploads\/2022\/10\/gc.jpg\" alt=\"\" srcset=\"https:\/\/www.leccecronaca.it\/wordpress\/wp-content\/uploads\/2022\/10\/gc.jpg 1088w, https:\/\/www.leccecronaca.it\/wordpress\/wp-content\/uploads\/2022\/10\/gc-300x300.jpg 300w, https:\/\/www.leccecronaca.it\/wordpress\/wp-content\/uploads\/2022\/10\/gc-1024x1024.jpg 1024w, https:\/\/www.leccecronaca.it\/wordpress\/wp-content\/uploads\/2022\/10\/gc-150x150.jpg 150w, https:\/\/www.leccecronaca.it\/wordpress\/wp-content\/uploads\/2022\/10\/gc-768x768.jpg 768w, https:\/\/www.leccecronaca.it\/wordpress\/wp-content\/uploads\/2022\/10\/gc-60x60.jpg 60w\" sizes=\"(max-width: 1088px) 100vw, 1088px\" \/><\/p>\n\n\n\n<p>(g.p.) ______&nbsp; A sei giorni dal suo insediamento, questa mattina il ministro della Difesa Guido Crosetto (nella foto), 59 anni, di Marene, in provincia di Cuneo, imprenditore, ex della Democrazia Cristiana, poi di Forza Italia, in seguito fondatore e deputato di Fratelli d&#8217;Italia, gi\u00e0 sottosegrtario sempre alla Difesa nell&#8217;ultimo governo Berlusconi nel 2008, per lunghi periodi dirigente di enti, aziende e associazioni che operano nel campo delle forniture militari, anche di armi, come pure per esse consulente e lobbysta, ha fatto diffondere la seguente nota ufficiale, come si vedr\u00e0 in aperta smetita sulle illazioni riguardanti la sua presunta impatibilit\u00e0 al nuovo incarico.<\/p>\n\n\n\n<p>Lo riporto qui di seguito integralmente. Prendo e do atto che legalmente il neo ministro NON si trova in posizione di conflitto di interessi, e che dal punto di vista legale \u00e8 tutto a posto.<\/p>\n\n\n\n<p>Rimango tuttavia della mia idea, che la sua sia stata una nomina sbagliata. Provo a spiegarmi in sintesi estrema. <\/p>\n\n\n\n<p>So per antica scuola che chi fa politica debba essere al di sopra di ogni sospetto, e che per un politico non contino solo gli aspetti legali, ma pure quelli morali, e di opportunit\u00e0 etica. <\/p>\n\n\n\n<p>Se la sua, chiamiamola cos\u00ec, &#8216;ideologia&#8217; neo liberista e imprenditoriale si sposa perfettamente con il nuovo partito &#8216;conservatore&#8217; di Giorgia Meloni, della quale egli \u00e8 apprezzato consigliere, rimane la questione dirimente dell&#8217;attivit\u00e0 imprenditoriale passata, va bene, ma di un passato troppo recente, per essere cancellato di colpo, in ossequio agli interessi nazionali, d&#8217;accordo, quello che volete, per\u00f2, ecco, \u00e8 una nomina che stride proprio con l&#8217;attualit\u00e0, con gli enormi interessi geopolitici in gioco con la crisi della guerra in corso, e pure con i tentativi, per ora timidi, di intesa pacifica, sotto l&#8217;egida del Papa.<\/p>\n\n\n\n<p>Papa Francesco ha pi\u00f9 volte spiegato negli ultiumi tempi &#8211; ed \u00e8 stata una significativa novit\u00e0 per la Santa Sede &#8211; che le guerre sono sempre provocate dai mercanti di armi e che rispondono a questi precisi interessi, e certamente Guido Crosetto conoscer\u00e0 le idee del Pontefice.<\/p>\n\n\n\n<p>C&#8217;\u00e8 stato poi il sommo poeta, da sempre icona della destra italiana, Ezra Pound, che a lungo spieg\u00f2 le guerre con i suoi ragionamente sull&#8217;usura degli speculatori finanziari e sulle attivit\u00e0, magari legalmente lecite, dei mercanti di armi. Ma dubito che Guido Crosetto conosca Ezra Pound.&nbsp;______&nbsp;<\/p>\n\n\n\n<p><\/p>\n\n\n\n<h2 class=\"wp-block-heading\">Difesa: precisazione del Ministro della Difesa rispetto alla normativa riguardante il conflitto di interessi &#8211; n. 70<\/h2>\n\n\n\n<p id=\"pAutore\">di: Ministero della Difesa<\/p>\n\n\n\n<p>Roma, 29 ottobre 2022.<\/p>\n\n\n\n<p>I<em><strong>n merito all\u2019ipotizzato conflitto di interessi fra l\u2019incarico del Ministro Crosetto e le sue precedenti funzioni di presidente dell\u2019AIAD, oggetto di recenti trasmissioni televisive e articoli di stampa, il Ministero della difesa sottolinea che a mente degli articoli 2 e 3 della legge n. 215 del 2004 e delle funzioni di indirizzo politico-amministrativo attribuite al Ministro dagli articoli 4 e 14 del decreto legislativo n. 165 del 2001 e dal 10 al 13 del codice dell\u2019ordinamento militare, non si ravvisa sul piano tecnico-giuridico alcuna ipotesi di conflitto di interessi o di incompatibilit\u00e0. <\/strong><\/em><\/p>\n\n\n\n<p><em><strong>Infatti, per espressa previsione di legge, anche eventuali situazioni di conflitto antecedenti all\u2019assunzione della carica non assumono alcun rilievo in quanto cessate all\u2019atto dell\u2019assunzione della carica stessa. <\/strong><\/em><\/p>\n\n\n\n<p><em><strong>Nessuno status di incompatibilit\u00e0 o di conflitto di interessi \u00e8 giuridicamente ipotizzabile nel momento in cui il Ministro non ha pi\u00f9 cariche, propriet\u00e0 aziendali o patrimoni personali che in qualsiasi modo possano entrare in rapporto con le attivit\u00e0 di Ministero della difesa. <\/strong><\/em><\/p>\n\n\n\n<p><em><strong>Peraltro, il Ministro della difesa non partecipa in alcun caso all\u2019adozione di atti idonei ad incidere sul suo patrimonio o su quello del coniuge o dei parenti, in quanto del tutto privo di poteri e funzioni negoziali. <\/strong><\/em><\/p>\n\n\n\n<p><em><strong>Nel settore del procurement degli armamenti, a mente dell\u2019articolo 26 del citato codice, \u00e8 il Capo di Stato maggiore della difesa che definisce i requisiti operativi dei sistemi d\u2019arma da approvvigionare e [ex articolo 41 del medesimo codice] il Segretario generale della Difesa che avvia le attivit\u00e0 di ricerca di carattere tecnologico e industriale e che presiede alle procedure di acquisizione attraverso le competenti Direzioni tecniche. <\/strong><\/em><\/p>\n\n\n\n<p><em><strong>Cionondimeno, nel pregresso incarico di presidente di AIAD, per la natura dei settori industriali rappresentati, di chiaro interesse strategico nazionale, l\u2019attuale Ministro ha perseguito obiettivi del tutto convergenti con quelli pubblici, rafforzando le capacit\u00e0 delle imprese e la conseguente competitivit\u00e0 internazionale mediante la promozione dell\u2019industria italiana della Difesa all\u2019estero. Infine, il Ministero della difesa non ha mai detenuto n\u00e9 detiene alcuna partecipazione nei gruppi industriali di riferimento. <\/strong><\/em><\/p>\n\n\n\n<p><em><strong>Ad ogni buon conto sar\u00e0 cura della Difesa trasmettere le dichiarazione sull\u2019insussistenza di situazioni di conflitto previste dall\u2019articolo 5 della legge 215 del 2004, confermando che non sussistono nella fattispecie motivi di inconferibilit\u00e0 o incompatibilit\u00e0.<\/strong><\/em><\/p>\n<fb:like href='https:\/\/www.leccecronaca.it\/index.php\/2022\/10\/29\/sara-pure-compatibile-e-tutto-a-posto-legalmente-ma-un-ministro-della-difesa-mercante-di-armi-non-si-puo-vedere\/' send='true' layout='button_count' show_faces='true' width='450' height='65' action='recommend' colorscheme='light' font='lucida grande'><\/fb:like><span class=\"fb_share\"><fb:like href=\"https:\/\/www.leccecronaca.it\/index.php\/2022\/10\/29\/sara-pure-compatibile-e-tutto-a-posto-legalmente-ma-un-ministro-della-difesa-mercante-di-armi-non-si-puo-vedere\/\" layout=\"button_count\"><\/fb:like><\/span>","protected":false},"excerpt":{"rendered":"<p>(g.p.) ______&nbsp; A sei giorni dal suo insediamento, questa mattina il ministro della Difesa Guido Crosetto (nella foto), 59 anni, di Marene, in provincia di Cuneo, imprenditore, ex della Democrazia Cristiana, poi di Forza Italia, in seguito fondatore e deputato di Fratelli d&#8217;Italia, gi\u00e0 sottosegrtario sempre alla Difesa nell&#8217;ultimo governo Berlusconi nel 2008, per lunghi [&hellip;]<\/p>\n","protected":false},"author":4,"featured_media":206985,"comment_status":"open","ping_status":"closed","sticky":false,"template":"","format":"standard","meta":[],"categories":[69,76],"tags":[],"_links":{"self":[{"href":"https:\/\/www.leccecronaca.it\/index.php\/wp-json\/wp\/v2\/posts\/206984"}],"collection":[{"href":"https:\/\/www.leccecronaca.it\/index.php\/wp-json\/wp\/v2\/posts"}],"about":[{"href":"https:\/\/www.leccecronaca.it\/index.php\/wp-json\/wp\/v2\/types\/post"}],"author":[{"embeddable":true,"href":"https:\/\/www.leccecronaca.it\/index.php\/wp-json\/wp\/v2\/users\/4"}],"replies":[{"embeddable":true,"href":"https:\/\/www.leccecronaca.it\/index.php\/wp-json\/wp\/v2\/comments?post=206984"}],"version-history":[{"count":9,"href":"https:\/\/www.leccecronaca.it\/index.php\/wp-json\/wp\/v2\/posts\/206984\/revisions"}],"predecessor-version":[{"id":206996,"href":"https:\/\/www.leccecronaca.it\/index.php\/wp-json\/wp\/v2\/posts\/206984\/revisions\/206996"}],"wp:featuredmedia":[{"embeddable":true,"href":"https:\/\/www.leccecronaca.it\/index.php\/wp-json\/wp\/v2\/media\/206985"}],"wp:attachment":[{"href":"https:\/\/www.leccecronaca.it\/index.php\/wp-json\/wp\/v2\/media?parent=206984"}],"wp:term":[{"taxonomy":"category","embeddable":true,"href":"https:\/\/www.leccecronaca.it\/index.php\/wp-json\/wp\/v2\/categories?post=206984"},{"taxonomy":"post_tag","embeddable":true,"href":"https:\/\/www.leccecronaca.it\/index.php\/wp-json\/wp\/v2\/tags?post=206984"}],"curies":[{"name":"wp","href":"https:\/\/api.w.org\/{rel}","templated":true}]}}