{"id":207294,"date":"2022-11-05T19:14:46","date_gmt":"2022-11-05T18:14:46","guid":{"rendered":"http:\/\/www.leccecronaca.it\/?p=207294"},"modified":"2022-11-05T19:16:07","modified_gmt":"2022-11-05T18:16:07","slug":"il-governo-raffo5rza-litalia-in-prima-linea-nelle-iniziative-della-nato-per-limpiego-della-forza-ad-elevata-prontezza-operativa","status":"publish","type":"post","link":"https:\/\/www.leccecronaca.it\/index.php\/2022\/11\/05\/il-governo-raffo5rza-litalia-in-prima-linea-nelle-iniziative-della-nato-per-limpiego-della-forza-ad-elevata-prontezza-operativa\/","title":{"rendered":"L&#8217;ITALIA IN PRIMA LINEA NELLE \u201diniziative della NATO per l\u2019impiego della forza ad elevata prontezza operativa\u201d"},"content":{"rendered":"\n<p><img decoding=\"async\" loading=\"lazy\" width=\"300\" height=\"168\" class=\"wp-image-207295\" style=\"width: 1200px;\" src=\"https:\/\/www.leccecronaca.it\/wordpress\/wp-content\/uploads\/2022\/11\/DSC1281-comp.-1.jpg\" alt=\"\"><\/p>\n\n\n\n<p>(g.p.) ______ Si \u00e8 svolto ieri sera un consiglio dei ministri che ha formalizzato alcune decisioni gi\u00e0 adottate, fra cui un sempre maggiore coinvolgimento bellico nella Nato, e ne ha impostate altre da adottare, fra cui una svolta decisa per le trivellazioni petrolifere nei nostri mari.<\/p>\n\n\n\n<p>Torneremo in dettaglio su questultimo punto.<\/p>\n\n\n\n<p>Anticipiamo invece qui in sintesi che cosa sia la VJTF<\/p>\n\n\n\n<p>La\u00a0<strong>Very High Readiness Joint Task Force<\/strong>\u00a0\u00e8 una brigata terrestre di avanguardia della NATO,  multinazionale di 5\u00a0000 militari, con forze marittime, aeree e speciali, capace di essere schierata in qualsiasi parte del mondo entro due giorni e di arrivare a pieno organico entro cinque giorni e di essere rinforzata da due brigate pesantinei giorni a seguire. E&#8217;stata attivata per la prima volta nel marzo scorso a seguito della guerra in Ucraina.<\/p>\n\n\n\n<p>Intanto, qui di seguito il comunicato ufficiale con un report sulla riunione diffuso oggi da Palazzo Chigi.. ______<\/p>\n\n\n\n<h3 class=\"wp-block-heading\">Disposizioni urgenti in materia di riordino delle attribuzioni dei ministeri (decreto-legge)<\/h3>\n\n\n\n<p>Il Consiglio dei Ministri, su proposta del Presidente Giorgia Meloni, del Ministro degli affari esteri e della cooperazione internazionale Antonio Tajani, del Ministro dello sviluppo economico Adolfo Urso, del Ministro delle politiche agricole alimentari e forestali Francesco Lollobrigida, del Ministro della transizione ecologica Gilberto Pichetto Fratin, del Ministro delle infrastrutture e della mobilit\u00e0 sostenibili Matteo Salvini e del Ministro dell\u2019istruzione Giuseppe Valditara, ha approvato un decreto-legge che introduce disposizioni urgenti in materia di riordino delle attribuzioni dei ministeri.<\/p>\n\n\n\n<p>Il testo stabilisce le nuove denominazioni e competenze dei Ministeri interessati dal riordino:<\/p>\n\n\n\n<ul><li>il Ministero dello sviluppo economico diviene \u201cMinistero delle imprese e del made in Italy\u201d e acquisisce la competenza in materia di promozione e valorizzazione del made in Italy in Italia e nel mondo;<\/li><li>il Ministero delle politiche agricole alimentari e forestali diviene \u201cMinistero dell&#8217;agricoltura, della sovranit\u00e0 alimentare e forestale\u201d e acquisisce la competenza in materia di tutela della sovranit\u00e0 alimentare;<\/li><li>il Ministero della transizione ecologica \u00e8 ridenominato \u201cMinistero dell\u2019ambiente e della sicurezza energetica\u201d e diviene competente in materia di sicurezza energetica;<\/li><li>il Ministero delle infrastrutture e della mobilit\u00e0 sostenibili si denomina \u201cMinistero delle infrastrutture e dei trasporti\u201d;<\/li><li>il Ministero dell\u2019istruzione si denomina \u201cMinistero dell\u2019istruzione e del merito\u201d e si specificano le funzioni spettanti al Ministero in materia di valorizzazione del merito.<\/li><\/ul>\n\n\n\n<p>Il decreto, inoltre, interviene per facilitare l\u2019attuazione del Piano nazionale di ripresa e resilienza, attraverso alcune modifiche alla disciplina relativa alla governance del PNRR.<\/p>\n\n\n\n<p>Infine, sono istituiti il Comitato interministeriale per il made in Italy nel mondo, la Struttura di supporto e tutela dei diritti delle imprese, il Comitato interministeriale per le politiche del mare, con compiti di coordinamento e di definizione degli indirizzi strategici nel settore.<\/p>\n\n\n\n<p>*****<\/p>\n\n\n\n<h2 class=\"wp-block-heading\">SERVIZIO SANITARIO DELLA CALABRIA E MISSIONI INTERNAZIONALI<\/h2>\n\n\n\n<h3 class=\"wp-block-heading\">Disposizioni urgenti di proroga delle misure per il servizio sanitario della regione Calabria e per la partecipazione di personale militare al potenziamento del dispositivo NATO (decreto-legge)<\/h3>\n\n\n\n<p>Il Consiglio dei Ministri, su proposta del Presidente Giorgia Meloni del Ministro degli affari esteri e della cooperazione internazionale Antonio Tajani, del Ministro della difesa Guido Crosetto e del Ministro della salute Orazio Schillaci, ha approvato un decreto-legge che introduce disposizioni urgenti di proroga delle misure per il servizio sanitario della regione Calabria e per la partecipazione di personale militare al potenziamento del dispositivo NATO.<\/p>\n\n\n\n<p>Il testo proroga fino al 31 dicembre 2022 la partecipazione di personale militare italiano alle iniziative della NATO per l\u2019impiego della forza ad elevata prontezza operativa, denominata Very High Readiness Joint Task Force (VJTF).<\/p>\n\n\n\n<p>Inoltre, si prorogano per un periodo di 6 mesi le misure relative al settore sanitario della Regione Calabria, con particolare riferimento al termine del Commissariamento, al fine di consentire alla regione di proseguire le attivit\u00e0 avviate in relazione al personale degli enti del Servizio sanitario regionale, completare il consolidamento della struttura manageriale della sanit\u00e0 e avviare a pieno regime l\u2019Azienda Zero quale struttura di governance della sanit\u00e0 regionale. Il testo prevede la decadenza dei sub-commissari delle ASL e di altri enti, gi\u00e0 nominati, ove non espressamente confermati dal Commissario.<\/p>\n\n\n\n<p>Infine, si proroga la durata del mandato dei Componenti della Commissione consultiva tecnico-scientifica e del Comitato prezzi operanti presso l\u2019Agenzia italiana del farmaco (AIFA) fino al 23 febbraio 2023.<\/p>\n\n\n\n<p>*****<\/p>\n\n\n\n<h2 class=\"wp-block-heading\">NADEF E RELAZIONE AL PARLAMENTO SUGLI OBIETTIVI DI FINANZA PUBBLICA<\/h2>\n\n\n\n<p>Il Consiglio dei Ministri, su proposta del Presidente Giorgia Meloni e del Ministro dell\u2019economia e delle finanze Giancarlo Giorgetti, ha approvato la Nota di aggiornamento del Documento di economia e finanza (NADEF) che rivede e integra quella deliberata lo scorso 28 settembre, aggiornando le previsioni macroeconomiche e tendenziali di finanza pubblica ed elaborando anche lo scenario programmatico per il triennio 2023-2025.<\/p>\n\n\n\n<p>La politica economica che il Governo ha adottato si basa sull\u2019esigenza di rispondere all\u2019impennata dell\u2019inflazione e all\u2019impatto del caro energia sui bilanci delle famiglie, specialmente quelle pi\u00f9 fragili, e di garantire la sopravvivenza e la competitivit\u00e0 delle imprese italiane nel contesto europeo e a livello globale, anche in considerazione dei corposi interventi recentemente annunciati da altri Paesi membri dell\u2019Unione europea e extra europei.<\/p>\n\n\n\n<p>Un forte impegno sar\u00e0 anche dedicato all\u2019attuazione del Piano nazionale di ripresa e resilienza (PNRR), da cui dipendono ingenti investimenti per rilanciare la crescita sostenibile dell\u2019economia italiana.<\/p>\n\n\n\n<p>Come specificato nella NADEF, l\u2019entit\u00e0 della manovra netta 2023 viene stimata pari a circa 21 miliardi e sar\u00e0 destinata interamente al contrasto al caro energia.<\/p>\n\n\n\n<p>La previsione di crescita del PIL nello scenario tendenziale a legislazione vigente \u00e8 stata rivista al rialzo per il 2022, da 3,3 per cento a 3,7 per cento, mentre quella per il 2023 \u00e8 stata ridotta dallo 0,6 per cento allo 0,3 per cento. Le previsioni per i due anni successivi sono invece rimaste invariate, all\u20191,8 per cento e all\u20191,5 per cento.<\/p>\n\n\n\n<p>Le nuove stime del deficit tendenziale confermano quelle della NADEF di settembre relativamente al 2022 e al 2023, in cui l\u2019indebitamento netto \u00e8 previsto pari, rispettivamente, al 5,1 per cento del PIL e al 3,4 per cento del PIL. Vengono invece riviste lievemente al rialzo le previsioni di deficit per il 2024, dal 3,5 al 3,6 per cento del PIL, e per il 2025, dal 3,2 al 3,3 per cento.<\/p>\n\n\n\n<p>Il lavoro di predisposizione della legge di bilancio proceder\u00e0 a ritmi sostenuti nei prossimi giorni, con l\u2019obiettivo di consegnare al pi\u00f9 presto al Parlamento il disegno di legge di bilancio per il 2023.<\/p>\n\n\n\n<p>Con ambizione e pragmatismo per superare le complicate difficolt\u00e0 di questi anni e rispondere alle migliori speranze dei cittadini, senza tuttavia perdere di vista la sostenibilit\u00e0 della finanza pubblica, come conferma la discesa del rapporto debito Pil da circa 150 per cento del 2021 a poco pi\u00f9 del 140 del 2025.<\/p>\n\n\n\n<p>Contestualmente, il Consiglio dei Ministri ha approvato, su proposta del Presidente Giorgia Meloni e del Ministro dell\u2019economia e delle finanze Giancarlo Giorgetti, la Relazione al Parlamento, ai sensi dell\u2019articolo 6 della legge 24 dicembre 2012, n. 243,&nbsp;da presentare alle Camere, ai fini dell\u2019autorizzazione allo scostamento di bilancio. Con la relazione gli obiettivi programmatici sono fissati a 4,5 nel 2023, 3,7 nel 2013 e 3 nel 2025. Rispetto alla previsione tendenziale questo comporta un margine di risorse da utilizzare di 21 miliardi per il 2023 e di 2,4 miliardi per il 2024. La relazione d\u00e0 conto dell\u2019extra gettito di 9,1 miliardi per il 2022.<\/p>\n\n\n\n<p>Attraverso le risorse aggiuntive che saranno rese disponibili con lo scostamento, il Governo intende adottare misure che consentiranno di assicurare gli urgenti e necessari interventi per contrastare gli aumenti energetici.<\/p>\n\n\n\n<p>*****<\/p>\n\n\n\n<h2 class=\"wp-block-heading\">MISURE PER L\u2019INCREMENTO DELLA PRODUZIONE DI GAS NATURALE<\/h2>\n\n\n\n<p>Il Consiglio dei Ministri ha autorizzato la presentazione di un emendamento al decreto-legge \u201caiuti-ter\u201d (decreto-legge 23 settembre 2022, n. 144), che introduce norme volte al rafforzamento della sicurezza degli approvvigionamenti di gas naturale e alla riduzione delle emissioni di gas climalteranti, attraverso l\u2019incremento dell\u2019offerta di gas di produzione nazionale destinabile ai clienti finali industriali a prezzo accessibile.<\/p>\n\n\n\n<p>*****<\/p>\n\n\n\n<h2 class=\"wp-block-heading\">OBIETTIVI DI SPESA DEI MINISTERI PER IL PERIODO 2023-2025<\/h2>\n\n\n\n<p>Il Consiglio dei Ministri, su proposta del Ministro dell\u2019economia e delle finanze Giancarlo Giorgetti, ha approvato la definizione degli obiettivi di spesa per il periodo 2023-2025 per ciascun Ministero, ai sensi dell\u2019articolo 22-bis, della legge 31 dicembre 2009, n. 196. Tali obiettivi sono volti a determinare, nel periodo di riferimento, un risparmio in termini di indebitamento netto delle pubbliche amministrazioni pari a 800 milioni di euro nel 2023, 1,2 miliardi nel 2024 e 1,5 miliardi nel 2025.<\/p>\n<fb:like href='https:\/\/www.leccecronaca.it\/index.php\/2022\/11\/05\/il-governo-raffo5rza-litalia-in-prima-linea-nelle-iniziative-della-nato-per-limpiego-della-forza-ad-elevata-prontezza-operativa\/' send='true' layout='button_count' show_faces='true' width='450' height='65' action='recommend' colorscheme='light' font='lucida grande'><\/fb:like><span class=\"fb_share\"><fb:like href=\"https:\/\/www.leccecronaca.it\/index.php\/2022\/11\/05\/il-governo-raffo5rza-litalia-in-prima-linea-nelle-iniziative-della-nato-per-limpiego-della-forza-ad-elevata-prontezza-operativa\/\" layout=\"button_count\"><\/fb:like><\/span>","protected":false},"excerpt":{"rendered":"<p>(g.p.) ______ Si \u00e8 svolto ieri sera un consiglio dei ministri che ha formalizzato alcune decisioni gi\u00e0 adottate, fra cui un sempre maggiore coinvolgimento bellico nella Nato, e ne ha impostate altre da adottare, fra cui una svolta decisa per le trivellazioni petrolifere nei nostri mari. Torneremo in dettaglio su questultimo punto. Anticipiamo invece qui [&hellip;]<\/p>\n","protected":false},"author":4,"featured_media":207295,"comment_status":"open","ping_status":"closed","sticky":false,"template":"","format":"standard","meta":[],"categories":[76],"tags":[],"_links":{"self":[{"href":"https:\/\/www.leccecronaca.it\/index.php\/wp-json\/wp\/v2\/posts\/207294"}],"collection":[{"href":"https:\/\/www.leccecronaca.it\/index.php\/wp-json\/wp\/v2\/posts"}],"about":[{"href":"https:\/\/www.leccecronaca.it\/index.php\/wp-json\/wp\/v2\/types\/post"}],"author":[{"embeddable":true,"href":"https:\/\/www.leccecronaca.it\/index.php\/wp-json\/wp\/v2\/users\/4"}],"replies":[{"embeddable":true,"href":"https:\/\/www.leccecronaca.it\/index.php\/wp-json\/wp\/v2\/comments?post=207294"}],"version-history":[{"count":2,"href":"https:\/\/www.leccecronaca.it\/index.php\/wp-json\/wp\/v2\/posts\/207294\/revisions"}],"predecessor-version":[{"id":207298,"href":"https:\/\/www.leccecronaca.it\/index.php\/wp-json\/wp\/v2\/posts\/207294\/revisions\/207298"}],"wp:featuredmedia":[{"embeddable":true,"href":"https:\/\/www.leccecronaca.it\/index.php\/wp-json\/wp\/v2\/media\/207295"}],"wp:attachment":[{"href":"https:\/\/www.leccecronaca.it\/index.php\/wp-json\/wp\/v2\/media?parent=207294"}],"wp:term":[{"taxonomy":"category","embeddable":true,"href":"https:\/\/www.leccecronaca.it\/index.php\/wp-json\/wp\/v2\/categories?post=207294"},{"taxonomy":"post_tag","embeddable":true,"href":"https:\/\/www.leccecronaca.it\/index.php\/wp-json\/wp\/v2\/tags?post=207294"}],"curies":[{"name":"wp","href":"https:\/\/api.w.org\/{rel}","templated":true}]}}