{"id":207398,"date":"2022-11-08T16:07:42","date_gmt":"2022-11-08T15:07:42","guid":{"rendered":"http:\/\/www.leccecronaca.it\/?p=207398"},"modified":"2022-11-08T16:07:58","modified_gmt":"2022-11-08T15:07:58","slug":"aumenti-record-per-le-banane","status":"publish","type":"post","link":"https:\/\/www.leccecronaca.it\/index.php\/2022\/11\/08\/aumenti-record-per-le-banane\/","title":{"rendered":"&#8216; AUMENTI RECORD PER LE BANANE &#8216;"},"content":{"rendered":"\n<p><img decoding=\"async\" loading=\"lazy\" width=\"1054\" height=\"700\" class=\"wp-image-207399\" style=\"width: 600px;\" src=\"https:\/\/www.leccecronaca.it\/wordpress\/wp-content\/uploads\/2022\/11\/banane-1054x700-1.jpg\" alt=\"\" srcset=\"https:\/\/www.leccecronaca.it\/wordpress\/wp-content\/uploads\/2022\/11\/banane-1054x700-1.jpg 1054w, https:\/\/www.leccecronaca.it\/wordpress\/wp-content\/uploads\/2022\/11\/banane-1054x700-1-300x199.jpg 300w, https:\/\/www.leccecronaca.it\/wordpress\/wp-content\/uploads\/2022\/11\/banane-1054x700-1-1024x680.jpg 1024w, https:\/\/www.leccecronaca.it\/wordpress\/wp-content\/uploads\/2022\/11\/banane-1054x700-1-768x510.jpg 768w\" sizes=\"(max-width: 1054px) 100vw, 1054px\" \/><\/p>\n\n\n\n<p>Riceviamo\u00a0 volentieri pubblichiamo. Il Coordinamento delle associazioni per la difesa dei consumatori ci manda il seguente comunicato\u00a0_____\u00a0<\/p>\n\n\n\n<p>L&#8217;inflazione e aumento dei prezzi sta per raggiungere livelli sempre pi\u00f9 record, con livelli ormai insostenibili per molte famiglie italiane.<\/p>\n\n\n\n<p>Giorno dopo giorno il carrello della spesa diventa sempre pi\u00f9 caro, soprattutto per quanto riguarda i beni alimentari, in particolare quelli freschi; il pane per esempio \u00e8 arrivato al prezzo record di 5 euro al chilo, ma anche la frutta diventa sempre pi\u00f9 costosa.&nbsp;<\/p>\n\n\n\n<p>Tra i vari frutti i rincari colpiscono in particolare le banane, secondo i dati diffusi da Fruitimprese, il prezzo al dettaglio delle banane \u00e8 aumentato in media del 20-30% con possibili effetti a catena sulle aziende che in tutta Europa si occupano della coltivazione e della raccolta, per non parlare del trasporto.<\/p>\n\n\n\n<p>Codacons:&nbsp;<em>&#8220;Come sappiamo le banane sono&nbsp;tra i frutti pi\u00f9 consumati dagli italiani, con un consumano di oltre 600mila tonnellate all\u2019anno, circa 60 frutti a testa nel giro di 12 mesi.<\/em><\/p>\n\n\n\n<p><em>I costi stanno diventando insostenibili per le tasche dei consumatori. Per quello vi invitiamo a seguire i nostri consigli per una spesa intelligente e finalizzata a risparmiare il pi\u00f9 possibile in questo periodo di enorme difficolt\u00e0 per tutti.<\/em><\/p>\n\n\n\n<p><em>Segnalateci eventuali speculazioni o aumenti dei prezzi anomali e seguiteci sui nostri social<\/em>&#8220;:<\/p>\n<fb:like href='https:\/\/www.leccecronaca.it\/index.php\/2022\/11\/08\/aumenti-record-per-le-banane\/' send='true' layout='button_count' show_faces='true' width='450' height='65' action='recommend' colorscheme='light' font='lucida grande'><\/fb:like><span class=\"fb_share\"><fb:like href=\"https:\/\/www.leccecronaca.it\/index.php\/2022\/11\/08\/aumenti-record-per-le-banane\/\" layout=\"button_count\"><\/fb:like><\/span>","protected":false},"excerpt":{"rendered":"<p>Riceviamo\u00a0 volentieri pubblichiamo. Il Coordinamento delle associazioni per la difesa dei consumatori ci manda il seguente comunicato\u00a0_____\u00a0 L&#8217;inflazione e aumento dei prezzi sta per raggiungere livelli sempre pi\u00f9 record, con livelli ormai insostenibili per molte famiglie italiane. Giorno dopo giorno il carrello della spesa diventa sempre pi\u00f9 caro, soprattutto per quanto riguarda i beni alimentari, [&hellip;]<\/p>\n","protected":false},"author":4,"featured_media":207399,"comment_status":"open","ping_status":"closed","sticky":false,"template":"","format":"standard","meta":[],"categories":[1,36],"tags":[],"_links":{"self":[{"href":"https:\/\/www.leccecronaca.it\/index.php\/wp-json\/wp\/v2\/posts\/207398"}],"collection":[{"href":"https:\/\/www.leccecronaca.it\/index.php\/wp-json\/wp\/v2\/posts"}],"about":[{"href":"https:\/\/www.leccecronaca.it\/index.php\/wp-json\/wp\/v2\/types\/post"}],"author":[{"embeddable":true,"href":"https:\/\/www.leccecronaca.it\/index.php\/wp-json\/wp\/v2\/users\/4"}],"replies":[{"embeddable":true,"href":"https:\/\/www.leccecronaca.it\/index.php\/wp-json\/wp\/v2\/comments?post=207398"}],"version-history":[{"count":1,"href":"https:\/\/www.leccecronaca.it\/index.php\/wp-json\/wp\/v2\/posts\/207398\/revisions"}],"predecessor-version":[{"id":207400,"href":"https:\/\/www.leccecronaca.it\/index.php\/wp-json\/wp\/v2\/posts\/207398\/revisions\/207400"}],"wp:featuredmedia":[{"embeddable":true,"href":"https:\/\/www.leccecronaca.it\/index.php\/wp-json\/wp\/v2\/media\/207399"}],"wp:attachment":[{"href":"https:\/\/www.leccecronaca.it\/index.php\/wp-json\/wp\/v2\/media?parent=207398"}],"wp:term":[{"taxonomy":"category","embeddable":true,"href":"https:\/\/www.leccecronaca.it\/index.php\/wp-json\/wp\/v2\/categories?post=207398"},{"taxonomy":"post_tag","embeddable":true,"href":"https:\/\/www.leccecronaca.it\/index.php\/wp-json\/wp\/v2\/tags?post=207398"}],"curies":[{"name":"wp","href":"https:\/\/api.w.org\/{rel}","templated":true}]}}