{"id":207445,"date":"2022-11-10T10:36:23","date_gmt":"2022-11-10T09:36:23","guid":{"rendered":"http:\/\/www.leccecronaca.it\/?p=207445"},"modified":"2022-11-10T10:47:16","modified_gmt":"2022-11-10T09:47:16","slug":"la-caduta-della-dea-lecce-sullolimpo","status":"publish","type":"post","link":"https:\/\/www.leccecronaca.it\/index.php\/2022\/11\/10\/la-caduta-della-dea-lecce-sullolimpo\/","title":{"rendered":"LA CADUTA DELLA DEA, IL LECCE SALE SULL&#8217;OLIMPO"},"content":{"rendered":"\n<p><img decoding=\"async\" loading=\"lazy\" width=\"1200\" height=\"675\" class=\"wp-image-207446\" style=\"width: 1800px;\" src=\"https:\/\/www.leccecronaca.it\/wordpress\/wp-content\/uploads\/2022\/11\/baschi.jpg\" alt=\"\" srcset=\"https:\/\/www.leccecronaca.it\/wordpress\/wp-content\/uploads\/2022\/11\/baschi.jpg 1200w, https:\/\/www.leccecronaca.it\/wordpress\/wp-content\/uploads\/2022\/11\/baschi-300x169.jpg 300w, https:\/\/www.leccecronaca.it\/wordpress\/wp-content\/uploads\/2022\/11\/baschi-1024x576.jpg 1024w, https:\/\/www.leccecronaca.it\/wordpress\/wp-content\/uploads\/2022\/11\/baschi-768x432.jpg 768w\" sizes=\"(max-width: 1200px) 100vw, 1200px\" \/><\/p>\n\n\n\n<p>(g.p.) ______ Festa grande ieri sera per i tifosi del Lecce. Dentro lo stadio in primis, ovvio, poi in tutta quanta la citt\u00e0, che vive il calcio ancora in maniera passionale, viscerale, come momento di partecipazione, di protagonismo, di riscatto. Nei locali, nelle famiglie a casa. E per tutta la notte sui social. <\/p>\n\n\n\n<p>E&#8217; anche questo il bello della serie A. Quando stava in serie C, la vittoria era un obbligo, in serie B un fatto normale, invece in serie A, dove ci sono le grandi, \u00e8 difficile, per\u00f2 quando si vince \u00e8 sempre un evento memorabile, sempre una festa.<\/p>\n\n\n\n<p>Addirittura diventa un evento anche ogni gol che fai. Vedi <strong>Federico Bascirotto <\/strong>(nella foto). <\/p>\n\n\n\n<p>Arcigno difensore, solido e possente, una roccia, un muro davanti alla difesa, 26 anni, veneto della provincia di Verona, che viene dalla gavetta delle serie inferiori, dove non ci sono Var e moviole, i campi sono di fango, di calci e botte nelle gambe e in testa, in tre mesi diventato l&#8217;idolo dei tifosi di casa. <\/p>\n\n\n\n<p>Ieri sera ha fatto tutto il terreno di gioco coast to coast per andare a festeggiare sotto la Curva Nord il suo primo gol in serie A, da difensore sortito in  avanti per sfruttare la sua altezza sulle palle aeree vaganti. Infatti.<\/p>\n\n\n\n<p>Ha detto poi negli spogliatoi:<em>&#8221; E&#8217; stata un&#8217;emozione indescrivibile, non mi sembra vero segnare in A. Dedico il gol alla mia  famiglia e a chi ha creduto in me. Ho dimostrato di poterci stare, spero di continuare a vivere questo sogno&#8221;.<\/em><\/p>\n\n\n\n<p><\/p>\n\n\n\n<p><strong>Marco Baroni <\/strong>ha una grande gioia dentro. Si \u00e8 rivista, forse si \u00e8 vista per la prima volta con continuit\u00e0, una squadra aggressiva, determinata, lucida, con buone idee e tanta voglia di ralizzarle. Lui &#8211;<em> &#8220;sono contento principalmente per la nostra gente, per i ragazzi, hanno fatto una partita ottima sotto tutti gli aspetti. \u00c8 un gruppo che ha sbagliato poche prestazioni. Non dobbiamo mollare, ma queste prestazioni ci devono dare consapevolezza&#8221;<\/em> &#8211; ha detto poi, con legittima soddisfazione.<\/p>\n\n\n\n<p><\/p>\n\n\n\n<p>Un &#8216;vecchio&#8217; lupo di mare della serie A come <strong>Gian Paolo Gasperini<\/strong> rende onore al merito e spiega la sconfitta cos\u00ec: <em>&#8220;Non sono stati i cambi a condizionare il risultato, ma i due gol presi&nbsp;quando avevamo approcciato bene la partita. Il Lecce \u00e8 squadra aggressiva e dinamica, ha fatto una grande prestazione.  Abbiamo&nbsp;buttato via il primo tempo&nbsp;con quei due gol presi in pochissimi minuti, l&#8217;abbiamo riaperta ma dietro abbiamo ballato un po&#8217; troppo. Poi nel secondo tempo&nbsp;ognuno cercava di risolverla per conto suo, tutti portavano palla e abbiamo rinunciato a fare passaggi. Siamo riusciti a fare poco e abbiamo perso il filo&#8221;.<\/em>  ______<\/p>\n\n\n\n<p>LA RICERCA nel nostro ultimo articolo di ieri<\/p>\n\n\n\n<p><blockquote class=\"wp-embedded-content\" data-secret=\"C74X8noOI4\"><a href=\"https:\/\/www.leccecronaca.it\/index.php\/2022\/11\/09\/207432\/\">IL LECCE FA FUORI LA DEA, E&#8217; FESTA AL VIA DEL MARE<\/a><\/blockquote><iframe class=\"wp-embedded-content\" sandbox=\"allow-scripts\" security=\"restricted\" style=\"position: absolute; clip: rect(1px, 1px, 1px, 1px);\" title=\"&#8220;IL LECCE FA FUORI LA DEA, E&#8217; FESTA AL VIA DEL MARE&#8221; &#8212; LecceCronaca.it\" src=\"https:\/\/www.leccecronaca.it\/index.php\/2022\/11\/09\/207432\/embed\/#?secret=4zCspywDMk#?secret=C74X8noOI4\" data-secret=\"C74X8noOI4\" width=\"500\" height=\"282\" frameborder=\"0\" marginwidth=\"0\" marginheight=\"0\" scrolling=\"no\"><\/iframe><\/p>\n\n\n\n<p> <\/p>\n<fb:like href='https:\/\/www.leccecronaca.it\/index.php\/2022\/11\/10\/la-caduta-della-dea-lecce-sullolimpo\/' send='true' layout='button_count' show_faces='true' width='450' height='65' action='recommend' colorscheme='light' font='lucida grande'><\/fb:like><span class=\"fb_share\"><fb:like href=\"https:\/\/www.leccecronaca.it\/index.php\/2022\/11\/10\/la-caduta-della-dea-lecce-sullolimpo\/\" layout=\"button_count\"><\/fb:like><\/span>","protected":false},"excerpt":{"rendered":"<p>(g.p.) ______ Festa grande ieri sera per i tifosi del Lecce. Dentro lo stadio in primis, ovvio, poi in tutta quanta la citt\u00e0, che vive il calcio ancora in maniera passionale, viscerale, come momento di partecipazione, di protagonismo, di riscatto. Nei locali, nelle famiglie a casa. E per tutta la notte sui social. E&#8217; anche [&hellip;]<\/p>\n","protected":false},"author":4,"featured_media":207446,"comment_status":"open","ping_status":"closed","sticky":false,"template":"","format":"standard","meta":[],"categories":[28],"tags":[],"_links":{"self":[{"href":"https:\/\/www.leccecronaca.it\/index.php\/wp-json\/wp\/v2\/posts\/207445"}],"collection":[{"href":"https:\/\/www.leccecronaca.it\/index.php\/wp-json\/wp\/v2\/posts"}],"about":[{"href":"https:\/\/www.leccecronaca.it\/index.php\/wp-json\/wp\/v2\/types\/post"}],"author":[{"embeddable":true,"href":"https:\/\/www.leccecronaca.it\/index.php\/wp-json\/wp\/v2\/users\/4"}],"replies":[{"embeddable":true,"href":"https:\/\/www.leccecronaca.it\/index.php\/wp-json\/wp\/v2\/comments?post=207445"}],"version-history":[{"count":4,"href":"https:\/\/www.leccecronaca.it\/index.php\/wp-json\/wp\/v2\/posts\/207445\/revisions"}],"predecessor-version":[{"id":207452,"href":"https:\/\/www.leccecronaca.it\/index.php\/wp-json\/wp\/v2\/posts\/207445\/revisions\/207452"}],"wp:featuredmedia":[{"embeddable":true,"href":"https:\/\/www.leccecronaca.it\/index.php\/wp-json\/wp\/v2\/media\/207446"}],"wp:attachment":[{"href":"https:\/\/www.leccecronaca.it\/index.php\/wp-json\/wp\/v2\/media?parent=207445"}],"wp:term":[{"taxonomy":"category","embeddable":true,"href":"https:\/\/www.leccecronaca.it\/index.php\/wp-json\/wp\/v2\/categories?post=207445"},{"taxonomy":"post_tag","embeddable":true,"href":"https:\/\/www.leccecronaca.it\/index.php\/wp-json\/wp\/v2\/tags?post=207445"}],"curies":[{"name":"wp","href":"https:\/\/api.w.org\/{rel}","templated":true}]}}