{"id":207479,"date":"2022-11-10T10:37:00","date_gmt":"2022-11-10T09:37:00","guid":{"rendered":"http:\/\/www.leccecronaca.it\/?p=207479"},"modified":"2022-11-10T14:58:10","modified_gmt":"2022-11-10T13:58:10","slug":"trivelle-lopalco-scelta-miope-e-assurda","status":"publish","type":"post","link":"https:\/\/www.leccecronaca.it\/index.php\/2022\/11\/10\/trivelle-lopalco-scelta-miope-e-assurda\/","title":{"rendered":"TRIVELLE \/ LOPALCO: \u201dscelta miope e assurda\u201d"},"content":{"rendered":"\n<p>&nbsp;<img decoding=\"async\" loading=\"lazy\" width=\"730\" height=\"410\" class=\"wp-image-207482\" style=\"width: 800px;\" src=\"https:\/\/www.leccecronaca.it\/wordpress\/wp-content\/uploads\/2022\/11\/lopalco_04.jpg\" alt=\"\" srcset=\"https:\/\/www.leccecronaca.it\/wordpress\/wp-content\/uploads\/2022\/11\/lopalco_04.jpg 730w, https:\/\/www.leccecronaca.it\/wordpress\/wp-content\/uploads\/2022\/11\/lopalco_04-300x168.jpg 300w\" sizes=\"(max-width: 730px) 100vw, 730px\" \/>(g.p.) ______&nbsp;&nbsp;<\/p>\n\n\n\n<p><em><strong>\u201d<\/strong>Quella del governo \u00e8 scelta che appare miope e assurda\u201d.<\/em> Il consigliere regionale di Articolo Uno <strong>Pier Luigi Lopalco<\/strong> (nella foto) ha diffuso questa mattina la sua valutazione sulla questione trivelle nei nostri mari.<\/p>\n\n\n\n<p><em>\u201cLa crisi energetica e la guerra in Ucraina possono e devono rappresentare un\u2019opportunit\u00e0 per creare un nuovo modello di sviluppo pi\u00f9 sostenibile e non, come vorrebbe il Governo, per portare avanti una politica che punta a investire in soluzioni retrograde che guardano al passato e mettono a rischio la tutela nostro ambiente e del nostro territorio. <\/em><\/p>\n\n\n\n<p><em>Sul tema delle trivelle la nostra regione non si \u00e8 mai piegata e mai si piegher\u00e0 all\u2019idea che gli interessi delle multinazionali del petrolio possano mettere a rischio e deturpare, per un pugno di barili, anche di scarsa qualit\u00e0, la nostra pi\u00f9 autentica e inestimabile ricchezza: il mare. \u00c8 una scelta di buon senso! E lo \u00e8 ancor pi\u00f9 oggi che, di fronte alla grave crisi climatica in atto e ai potenziali danni ambientali sul piano della sicurezza nelle aree sismiche, tale scelta appare miope e assurda.<\/em><\/p>\n\n\n\n<p><em>Per questo auspico che la Puglia, che \u00e8 sempre stata in prima linea nella battaglia contro le ispezioni in mare di idrocarburi e da tempo ha deciso di scommettere sulle fonti rinnovabili a dispetto di quelle fossili per rispondere alle richieste di cittadini, sindaci e associazione, faccia sentire oggi pi\u00f9 che mai la propria voce, rilanci le battaglie ambientalistiche sia a livello di mobilitazione di massa che a livello istituzionale per ribadire la ferma contrariet\u00e0 e difendere i diritti inalienabili delle nostre popolazioni. Non perdiamo questa importante opportunit\u00e0!\u201d<\/em><\/p>\n\n\n\n<p>______&nbsp;<\/p>\n\n\n\n<p>LA RICERCA nel nostro ultimo articolo sulla questione dell&#8217; 8 novembre scorso<\/p>\n\n\n\n<p><blockquote class=\"wp-embedded-content\" data-secret=\"ZaGjarv1nr\"><a href=\"https:\/\/www.leccecronaca.it\/index.php\/2022\/11\/08\/trivelle-pagliaro-pronti-ad-una-nuova-battaglia\/\">TRIVELLE \/ PAGLIARO: \u201dpronti ad una nuova battaglia\u201d<\/a><\/blockquote><iframe class=\"wp-embedded-content\" sandbox=\"allow-scripts\" security=\"restricted\" style=\"position: absolute; clip: rect(1px, 1px, 1px, 1px);\" title=\"&#8220;TRIVELLE \/ PAGLIARO: \u201dpronti ad una nuova battaglia\u201d&#8221; &#8212; LecceCronaca.it\" src=\"https:\/\/www.leccecronaca.it\/index.php\/2022\/11\/08\/trivelle-pagliaro-pronti-ad-una-nuova-battaglia\/embed\/#?secret=gEq5u9DSGZ#?secret=ZaGjarv1nr\" data-secret=\"ZaGjarv1nr\" width=\"500\" height=\"282\" frameborder=\"0\" marginwidth=\"0\" marginheight=\"0\" scrolling=\"no\"><\/iframe><\/p>\n<fb:like href='https:\/\/www.leccecronaca.it\/index.php\/2022\/11\/10\/trivelle-lopalco-scelta-miope-e-assurda\/' send='true' layout='button_count' show_faces='true' width='450' height='65' action='recommend' colorscheme='light' font='lucida grande'><\/fb:like><span class=\"fb_share\"><fb:like href=\"https:\/\/www.leccecronaca.it\/index.php\/2022\/11\/10\/trivelle-lopalco-scelta-miope-e-assurda\/\" layout=\"button_count\"><\/fb:like><\/span>","protected":false},"excerpt":{"rendered":"<p>&nbsp;(g.p.) ______&nbsp;&nbsp; \u201dQuella del governo \u00e8 scelta che appare miope e assurda\u201d. Il consigliere regionale di Articolo Uno Pier Luigi Lopalco (nella foto) ha diffuso questa mattina la sua valutazione sulla questione trivelle nei nostri mari. \u201cLa crisi energetica e la guerra in Ucraina possono e devono rappresentare un\u2019opportunit\u00e0 per creare un nuovo modello di [&hellip;]<\/p>\n","protected":false},"author":4,"featured_media":207482,"comment_status":"open","ping_status":"closed","sticky":false,"template":"","format":"standard","meta":[],"categories":[76],"tags":[],"_links":{"self":[{"href":"https:\/\/www.leccecronaca.it\/index.php\/wp-json\/wp\/v2\/posts\/207479"}],"collection":[{"href":"https:\/\/www.leccecronaca.it\/index.php\/wp-json\/wp\/v2\/posts"}],"about":[{"href":"https:\/\/www.leccecronaca.it\/index.php\/wp-json\/wp\/v2\/types\/post"}],"author":[{"embeddable":true,"href":"https:\/\/www.leccecronaca.it\/index.php\/wp-json\/wp\/v2\/users\/4"}],"replies":[{"embeddable":true,"href":"https:\/\/www.leccecronaca.it\/index.php\/wp-json\/wp\/v2\/comments?post=207479"}],"version-history":[{"count":3,"href":"https:\/\/www.leccecronaca.it\/index.php\/wp-json\/wp\/v2\/posts\/207479\/revisions"}],"predecessor-version":[{"id":207486,"href":"https:\/\/www.leccecronaca.it\/index.php\/wp-json\/wp\/v2\/posts\/207479\/revisions\/207486"}],"wp:featuredmedia":[{"embeddable":true,"href":"https:\/\/www.leccecronaca.it\/index.php\/wp-json\/wp\/v2\/media\/207482"}],"wp:attachment":[{"href":"https:\/\/www.leccecronaca.it\/index.php\/wp-json\/wp\/v2\/media?parent=207479"}],"wp:term":[{"taxonomy":"category","embeddable":true,"href":"https:\/\/www.leccecronaca.it\/index.php\/wp-json\/wp\/v2\/categories?post=207479"},{"taxonomy":"post_tag","embeddable":true,"href":"https:\/\/www.leccecronaca.it\/index.php\/wp-json\/wp\/v2\/tags?post=207479"}],"curies":[{"name":"wp","href":"https:\/\/api.w.org\/{rel}","templated":true}]}}