{"id":207773,"date":"2022-11-17T13:30:00","date_gmt":"2022-11-17T12:30:00","guid":{"rendered":"http:\/\/www.leccecronaca.it\/?p=207773"},"modified":"2022-11-17T21:10:20","modified_gmt":"2022-11-17T20:10:20","slug":"207773","status":"publish","type":"post","link":"https:\/\/www.leccecronaca.it\/index.php\/2022\/11\/17\/207773\/","title":{"rendered":"\u201cDa piccola imparai da sola a suonare la fisarmonica&#8230;\u201d. ROSALBA FANTASTICO DI KASTRON SI RACCONTA A leccecronaca.it  E PARLA DEL SUO LIBRO DI POESIE  \u2018Salentu mia\u2019 CHE SARA&#8217; PRESENTATO A COPERTINO SABATO 19"},"content":{"rendered":"\n<p><img decoding=\"async\" loading=\"lazy\" width=\"960\" height=\"665\" class=\"wp-image-207781\" style=\"width: 1200px;\" src=\"https:\/\/www.leccecronaca.it\/wordpress\/wp-content\/uploads\/2022\/11\/rosal.jpg\" alt=\"\" srcset=\"https:\/\/www.leccecronaca.it\/wordpress\/wp-content\/uploads\/2022\/11\/rosal.jpg 960w, https:\/\/www.leccecronaca.it\/wordpress\/wp-content\/uploads\/2022\/11\/rosal-300x208.jpg 300w, https:\/\/www.leccecronaca.it\/wordpress\/wp-content\/uploads\/2022\/11\/rosal-768x532.jpg 768w\" sizes=\"(max-width: 960px) 100vw, 960px\" \/><\/p>\n\n\n\n<p>di <strong>Carmen Leo<\/strong> ______ <\/p>\n\n\n\n<p> <strong><em>\u201cLa raccolta di poesie, che ho intitolato \u2018Salentu mia\u2019, rappresenta, forse, un voler ritornare nel grembo materno, a quella carnalit\u00e0 quotidiana e antica che si \u00e8 appropriata, sostanziandolo, di un lessico contadino che inizialmente sentivo socialmente non mio.<\/em><\/strong><\/p>\n\n\n\n<p><strong><em>Lessico che oggi, invece, prepotentemente riaffiora, non solo come rigurgito nostalgico, ma anche come nuovo interesse poetico e culturale<strong><em>\u201d.<\/em><\/strong> <\/em><\/strong><\/p>\n\n\n\n<h4 class=\"wp-block-heading\"><mark style=\"background-color:rgba(0, 0, 0, 0);color:#b02424\" class=\"has-inline-color\">Cos\u00ec Rosalba Fantastico di Kastron\u00a0(nella foto), originaria di Salice Salentino, ma barese d\u2019adozione in quanto moglie dell&#8217;attore e regista teatrale Franco Leccese, racconta in un\u2019intervista concessa in esclusiva a leccecronaca.it, la genesi della raccolta di versi in vernacolo salentino intitolata Salentu mia.<\/mark><\/h4>\n\n\n\n<p>Pittrice, poetessa, commediografa, regista, instancabile animatrice culturale, \u00e8 stata docente di Arti Visive a Torino, prima ancora di approdare a Bari per insegnare Storia dell\u2019Arte nei Licei, <strong><em>Rosalba Fantastico di Kastron<\/em><\/strong> ha attirato la nostra attenzione perch\u00e9 sar\u00e0 protagonista di un importante evento che si terr\u00e0 sabato 19 novembre, alle ore 18.00, con ingresso libero, presso la <strong><em>Cantina Cupertinum<\/em><\/strong> in Copertino.<\/p>\n\n\n\n<p>L\u2019iniziativa , che&nbsp; \u00e8 stata intitolata <strong><em>\u201cSalentu mia \u2013 il valore del dialetto nel percorso poetico di <\/em><\/strong><strong><em>Rosalba <\/em><\/strong><strong><em>Fantastico di Kastron\u201d<\/em><\/strong> \u00e8 organizzato&nbsp; e promosso dal <strong><em>CIF \u2013 Centro Italiano Femminile <\/em><\/strong>di Copertino<strong><em>,<\/em><\/strong> un gruppo di donne molto presente e attivo nel contesto sociale del territorio copertinese, <strong><em>&nbsp;<\/em><\/strong>con alla presidenza l\u2019avvocato <strong><em>Simonetta Russo<\/em><\/strong>, e che fa capo all\u2019associazione nazionale fondata nel lontano ottobre del 1944, come collegamento di donne e di associazioni di ispirazione cristiana, per contribuire alla ricostruzione post bellica del Paese attraverso la partecipazione democratica, l\u2019impegno di promozione umana e di solidariet\u00e0.<\/p>\n\n\n\n<p>&nbsp;I gruppi <em><strong>CIF<\/strong><\/em>, ai vari livelli, nazionale, regionale, provinciale e comunale, performano un\u2019azione che&nbsp;si radica profondamente nel tessuto sociale ed \u00e8 aperta alla collaborazione anche con donne di culture diverse, allo scopo di costruire una rete di relazioni, di progetti e di iniziative che&nbsp;esprimono un impegno culturale, politico e civile orientato alla costruzione di rapporti di promozione umana, di giustizia e di pace.<\/p>\n\n\n\n<p>&nbsp;L\u2019evento in programmazione si pone il fine di promuovere la riscoperta del vernacolo come importante idioma autoctono da valorizzare e far conoscere a fondo alle nuove generazioni, in quanto simbolo di identit\u00e0 linguistica, culturale e folkloristica di un popolo e di una comunit\u00e0.<\/p>\n\n\n\n<p>&nbsp;A tal fine, il dialetto si dovrebbe inserire, a nostro parere, anche all\u2019interno dei percorsi educativi e didattici realizzati all\u2019interno delle istituzioni scolastiche di ogni ordine e grado, per instillare nelle giovani coscienze un maggiore attaccamento alle proprie radici, alle tradizioni popolari, anche gastronomiche, che vanno via via scomparendo a causa di un diffuso e ingiustificato disinteresse nel ricordarle e &nbsp;tramandarle.<\/p>\n\n\n\n<p><\/p>\n\n\n\n<p>Tutte le poesie inserite nella raccolta <strong><em>Salentu mia <\/em><\/strong>posseggono un pathos, una forza evocativa, una sensibilit\u00e0 potenti e trascinanti, a seconda dei temi che vengono in esse trattati, e che ci appaiono prevalentemente autobiografici.<\/p>\n\n\n\n<p>Troviamo ricorrente un\u2019espressione prepotente della nostalgia per la propria terra natia, il dolore per una perdita, un tradimento, la delusione per la mancata attestazione di fiducia e di riconoscenza, siano esse di un amore oppure di un\u2019amicizia,  i sacrifici e le sofferenze per assicurarsi un lavoro dignitoso e onesto, anche tramite il distacco fisico dalle proprie origini, &nbsp;un continuo riferimento agli elementi naturali, i quali assumono quasi la personificazione di pregi e difetti, di virt\u00f9 e vizi essenzialmente propri degli esseri umani. &nbsp;<\/p>\n\n\n\n<p>&nbsp;Veri capolavori di lirica e musicalit\u00e0 questi versi, espressi in vernacolo, ma con a fronte la traduzione in italiano, per renderli accessibili anche a chi salentino non \u00e8.<\/p>\n\n\n\n<p><strong><em>\u201cSono convinta che il poetare in dialetto pu\u00f2 essere, per un poeta, persino un punto di arrivo pi\u00f9 che di partenza<\/em><\/strong> <mark style=\"background-color:rgba(0, 0, 0, 0);color:#c82c2c\" class=\"has-inline-color\"><strong>&#8211; ha continuato Rosalba Fantastico di Kastron nell&#8217;intervista a leccecronaca.it &#8211;<\/strong><\/mark><\/p>\n\n\n\n<p><strong><em>Sono una creativa. Versatile. Non \u00e8 detto che queste siano delle qualit\u00e0. Anzi, potrebbero rappresentare un limite, perch\u00e9 il nostro tempo richiede specializzazioni in ogni campo.<\/em><\/strong><\/p>\n\n\n\n<p><strong><em> Il rischio, invece, di avere tante passioni ed interessi \u00e8 di disperdere le proprie energie creative in mille rivoli. Ma io sono cos\u00ec, e non so essere diversa da cos\u00ec. \u00c8 la creativit\u00e0 stessa che me lo richiede. Il mio mondo immaginifico pullula di stimoli sempre nuovi.<br>Comunque, tutte le mie attitudini naturali per l&#8217;Arte sono nate insieme. Direi insieme a me: la Musica, la Poesia, la Pittura.<\/em><\/strong><\/p>\n\n\n\n<p><strong><em> Sin da piccola imparai da sola a suonare la fisarmonica. Era di mio fratello. Ero affascinata da quel suono. Ero cos\u00ec piccola che non riuscivo a tenerla. Cos\u00ec, la sistemavo su una sedia a mo&#8217; di pianoforte e con la mano sinistra ne aprivo il mantice, mentre l&#8217;altra si muoveva sui tasti.<br>E cos\u00ec \u00e8 stato per la pittura e le altre arti.<br>Appena iniziai a tenere la matita in mano non facevo altro che disegnare.<br>Considero inoltre la poesia la colonna sonora della mia vita. Credo di possedere il pensiero poetico. Perch\u00e9 la poesia non si fa. \u00c8 un modo di vivere. Di sentire\u201d.<\/em><\/strong><\/p>\n\n\n\n<p>Ancora, in quanto insegnante, abbiamo chiesto alla professoressa quale sia la sua visione globale della scuola del XXI secolo.<\/p>\n\n\n\n<p>&nbsp;Questa la sua risposta: <strong><em>\u201cHo lasciato la scuola qualche anno fa e gi\u00e0 allora la sentivo sofferente. Credo che non sia affatto migliorata, anzi. <\/em><\/strong><strong><em><\/em><\/strong><\/p>\n\n\n\n<p><strong><em>Durante i miei anni di servizio mi sono sempre battuta, conscia di rischiare anche l&#8217;impopolarit\u00e0, contro la scuola dei \u2018progetti\u2019 e delle \u2018carte\u2019 che sottraevano tempo prezioso al nutrimento umano. <\/em><\/strong><\/p>\n\n\n\n<p><strong><em>Se la scuola \u00e8 preoccupata principalmente di rincorrere le iscrizioni con la vastit\u00e0 della cosiddetta &#8216;Offerta Formativa&#8217;, finisce per perdersi nell&#8217;effimero. <\/em><\/strong><\/p>\n\n\n\n<p><strong><em>Cos\u00ec come i docenti, impegnati oltremisura a compilare documenti burocratici, non hanno pi\u00f9 il tempo di guardare negli occhi un alunno per capire quali possano essere i suoi reali disagi o i suoi effettivi bisogni.<br>La scuola deve riappropriarsi della sua funzione principale, quella di costruire, nelle nuove generazioni, preparazione professionale approfondita e consapevolezza umana. <\/em><\/strong><\/p>\n\n\n\n<p><strong><em>I miei alunni, che oggi sono realizzati in vari campi, sono stati per me come \u2018figli\u2019.<\/em><\/strong><strong><em><\/em><\/strong><\/p>\n\n\n\n<p><strong><em>&nbsp;Sono convinta anche di aver imparato da loro pi\u00f9 di quel che ho loro insegnato, e so che, proprio attraverso questo reciproco scambio di sensibilit\u00e0, si \u00e8 costruito un insieme di valori comuni. Ancora li cerco e mi cercano. Sono stati loro a dare senso e valore al mio impegno. <\/em><\/strong><strong><em><\/em><\/strong><\/p>\n\n\n\n<p><strong><em>Questo \u00e8 per me la scuola. Quel che lasciamo di noi, col tempo, non sono le nozioni ma la densit\u00e0 umana con cui abbiamo trasmesso la conoscenza\u201d.<\/em><\/strong><strong><em><\/em><\/strong><\/p>\n\n\n\n<p>Non possiamo, da docenti, che condividere appieno le sue riflessioni, considerando che la scuola \u00e8 la pi\u00f9 importante agenzia educativa e didattica e, dunque, deve necessariamente espletare questi suoi doveri ad ampio spettro e con tutte le responsabilit\u00e0 che le vengono attribuite, allo scopo di realizzare il pieno successo formativo di tutti gli studenti, offrendo loro pari opportunit\u00e0, principalmente superando gli svantaggi socio-economici e arginando il pi\u00f9 possibile l\u2019ancora troppo dilagante fenomeno della dispersione scolastica.<\/p>\n\n\n\n<p>______ <\/p>\n\n\n\n<p>Dialogheranno con l&#8217;autrice il Sindaco di Copertino, Sandrina Schito e il giornalista copertinese Tonio Tondo. Interverranno, per i saluti istituzionali, l&#8217;assessore regionale all&#8217;Istruzione, Formazione e Lavoro, Sebastiano Leo, il vice presidente della Provincia di Lecce, Antonio Leo, il presidente del Club Lions Santacroce, Maurizio Pisan\u00f2, il presidente della Cantina Cupertinum, Francesco Trono, la presidentessa del CIF Copertino, Simonetta Russo. <\/p>\n\n\n\n<p>Declameranno i versi Vincenzo Mariano e Carmen Leo. <\/p>\n\n\n\n<p>A moderare il dibattito sar\u00e0 Rosanna Calcagnile, CEO &amp; Founder di Calcagnile Academy.<\/p>\n\n\n\n<p><img decoding=\"async\" loading=\"lazy\" width=\"1169\" height=\"1654\" class=\"wp-image-207780\" style=\"width: 1200px;\" src=\"https:\/\/www.leccecronaca.it\/wordpress\/wp-content\/uploads\/2022\/11\/315943406_700480641202602_4213333776565741897_n.jpg\" alt=\"\" srcset=\"https:\/\/www.leccecronaca.it\/wordpress\/wp-content\/uploads\/2022\/11\/315943406_700480641202602_4213333776565741897_n.jpg 1169w, https:\/\/www.leccecronaca.it\/wordpress\/wp-content\/uploads\/2022\/11\/315943406_700480641202602_4213333776565741897_n-212x300.jpg 212w, https:\/\/www.leccecronaca.it\/wordpress\/wp-content\/uploads\/2022\/11\/315943406_700480641202602_4213333776565741897_n-724x1024.jpg 724w, https:\/\/www.leccecronaca.it\/wordpress\/wp-content\/uploads\/2022\/11\/315943406_700480641202602_4213333776565741897_n-768x1087.jpg 768w, https:\/\/www.leccecronaca.it\/wordpress\/wp-content\/uploads\/2022\/11\/315943406_700480641202602_4213333776565741897_n-1086x1536.jpg 1086w\" sizes=\"(max-width: 1169px) 100vw, 1169px\" \/><\/p>\n<fb:like href='https:\/\/www.leccecronaca.it\/index.php\/2022\/11\/17\/207773\/' send='true' layout='button_count' show_faces='true' width='450' height='65' action='recommend' colorscheme='light' font='lucida grande'><\/fb:like><span class=\"fb_share\"><fb:like href=\"https:\/\/www.leccecronaca.it\/index.php\/2022\/11\/17\/207773\/\" layout=\"button_count\"><\/fb:like><\/span>","protected":false},"excerpt":{"rendered":"<p>di Carmen Leo ______ \u201cLa raccolta di poesie, che ho intitolato \u2018Salentu mia\u2019, rappresenta, forse, un voler ritornare nel grembo materno, a quella carnalit\u00e0 quotidiana e antica che si \u00e8 appropriata, sostanziandolo, di un lessico contadino che inizialmente sentivo socialmente non mio. Lessico che oggi, invece, prepotentemente riaffiora, non solo come rigurgito nostalgico, ma anche [&hellip;]<\/p>\n","protected":false},"author":4,"featured_media":207781,"comment_status":"open","ping_status":"closed","sticky":false,"template":"","format":"standard","meta":[],"categories":[31,75,57],"tags":[],"_links":{"self":[{"href":"https:\/\/www.leccecronaca.it\/index.php\/wp-json\/wp\/v2\/posts\/207773"}],"collection":[{"href":"https:\/\/www.leccecronaca.it\/index.php\/wp-json\/wp\/v2\/posts"}],"about":[{"href":"https:\/\/www.leccecronaca.it\/index.php\/wp-json\/wp\/v2\/types\/post"}],"author":[{"embeddable":true,"href":"https:\/\/www.leccecronaca.it\/index.php\/wp-json\/wp\/v2\/users\/4"}],"replies":[{"embeddable":true,"href":"https:\/\/www.leccecronaca.it\/index.php\/wp-json\/wp\/v2\/comments?post=207773"}],"version-history":[{"count":11,"href":"https:\/\/www.leccecronaca.it\/index.php\/wp-json\/wp\/v2\/posts\/207773\/revisions"}],"predecessor-version":[{"id":207811,"href":"https:\/\/www.leccecronaca.it\/index.php\/wp-json\/wp\/v2\/posts\/207773\/revisions\/207811"}],"wp:featuredmedia":[{"embeddable":true,"href":"https:\/\/www.leccecronaca.it\/index.php\/wp-json\/wp\/v2\/media\/207781"}],"wp:attachment":[{"href":"https:\/\/www.leccecronaca.it\/index.php\/wp-json\/wp\/v2\/media?parent=207773"}],"wp:term":[{"taxonomy":"category","embeddable":true,"href":"https:\/\/www.leccecronaca.it\/index.php\/wp-json\/wp\/v2\/categories?post=207773"},{"taxonomy":"post_tag","embeddable":true,"href":"https:\/\/www.leccecronaca.it\/index.php\/wp-json\/wp\/v2\/tags?post=207773"}],"curies":[{"name":"wp","href":"https:\/\/api.w.org\/{rel}","templated":true}]}}