{"id":208037,"date":"2022-11-24T12:42:40","date_gmt":"2022-11-24T11:42:40","guid":{"rendered":"http:\/\/www.leccecronaca.it\/?p=208037"},"modified":"2022-11-24T12:42:42","modified_gmt":"2022-11-24T11:42:42","slug":"pierpaolo-patti-e-arturo-baglivo-incalzano-carlo-salvemini-sulla-tutela-degli-alberi-a-lecce-citta","status":"publish","type":"post","link":"https:\/\/www.leccecronaca.it\/index.php\/2022\/11\/24\/pierpaolo-patti-e-arturo-baglivo-incalzano-carlo-salvemini-sulla-tutela-degli-alberi-a-lecce-citta\/","title":{"rendered":"PIERPAOLO PATTI E ARTURO BAGLIVO INCALZANO CARLO SALVEMINI SULLA TUTELA DEGLI ALBERI A LECCE CITTA&#8217;"},"content":{"rendered":"\n<p><img decoding=\"async\" loading=\"lazy\" width=\"1600\" height=\"1126\" class=\"wp-image-207674\" style=\"width: 800px;\" src=\"https:\/\/www.leccecronaca.it\/wordpress\/wp-content\/uploads\/2022\/11\/314918439_423273829992116_5406771477087830472_n.jpg\" alt=\"\" srcset=\"https:\/\/www.leccecronaca.it\/wordpress\/wp-content\/uploads\/2022\/11\/314918439_423273829992116_5406771477087830472_n.jpg 1600w, https:\/\/www.leccecronaca.it\/wordpress\/wp-content\/uploads\/2022\/11\/314918439_423273829992116_5406771477087830472_n-300x211.jpg 300w, https:\/\/www.leccecronaca.it\/wordpress\/wp-content\/uploads\/2022\/11\/314918439_423273829992116_5406771477087830472_n-1024x721.jpg 1024w, https:\/\/www.leccecronaca.it\/wordpress\/wp-content\/uploads\/2022\/11\/314918439_423273829992116_5406771477087830472_n-768x540.jpg 768w, https:\/\/www.leccecronaca.it\/wordpress\/wp-content\/uploads\/2022\/11\/314918439_423273829992116_5406771477087830472_n-1536x1081.jpg 1536w\" sizes=\"(max-width: 1600px) 100vw, 1600px\" \/><\/p>\n\n\n\n<p>Riceviamo e volentieri pubblichiamo. I consiglieri comunali Pierpaolo Patti, del gruppo Progetto Citt\u00e0, che sta in maggioranza, e Arturo Baglivo, del Movimento 5 Stelle, che sta all&#8217;opposizione, firmano congiuntamente una dichiarazione e una mozione che qui di seguito riportiamo integralmente (foto dal nostro archivio)  ______<\/p>\n\n\n\n<p>In data odierna abbiamo depositato una mozione da calendarizzare &#8211; ci auguriamo nel pi\u00f9 breve tempo possibile &#8211; in Consiglio Comunale, avente ad oggetto la tutela e la conservazione del patrimonio arboreo esistente in citt\u00e0.<\/p>\n\n\n\n<p>In particolare, in questi mesi, troppe alberature sono state eradicate o tagliate per mere scelte tecniche compiute da imprese esecutrici dei lavori, senza che i settori dell\u2019amministrazione venissero di fatto coinvolti e, soprattutto, senza che le comunit\u00e0 potessero in alcun modo partecipare alle scelte di rimozione. Ci\u00f2 avveniva nel migliore dei casi per motivi legati alla sicurezza, che va sempre tenuta in primo piano, ma spesso per semplice mancanza di previsione delle migliori tecniche per la conservazione di alberature ultradecennali.<\/p>\n\n\n\n<p>In tal senso chiederemo alla massima assise della citt\u00e0 di pronunciarsi su ogni alberatura di cui si proporr\u00e0 la rimozione e la relativa delibera dovr\u00e0 essere corredata da un parere tecnico, esattamente alla stregua della procedura prevista per l\u2019approvazione dei debiti fuori bilancio. In tal modo ogni rimozione sar\u00e0 frutto di una scelta non solo tecnica, ma anche politica ed alle imprese esecutrici delle opere, nonch\u00e9 ai progettisti, dovr\u00e0 essere impartito un indirizzo semplice e chiaro, rappresentato dalla volont\u00e0 della Citt\u00e0 di mantenere, ove possibile e in termini di sicurezza, le alberature esistenti.<\/p>\n\n\n\n<p>D\u2019altro canto, ormai, appare evidente che il vecchio adagio per cui si rimuovo alberi in un luogo e se ne posano altri, anche in numero maggiore ma a decine di chilometri di distanza, non ha alcuna ricaduta sull\u2019ecosistema urbano e non produce benefici allo stesso n\u00e9 ai cittadini.<\/p>\n\n\n\n<p>Tutelare il gi\u00e0 esiguo patrimonio arboreo esistente, prendersene cura e conservarlo \u00e8 un dovere che occorre caldeggiare, certamente per fronteggiare la crisi climatica e la crisi ambientale ma anche per investire in termini di prevenzione sulla salute dei cittadini.<\/p>\n\n\n\n<p>Per noi, la festa dell\u2019albero \u00e8 ogni giorno e per questo abbiamo ritenuto di unire le forze in tal senso, superando steccati tra maggioranza e minoranza, nell\u2019esclusiva cura del bene comune, dell\u2019interesse pubblico, dell\u2019universale diritto alla salute, nel perseguimento dell\u2019art.9 della costituzione.<\/p>\n\n\n\n<p>______<\/p>\n\n\n\n<p>Al Presidente del Consiglio Comunale<\/p>\n\n\n\n<p>Avv. Carlo Mignone<\/p>\n\n\n\n<p>Al signor Sindaco del Comune di Lecce<\/p>\n\n\n\n<p>Dott. Carlo Maria Salvemini<\/p>\n\n\n\n<p>Ai sigg.ri e sigg.re<\/p>\n\n\n\n<p>Componenti della Giunta Comunale<\/p>\n\n\n\n<p>Oggetto: Mozione per il Consiglio Comunale \u2013 taglio alberature<\/p>\n\n\n\n<p>I sottoscritti consiglieri, ai sensi dell\u2019art. 56 Reg. Consiglio Comunale, con la presente mozione espongono quanto segue:<\/p>\n\n\n\n<p><strong><em>Premesso che<\/em><\/strong><\/p>\n\n\n\n<ul><li>in citt\u00e0 si assiste da tempo ormai al taglio di imprevisto di alberature, come accaduto sul piazzale antistante lo Stadio \u201cE. Giardiniero\u201d, Viale Leopardi, Viale Grassi;<\/li><li>la presenza del verde, la tutela dello stesso cos\u00ec come la sua conservazione, necessita di una particolare attenzione collettiva, ivi compresa la politica;<\/li><\/ul>\n\n\n\n<p><strong><em>Ritenuto<\/em><\/strong><\/p>\n\n\n\n<p>Che la scelta di conservazione delle alberature esistenti non pu\u00f2 essere affidata solo ed esclusivamente alla valutazione di una ditta appaltatrice dei lavori ovvero alla mera valutazione tecnica, necessaria ma di per se non sufficiente ed esaustiva;<\/p>\n\n\n\n<p><strong><em>Considerato<\/em><\/strong><\/p>\n\n\n\n<p>Che si ritiene necessario che la conservazione delle alberature pre-esistenti diventi un\u2019assoluta priorit\u00e0 per i progettisti di ogni edificanda opera, sia pubblica che privata, e che dovranno pertanto tenerne conto, individuando tutte le alternative possibili alla rimozione;<\/p>\n\n\n\n<p>Che si ritiene, perci\u00f2, prevalente conservare e tutelare il patrimonio arboreo urbano esistente e indicare la sua conservazione nelle linee di indirizzo e di esecuzione di ogni progetto<\/p>\n\n\n\n<p>Tutto ci\u00f2 premesso, ritenuto e considerato, il CONSIGLIO COMUNALE<\/p>\n\n\n\n<p>Impegna il Sindaco e la Giunta, a far si che:<\/p>\n\n\n\n<ol type=\"1\"><li>cessi immediatamente la dilagante poltica che considera le alberature come numeri (ne abbatto dieci e ne pianto undici in un altro luogo);<\/li><li>Che, esperite le procedure tecniche, valutate le risultanze progettuali, il taglio di ogni singola alberature sia sottoposta al vaglio ed all\u2019approvazione del consiglio comunale, prevedendo tempestivamente delibera di approvazione a cura del dirigente del settore incaricato;<\/li><\/ol>\n\n\n\n<p>Lecce, 24.11.2022<\/p>\n\n\n\n<p>Gruppo Consiliare Progetto Citt\u00e0&nbsp;&nbsp;&nbsp;&nbsp;&nbsp;&nbsp;&nbsp;&nbsp;&nbsp;&nbsp;&nbsp;&nbsp;&nbsp;&nbsp;&nbsp;&nbsp;&nbsp;&nbsp;&nbsp;&nbsp;&nbsp;&nbsp;&nbsp;&nbsp;&nbsp;&nbsp;&nbsp;&nbsp;&nbsp;&nbsp;&nbsp; Gruppo Consiliare Movimento Cinque Stelle<\/p>\n\n\n\n<p>&nbsp;F.to Pierpaolo Patti&nbsp;&nbsp;&nbsp;&nbsp;&nbsp;&nbsp;&nbsp;&nbsp;&nbsp;&nbsp;&nbsp;&nbsp;&nbsp;&nbsp;&nbsp;&nbsp;&nbsp;&nbsp;&nbsp;&nbsp;&nbsp;&nbsp;&nbsp;&nbsp;&nbsp;&nbsp;&nbsp;&nbsp;&nbsp;&nbsp;&nbsp;&nbsp;&nbsp;&nbsp;&nbsp;&nbsp;&nbsp;&nbsp;&nbsp;&nbsp;&nbsp;&nbsp;&nbsp;&nbsp;&nbsp;&nbsp;&nbsp;&nbsp;&nbsp;&nbsp;&nbsp;&nbsp;&nbsp;&nbsp;&nbsp;&nbsp;&nbsp;&nbsp;&nbsp;&nbsp;&nbsp;&nbsp;&nbsp; Dott. Arturo Baglivo&nbsp;&nbsp;&nbsp;&nbsp;<\/p>\n\n\n\n<p>&nbsp;______&nbsp;&nbsp;&nbsp;<\/p>\n\n\n\n<p>L&#8217;APPROFONDIMENTO nei nostri articoli del 20 e 21 novembre scorsi<\/p>\n\n\n\n<p><blockquote class=\"wp-embedded-content\" data-secret=\"iQdvbkppTT\"><a href=\"https:\/\/www.leccecronaca.it\/index.php\/2022\/11\/21\/talee-2022-di-protesta-e-di-proposta-photogallery\/\">&#8220;Talee 2022&#8221; DI PROTESTA E DI PROPOSTA &#8211; photogallery<\/a><\/blockquote><iframe class=\"wp-embedded-content\" sandbox=\"allow-scripts\" security=\"restricted\" style=\"position: absolute; clip: rect(1px, 1px, 1px, 1px);\" title=\"&#8220;&#8220;Talee 2022&#8221; DI PROTESTA E DI PROPOSTA &#8211; photogallery&#8221; &#8212; LecceCronaca.it\" src=\"https:\/\/www.leccecronaca.it\/index.php\/2022\/11\/21\/talee-2022-di-protesta-e-di-proposta-photogallery\/embed\/#?secret=3SVJEb6IMa#?secret=iQdvbkppTT\" data-secret=\"iQdvbkppTT\" width=\"500\" height=\"282\" frameborder=\"0\" marginwidth=\"0\" marginheight=\"0\" scrolling=\"no\"><\/iframe><\/p>\n\n\n\n<p><blockquote class=\"wp-embedded-content\" data-secret=\"aMY9EjpJDo\"><a href=\"https:\/\/www.leccecronaca.it\/index.php\/2022\/11\/20\/cosi-si-uccidono-alberi-e-identita-dei-luoghi\/\">COSI&#8217; SI UCCIDONO ALBERI E IDENTITA&#8217; DEI LUOGHI<\/a><\/blockquote><iframe class=\"wp-embedded-content\" sandbox=\"allow-scripts\" security=\"restricted\" style=\"position: absolute; clip: rect(1px, 1px, 1px, 1px);\" title=\"&#8220;COSI&#8217; SI UCCIDONO ALBERI E IDENTITA&#8217; DEI LUOGHI&#8221; &#8212; LecceCronaca.it\" src=\"https:\/\/www.leccecronaca.it\/index.php\/2022\/11\/20\/cosi-si-uccidono-alberi-e-identita-dei-luoghi\/embed\/#?secret=PH5uQdpXjt#?secret=aMY9EjpJDo\" data-secret=\"aMY9EjpJDo\" width=\"500\" height=\"282\" frameborder=\"0\" marginwidth=\"0\" marginheight=\"0\" scrolling=\"no\"><\/iframe><\/p>\n\n\n\n<p>&nbsp;&nbsp;&nbsp;&nbsp;&nbsp;&nbsp;&nbsp;&nbsp;&nbsp;&nbsp;&nbsp;&nbsp;&nbsp;&nbsp;&nbsp;<\/p>\n<fb:like href='https:\/\/www.leccecronaca.it\/index.php\/2022\/11\/24\/pierpaolo-patti-e-arturo-baglivo-incalzano-carlo-salvemini-sulla-tutela-degli-alberi-a-lecce-citta\/' send='true' layout='button_count' show_faces='true' width='450' height='65' action='recommend' colorscheme='light' font='lucida grande'><\/fb:like><span class=\"fb_share\"><fb:like href=\"https:\/\/www.leccecronaca.it\/index.php\/2022\/11\/24\/pierpaolo-patti-e-arturo-baglivo-incalzano-carlo-salvemini-sulla-tutela-degli-alberi-a-lecce-citta\/\" layout=\"button_count\"><\/fb:like><\/span>","protected":false},"excerpt":{"rendered":"<p>Riceviamo e volentieri pubblichiamo. I consiglieri comunali Pierpaolo Patti, del gruppo Progetto Citt\u00e0, che sta in maggioranza, e Arturo Baglivo, del Movimento 5 Stelle, che sta all&#8217;opposizione, firmano congiuntamente una dichiarazione e una mozione che qui di seguito riportiamo integralmente (foto dal nostro archivio) ______ In data odierna abbiamo depositato una mozione da calendarizzare &#8211; [&hellip;]<\/p>\n","protected":false},"author":4,"featured_media":207674,"comment_status":"open","ping_status":"closed","sticky":false,"template":"","format":"standard","meta":[],"categories":[1,76,36],"tags":[],"_links":{"self":[{"href":"https:\/\/www.leccecronaca.it\/index.php\/wp-json\/wp\/v2\/posts\/208037"}],"collection":[{"href":"https:\/\/www.leccecronaca.it\/index.php\/wp-json\/wp\/v2\/posts"}],"about":[{"href":"https:\/\/www.leccecronaca.it\/index.php\/wp-json\/wp\/v2\/types\/post"}],"author":[{"embeddable":true,"href":"https:\/\/www.leccecronaca.it\/index.php\/wp-json\/wp\/v2\/users\/4"}],"replies":[{"embeddable":true,"href":"https:\/\/www.leccecronaca.it\/index.php\/wp-json\/wp\/v2\/comments?post=208037"}],"version-history":[{"count":5,"href":"https:\/\/www.leccecronaca.it\/index.php\/wp-json\/wp\/v2\/posts\/208037\/revisions"}],"predecessor-version":[{"id":208044,"href":"https:\/\/www.leccecronaca.it\/index.php\/wp-json\/wp\/v2\/posts\/208037\/revisions\/208044"}],"wp:featuredmedia":[{"embeddable":true,"href":"https:\/\/www.leccecronaca.it\/index.php\/wp-json\/wp\/v2\/media\/207674"}],"wp:attachment":[{"href":"https:\/\/www.leccecronaca.it\/index.php\/wp-json\/wp\/v2\/media?parent=208037"}],"wp:term":[{"taxonomy":"category","embeddable":true,"href":"https:\/\/www.leccecronaca.it\/index.php\/wp-json\/wp\/v2\/categories?post=208037"},{"taxonomy":"post_tag","embeddable":true,"href":"https:\/\/www.leccecronaca.it\/index.php\/wp-json\/wp\/v2\/tags?post=208037"}],"curies":[{"name":"wp","href":"https:\/\/api.w.org\/{rel}","templated":true}]}}