{"id":208440,"date":"2022-12-04T15:05:00","date_gmt":"2022-12-04T14:05:00","guid":{"rendered":"http:\/\/www.leccecronaca.it\/?p=208440"},"modified":"2022-12-11T13:55:49","modified_gmt":"2022-12-11T12:55:49","slug":"208440","status":"publish","type":"post","link":"https:\/\/www.leccecronaca.it\/index.php\/2022\/12\/04\/208440\/","title":{"rendered":"SI E&#8217; CONCLUSO A LECCE L&#8217;IMPORTANTE CONVEGNO INTERNAZIONALE SU DIVERSITA&#8217;, INCLUSIONE E INTEGRAZIONE SOCIALE"},"content":{"rendered":"\n<h2 class=\"wp-block-heading\"><\/h2>\n\n\n\n<figure class=\"wp-block-image size-large\"><img decoding=\"async\" loading=\"lazy\" width=\"829\" height=\"1024\" src=\"https:\/\/www.leccecronaca.it\/wordpress\/wp-content\/uploads\/2022\/12\/NICOLETA-829x1024.jpg\" alt=\"\" class=\"wp-image-208441\" srcset=\"https:\/\/www.leccecronaca.it\/wordpress\/wp-content\/uploads\/2022\/12\/NICOLETA-829x1024.jpg 829w, https:\/\/www.leccecronaca.it\/wordpress\/wp-content\/uploads\/2022\/12\/NICOLETA-243x300.jpg 243w, https:\/\/www.leccecronaca.it\/wordpress\/wp-content\/uploads\/2022\/12\/NICOLETA-768x949.jpg 768w, https:\/\/www.leccecronaca.it\/wordpress\/wp-content\/uploads\/2022\/12\/NICOLETA.jpg 1076w\" sizes=\"(max-width: 829px) 100vw, 829px\" \/><\/figure>\n\n\n\n<p><strong>ORGANIZZATO DAL CENTRO STUDI KOINE&#8217; EUROPE. leccecronaca.it LO HA SEGUITO INSIEME AL PRESIDENTE NICOLETA APOPEI, DI CUI ABBIAMO RACCOLTO LE PRIME IMPRESSIONI<\/strong><\/p>\n\n\n\n<p>di <strong>Carmen Leo<\/strong> _______ <strong><em>&#8220;Quest\u2019anno la Convention da noi organizzata per la seconda edizione si &nbsp;arricchisce di una importantissima novit\u00e0, l\u2019attivazione di una raccolta fondi con libero contributo, da versare tramite IBAN o direttamente in un salvadanaio messo a disposizione durante l&#8217;evento, proprio qui nella sala conferenze del Grand Hotel Tiziano. <\/em><\/strong><\/p>\n\n\n\n<p><strong><em>I proventi saranno utilizzati per contribuire all&#8217;acquisto di un cane guida da donare ai non vedenti.<\/em><\/strong><\/p>\n\n\n\n<p><strong><em> L\u2019iniziativa \u00e8 supportata dal Lions Club Lecce Messapia, di cui da circa un anno mi onoro di essere<\/em><\/strong> <strong><em>socia. <\/em><\/strong><\/p>\n\n\n\n<p><strong><em>Con una totalitaria visione del fare beneficenza, ormai divenuta una mission di Koin\u00e8 Europe, anche quest&#8217;anno desideriamo invitare il territorio ad una partecipazione attiva e presente, perch\u00e9 solo dal bene pu\u00f2 nascere altro bene. <\/em><\/strong><\/p>\n\n\n\n<p><strong><em>Desidero ringraziare di cuore tutto lo staff operativo di Koin\u00e8 per il supporto fattivo alla realizzazione di questo nostro importante progetto\u201d.<\/em><\/strong><\/p>\n\n\n\n<p>Cos\u00ec <strong>Nicoleta Apopei<\/strong> (nella foto di copertina), presidente del <strong><em>Centro Koin\u00e8 Europe<\/em><\/strong> dichiara in un\u2019intervista esclusiva a <strong>leccecronaca.it<\/strong>, che segue sempre da vicino e con grande interesse le iniziative promosse dal centro di alta formazione con sedi a Lecce e Melendugno, al termine della seconda edizione del Convegno Internazionale intitolato <strong><em>Intercultural Diversity in the 21s<\/em>t<\/strong> <strong><em>Century: Social Inclusion and Integration<\/em><\/strong> (Diverstit\u00e0 Interculturale nel 21\u00b0 secolo: Inclusione e Integrazione Sociale \u2013 ndr), tenutosi in due giornate: il 2 dicembre in modalit\u00e0 online e per buona parte della giornata di sabato 3, dalle ore 9.30 alle 19.00, presso la <strong><em>Sala Bellini del Grand Hotel Tiziano <\/em><\/strong>a Lecce.<\/p>\n\n\n\n<p><strong><em>Koin\u00e8 Europe <\/em><\/strong>\u00e8<strong><em>&nbsp; <\/em><\/strong>diventato una vera eccellenza nel campo della formazione ad ampio spettro, grazie al tenace impegno della dottoressa <strong><em>Apopei<\/em><\/strong> e dell\u2019intero staff amministrativo e docente, che lo hanno reso un \u201c<strong>Ente accreditato ISO 9001: 2015 Quality Management System\u201d<\/strong> che da anni collabora con varie Istituzioni a livello nazionale e internazionale, con la sola finalit\u00e0 di proporre all\u2019utenza un\u2019offerta formativa continua e quanto pi\u00f9 variegata possibile, che abbraccia le branche delle discipline afferenti i corsi di laurea di I e II livello in <strong>Psicologia, Lettere, Economia, Ingegneria, Giurisprudenza,<\/strong> nonch\u00e9 master, certificazioni e abilitazioni per docenti, da conseguire tanto in Italia quanto all\u2019estero, grazie alla collaborazione avviata da tempo &nbsp;con i prestigiosi atenei <strong><em>e-Campus, Sorbonne Universit\u00e8, e Titu Maiorescu di Bucarest.<\/em><\/strong><\/p>\n\n\n\n<figure class=\"wp-block-image size-full\"><img decoding=\"async\" loading=\"lazy\" width=\"496\" height=\"839\" src=\"https:\/\/www.leccecronaca.it\/wordpress\/wp-content\/uploads\/2022\/12\/PINA-STURINO.jpg\" alt=\"\" class=\"wp-image-208442\" srcset=\"https:\/\/www.leccecronaca.it\/wordpress\/wp-content\/uploads\/2022\/12\/PINA-STURINO.jpg 496w, https:\/\/www.leccecronaca.it\/wordpress\/wp-content\/uploads\/2022\/12\/PINA-STURINO-177x300.jpg 177w\" sizes=\"(max-width: 496px) 100vw, 496px\" \/><\/figure>\n\n\n\n<p><strong><em>\u201cRitornare per la seconda volta a Lecce, per partecipare a questo prestigioso evento costituisce per me motivo di grande soddisfazione, onoratissima di essere stata invitata.<\/em><\/strong><\/p>\n\n\n\n<p><strong><em>&nbsp;Ringrazio e porto i saluti a tutta la comunit\u00e0 presente da parte della Presidente della Provincia di Cosenza, Rosaria Succurro.<\/em><\/strong><\/p>\n\n\n\n<p><strong><em>&nbsp;Il convegno pone l\u2019accento sull\u2019importante tema della Diversit\u00e0, non a caso \u00e8 stato organizzato proprio  oggi nella Giornata Internazionale delle Persone con Disabilit\u00e0, attraverso uno scambio di ampio respiro tra tutte le personalit\u00e0 del mondo della Cultura internazionale che abbiamo avuto il piacere di ascoltare. <\/em><\/strong><\/p>\n\n\n\n<p><strong><em>\u00c8 un evento molto singolare e inclusivo, in quanto ha dato voce alle diverse associazioni che si spendono sul territorio nazionale, ma anche&nbsp; a livello regionale e provinciale, per perorare le cause e difendere i diritti dei soggetti fragili. <\/em><\/strong><\/p>\n\n\n\n<p><strong><em>Mi auguro che Koin\u00e8, grazie alla grande passione della dottoressa Apopei, possa continuare a promuovere queste iniziative, cercando di allargare i propri confini facendo rete con un sempre maggior numero di associazioni, creando una vera e propria filiera istituzionale che possa implementare in tutte le regioni del nostro Paese simili opportunit\u00e0 di confronto culturale e impegno nel sociale\u201d.<\/em><\/strong><\/p>\n\n\n\n<p>Questo quanto ha a noi dichiarato <strong>Pina Sturino<\/strong> ( nella foto sopra), <em>Consigliera alle Pari Opportunit\u00e0 <\/em>della Provincia di Cosenza, che ha presenziato in qualit\u00e0 di relatrice con un breve quanto incisivo intervento intitolato \u201c<strong><em>Educando alla differenza, la diversit\u00e0 diventa ricchezza\u201d.<\/em><\/strong><\/p>\n\n\n\n<p><\/p>\n\n\n\n<p>La <em>Convention <\/em>si \u00e8 aperta con i saluti di <strong>Nicoleta Apopei<\/strong>, ai quali sono seguiti quelli di <strong>Maria Belvis<em>o<\/em><\/strong>, presidente del <strong><em>Lions Club Lecce Messapia<\/em><\/strong> e di <strong>Massimiliano Greco<\/strong>, presidente del <strong><em>Leo Club Lecce Messapia.<\/em><\/strong><\/p>\n\n\n\n<p>La seconda giornata in presenza, quella di sabato 3 dicembre, ha visto gli interventi istituzionali in primis di <strong>Mihnea Claudiu Drumea<\/strong> (primo da destra nella foto sotto con Nicoleta e lo staff femminile di Koin\u00e8), consigliere questo del Primo Ministro della Romania, <strong>Nicolae Ciuca<\/strong>, nonch\u00e9 vice rettore della <strong><em>Spiru Haret University.<\/em><\/strong><\/p>\n\n\n\n<figure class=\"wp-block-image size-full\"><img decoding=\"async\" loading=\"lazy\" width=\"768\" height=\"1024\" src=\"https:\/\/www.leccecronaca.it\/wordpress\/wp-content\/uploads\/2022\/12\/staff-koine.jpg\" alt=\"\" class=\"wp-image-208485\" srcset=\"https:\/\/www.leccecronaca.it\/wordpress\/wp-content\/uploads\/2022\/12\/staff-koine.jpg 768w, https:\/\/www.leccecronaca.it\/wordpress\/wp-content\/uploads\/2022\/12\/staff-koine-225x300.jpg 225w\" sizes=\"(max-width: 768px) 100vw, 768px\" \/><\/figure>\n\n\n\n<p>Per la rappresentanza regionale e provinciale: <strong>Sebastiano Leo<em>,<\/em><\/strong> assessore all\u2019Istruzione, Formazione e Lavoro, &nbsp;<strong>Alessandro Delli Noci<\/strong>, assessore allo Sviluppo Economico, &nbsp;<strong>Loredana Capone<\/strong>, presidente del Consiglio Regionale, tutti e tre per la Regione Puglia; <strong>Stefano Minerv<em>a<\/em><\/strong>, presidente della Provincia di Lecce.<\/p>\n\n\n\n<p><strong>&nbsp;<em>Mons. Michele Seccia<\/em><\/strong>, arcivescovo di Lecce, i sindaci di alcuni comuni salentini, docenti e ricercatori di universit\u00e0 ed enti italiani e internazionali, presidenti di associazioni culturali, membri dei governi di varie nazioni, tra le altre illustri presenze.<\/p>\n\n\n\n<p> Troppo complesso risulterebbe citarle tutte, ma i nostri lettori potranno rintracciarne i nomi nel nostro articolo di presentazione richiamato in fondo a questo.<\/p>\n\n\n\n<figure class=\"wp-block-image size-large\"><img decoding=\"async\" loading=\"lazy\" width=\"1017\" height=\"1024\" src=\"https:\/\/www.leccecronaca.it\/wordpress\/wp-content\/uploads\/2022\/12\/avv-bruno-1017x1024.jpg\" alt=\"\" class=\"wp-image-208444\" srcset=\"https:\/\/www.leccecronaca.it\/wordpress\/wp-content\/uploads\/2022\/12\/avv-bruno-1017x1024.jpg 1017w, https:\/\/www.leccecronaca.it\/wordpress\/wp-content\/uploads\/2022\/12\/avv-bruno-298x300.jpg 298w, https:\/\/www.leccecronaca.it\/wordpress\/wp-content\/uploads\/2022\/12\/avv-bruno-150x150.jpg 150w, https:\/\/www.leccecronaca.it\/wordpress\/wp-content\/uploads\/2022\/12\/avv-bruno-768x773.jpg 768w, https:\/\/www.leccecronaca.it\/wordpress\/wp-content\/uploads\/2022\/12\/avv-bruno-60x60.jpg 60w, https:\/\/www.leccecronaca.it\/wordpress\/wp-content\/uploads\/2022\/12\/avv-bruno.jpg 1080w\" sizes=\"(max-width: 1017px) 100vw, 1017px\" \/><\/figure>\n\n\n\n<p>Di scottante attualit\u00e0 ed emergenza sociale l\u2019inciso dell\u2019avvocato <strong><em>Antonio Bruno<\/em> <\/strong>(nella foto sopra) di Bari, presidente di <strong><em>Konsumer Puglia<\/em><\/strong>, il ramo regionale dell\u2019omonima associazione nazionale a tutela dei consumatori e dell\u2019ambiente, di promozione sociale senza fini di lucro, il quale ha relazionato riguardo al progetto <strong><em>Io non dipendo, Io scelgo, <\/em><\/strong>promosso da <strong><em>HBG Gaming<\/em><\/strong> e realizzato dalla stessa <strong><em>Konsumer Italia<\/em><\/strong> con la collaborazione attiva dell&#8217;associazione di psicologi <strong><em>Le Metamorfosi<\/em><\/strong>, il quale progetto vuole essere una sorta di sportello di continuo ascolto a supporto di chi vuole uscire da una dipendenza, prevenirla oppure limitare i danni derivanti da essa di un proprio familiare o amico, con il fine ultimo di aiutare il soggetto fragile ad uscirne.<\/p>\n\n\n\n<p><strong><em>\u201c\u00c8 importante ed essenziale accettare la disabilit\u00e0 come parte integrante dell\u2019identit\u00e0 della persona. Ci\u00f2 significa non ridurre la persona diversamente abile alla mera personificazione del suo handicap, ma nemmeno negarlo o minimizzarlo. La giusta soluzione sta nel considerare i limiti e trasformarli in potenzialit\u00e0.&nbsp; <\/em><\/strong><\/p>\n\n\n\n<p><strong><em>La giustapposizione dei due argomenti, sessualit\u00e0 e disabilit\u00e0, \u00e8 ancora considerata un taboo per la maggior arte della popolazione, per la semplice ragione che, poich\u00e9 la sessualit\u00e0 e strettamente associata alla dimensione corporea, dilaga ancora l\u2019erronea concezione che una persona con problemi fisici sarebbe &nbsp;incapace di godere pienamente di esperienze legate alla sfera intima\u201d.<\/em><\/strong><\/p>\n\n\n\n<figure class=\"wp-block-image size-full\"><img decoding=\"async\" loading=\"lazy\" width=\"750\" height=\"750\" src=\"https:\/\/www.leccecronaca.it\/wordpress\/wp-content\/uploads\/2022\/12\/denise.jpg\" alt=\"\" class=\"wp-image-208445\" srcset=\"https:\/\/www.leccecronaca.it\/wordpress\/wp-content\/uploads\/2022\/12\/denise.jpg 750w, https:\/\/www.leccecronaca.it\/wordpress\/wp-content\/uploads\/2022\/12\/denise-300x300.jpg 300w, https:\/\/www.leccecronaca.it\/wordpress\/wp-content\/uploads\/2022\/12\/denise-150x150.jpg 150w, https:\/\/www.leccecronaca.it\/wordpress\/wp-content\/uploads\/2022\/12\/denise-60x60.jpg 60w\" sizes=\"(max-width: 750px) 100vw, 750px\" \/><\/figure>\n\n\n\n<p>Delicato, e al contempo appassionato, l\u2019intervento intitolato <strong>\u201c<em>Le affinit\u00e0 dei disabili\u201d<\/em><\/strong> &nbsp;esposto da <strong><em>Denise Gabrieli <\/em><\/strong>(nella foto sopra), parte integrante dello staff del <strong><em>Centro<\/em><\/strong> <strong><em>Koin\u00e8 Europe<\/em><\/strong>, la quale ha sottolineato la differenza tra una disabilit\u00e0 fisica grave ed una di pi\u00f9 modesta entit\u00e0 nell\u2019approccio alla sessualit\u00e0, che appare diverso a&nbsp; seconda che la disabilit\u00e0 sia di tipo fisico, cognitivo o sensoriale e, ovviamente, in relazione al genere e all\u2019et\u00e0 del soggetto, nonch\u00e9 al contesto sociale di appartenenza.<\/p>\n\n\n\n<p>I vari interventi degli insigni nomi del panorama culturale mondiale sono stati inframmezzati da originali intermezzi musicali, tra il coffe break, il pranzo e la cena, offerti agli ospiti dagli organizzatori nelle accoglienti sale del Grand Hotel Tiziano.<\/p>\n\n\n\n<figure class=\"wp-block-image size-full\"><img decoding=\"async\" loading=\"lazy\" width=\"639\" height=\"639\" src=\"https:\/\/www.leccecronaca.it\/wordpress\/wp-content\/uploads\/2022\/12\/raffaele-mele.jpg\" alt=\"\" class=\"wp-image-208486\" srcset=\"https:\/\/www.leccecronaca.it\/wordpress\/wp-content\/uploads\/2022\/12\/raffaele-mele.jpg 639w, https:\/\/www.leccecronaca.it\/wordpress\/wp-content\/uploads\/2022\/12\/raffaele-mele-300x300.jpg 300w, https:\/\/www.leccecronaca.it\/wordpress\/wp-content\/uploads\/2022\/12\/raffaele-mele-150x150.jpg 150w, https:\/\/www.leccecronaca.it\/wordpress\/wp-content\/uploads\/2022\/12\/raffaele-mele-60x60.jpg 60w\" sizes=\"(max-width: 639px) 100vw, 639px\" \/><\/figure>\n\n\n\n<p>A moderare le diverse interlocuzioni nella giornata di sabato sono stat<strong>i: <em>Raffaele Mele<\/em> <\/strong>(nella foto sopra), bancario e coordinatore dei Lions Club International Salento &#8211; Messapia;<strong> Loredana Perrone<\/strong> (a sinistra nella foto sotto) e <strong>Valeria Saracino<\/strong> (a destra nella foto sotto) entrambe docenti di <strong><em>Koin\u00e8<\/em><\/strong>.<\/p>\n\n\n\n<figure class=\"wp-block-image size-large is-resized\"><img decoding=\"async\" loading=\"lazy\" src=\"https:\/\/www.leccecronaca.it\/wordpress\/wp-content\/uploads\/2022\/12\/tavolo-moderatrici-866x1024.jpg\" alt=\"\" class=\"wp-image-208446\" width=\"842\" height=\"995\" srcset=\"https:\/\/www.leccecronaca.it\/wordpress\/wp-content\/uploads\/2022\/12\/tavolo-moderatrici-866x1024.jpg 866w, https:\/\/www.leccecronaca.it\/wordpress\/wp-content\/uploads\/2022\/12\/tavolo-moderatrici-254x300.jpg 254w, https:\/\/www.leccecronaca.it\/wordpress\/wp-content\/uploads\/2022\/12\/tavolo-moderatrici-768x908.jpg 768w, https:\/\/www.leccecronaca.it\/wordpress\/wp-content\/uploads\/2022\/12\/tavolo-moderatrici-1299x1536.jpg 1299w, https:\/\/www.leccecronaca.it\/wordpress\/wp-content\/uploads\/2022\/12\/tavolo-moderatrici-1732x2048.jpg 1732w, https:\/\/www.leccecronaca.it\/wordpress\/wp-content\/uploads\/2022\/12\/tavolo-moderatrici.jpg 1800w\" sizes=\"(max-width: 842px) 100vw, 842px\" \/><\/figure>\n\n\n\n<p><strong><em>&#8220;Oggi, a livello globale, la questione della disabilit\u00e0 richiede un grande impegno da parte dei legislatori per tutelare i diritti dei pi\u00f9 fragili. Di importanza rilevante \u00e8 la formazione di personale preposto, a cui \u00e8 richiesto di essere sempre pi\u00f9 impegnato e professionale. Il numero chiuso relativo al percorso TFA (Tirocinio formativo Attivo &#8211; ndr) non soddisfa tutte le esigenze del nostro paese, costringendo molti insegnanti ad espatriare oltre confine e sbarcare nei territori europei per formarsi e rendersi idonei alla professione. Un tale meccanismo comporta spese sostanziali e notevoli difficolt\u00e0 al momento della validazione del titolo acquisito all&#8217;estero da parte del Ministero italiano dell&#8217;Istruzione&#8221;.<\/em><\/strong><\/p>\n\n\n\n<p>A relazionare, con il titolo di <strong><em>&#8220;Integrazione e Inclusione: Verso Nuovi Orizzonti Educativi&#8221; <\/em><\/strong>\u00e8, stavolta, <strong><em>Michele Bonetti <\/em><\/strong>(nella foto sotto), avvocato del Foro di Roma, che gi\u00e0 da tempo collabora con il <strong><em>Centro Studi Koin\u00e8<\/em><\/strong>, fornendo il supporto legale e la sua esperienza a quanti richiedono di formarsi attraverso i servizi offerti dallo stesso Ente. <\/p>\n\n\n\n<div class=\"wp-block-columns is-layout-flex wp-container-2\">\n<div class=\"wp-block-column is-layout-flow\" style=\"flex-basis:100%\">\n<figure class=\"wp-block-image size-large is-resized\"><img decoding=\"async\" loading=\"lazy\" src=\"https:\/\/www.leccecronaca.it\/wordpress\/wp-content\/uploads\/2022\/12\/FB_IMG_1670192907860-681x1024.jpg\" alt=\"\" class=\"wp-image-208494\" width=\"337\" height=\"506\" srcset=\"https:\/\/www.leccecronaca.it\/wordpress\/wp-content\/uploads\/2022\/12\/FB_IMG_1670192907860-681x1024.jpg 681w, https:\/\/www.leccecronaca.it\/wordpress\/wp-content\/uploads\/2022\/12\/FB_IMG_1670192907860-200x300.jpg 200w, https:\/\/www.leccecronaca.it\/wordpress\/wp-content\/uploads\/2022\/12\/FB_IMG_1670192907860-768x1155.jpg 768w, https:\/\/www.leccecronaca.it\/wordpress\/wp-content\/uploads\/2022\/12\/FB_IMG_1670192907860-1021x1536.jpg 1021w, https:\/\/www.leccecronaca.it\/wordpress\/wp-content\/uploads\/2022\/12\/FB_IMG_1670192907860.jpg 1064w\" sizes=\"(max-width: 337px) 100vw, 337px\" \/><\/figure>\n<\/div>\n<\/div>\n\n\n\n<p>Un\u2019organizzazione, quella di questa seconda <strong><em>Convention, <\/em><\/strong>che definire impeccabile sarebbe sminuire di gran lunga ci\u00f2 che \u00e8 apparso ai nostri occhi come un evento curato in ogni sua minima parte, nella quale abbiamo riconosciuto il tocco raffinato, l\u2019eleganza nei modi, il garbo nell\u2019Essere pi\u00f9 che nell\u2019Apparire, di una Donna, <strong><em>Nicoleta Apopei<\/em><\/strong>, che ha votato la sua vita a promuovere la <strong>Cultura<\/strong>, nella pi\u00f9 ampia e variegata accezione che il termine possa indicare, in una terra a Lei straniera, il nostro amato Salento,  molto lontana dalla sua madre patria, la Romania, ma con la quale ha voluto e saputo costruire un lungo e solido ponte, fatto non soltanto di radici anagrafiche, ma anche e soprattutto di mattoni di eccellenze associati alle partnership con gli Enti di formazione di maggiore risonanza a livello mondiale. &nbsp;<\/p>\n\n\n\n<p>Ad Altiora Semper, <strong><em>Koin\u00e8 Europe<\/em>!<\/strong><\/p>\n\n\n\n<figure class=\"wp-block-image size-full\"><img decoding=\"async\" loading=\"lazy\" width=\"1024\" height=\"684\" src=\"https:\/\/www.leccecronaca.it\/wordpress\/wp-content\/uploads\/2022\/12\/gruppo-convegno.jpg\" alt=\"\" class=\"wp-image-208488\" srcset=\"https:\/\/www.leccecronaca.it\/wordpress\/wp-content\/uploads\/2022\/12\/gruppo-convegno.jpg 1024w, https:\/\/www.leccecronaca.it\/wordpress\/wp-content\/uploads\/2022\/12\/gruppo-convegno-300x200.jpg 300w, https:\/\/www.leccecronaca.it\/wordpress\/wp-content\/uploads\/2022\/12\/gruppo-convegno-768x513.jpg 768w\" sizes=\"(max-width: 1024px) 100vw, 1024px\" \/><\/figure>\n\n\n\n<p>LA RICERCA nel nostro articolo del 1. dicembre scorso<\/p>\n\n\n\n<p><blockquote class=\"wp-embedded-content\" data-secret=\"69LGPAMZV7\"><a href=\"https:\/\/www.leccecronaca.it\/index.php\/2022\/12\/01\/il-3-dicembre-presso-lhotel-tiziano-il-convegno-del-centro-studi-koine-intercultural-diversity-in-the-21-century\/\">SABATO 3 DICEMBRE A LECCE PRESSO L&#8217;HOTEL TIZIANO IL CONVEGNO INTERNAZIONALE DEL CENTRO STUDI KOINE&#8217; &#8220;INTERCULTURAL DIVERSITY IN THE 21 CENTURY&#8221;<\/a><\/blockquote><iframe class=\"wp-embedded-content\" sandbox=\"allow-scripts\" security=\"restricted\" style=\"position: absolute; clip: rect(1px, 1px, 1px, 1px);\" title=\"&#8220;SABATO 3 DICEMBRE A LECCE PRESSO L&#8217;HOTEL TIZIANO IL CONVEGNO INTERNAZIONALE DEL CENTRO STUDI KOINE&#8217; &#8220;INTERCULTURAL DIVERSITY IN THE 21 CENTURY&#8221;&#8221; &#8212; LecceCronaca.it\" src=\"https:\/\/www.leccecronaca.it\/index.php\/2022\/12\/01\/il-3-dicembre-presso-lhotel-tiziano-il-convegno-del-centro-studi-koine-intercultural-diversity-in-the-21-century\/embed\/#?secret=3gb5jiTknm#?secret=69LGPAMZV7\" data-secret=\"69LGPAMZV7\" width=\"500\" height=\"282\" frameborder=\"0\" marginwidth=\"0\" marginheight=\"0\" scrolling=\"no\"><\/iframe><\/p>\n<fb:like href='https:\/\/www.leccecronaca.it\/index.php\/2022\/12\/04\/208440\/' send='true' layout='button_count' show_faces='true' width='450' height='65' action='recommend' colorscheme='light' font='lucida grande'><\/fb:like><span class=\"fb_share\"><fb:like href=\"https:\/\/www.leccecronaca.it\/index.php\/2022\/12\/04\/208440\/\" layout=\"button_count\"><\/fb:like><\/span>","protected":false},"excerpt":{"rendered":"<p>ORGANIZZATO DAL CENTRO STUDI KOINE&#8217; EUROPE. leccecronaca.it LO HA SEGUITO INSIEME AL PRESIDENTE NICOLETA APOPEI, DI CUI ABBIAMO RACCOLTO LE PRIME IMPRESSIONI di Carmen Leo _______ &#8220;Quest\u2019anno la Convention da noi organizzata per la seconda edizione si &nbsp;arricchisce di una importantissima novit\u00e0, l\u2019attivazione di una raccolta fondi con libero contributo, da versare tramite IBAN o [&hellip;]<\/p>\n","protected":false},"author":4,"featured_media":208441,"comment_status":"open","ping_status":"closed","sticky":false,"template":"","format":"standard","meta":[],"categories":[1,69,31,75],"tags":[],"_links":{"self":[{"href":"https:\/\/www.leccecronaca.it\/index.php\/wp-json\/wp\/v2\/posts\/208440"}],"collection":[{"href":"https:\/\/www.leccecronaca.it\/index.php\/wp-json\/wp\/v2\/posts"}],"about":[{"href":"https:\/\/www.leccecronaca.it\/index.php\/wp-json\/wp\/v2\/types\/post"}],"author":[{"embeddable":true,"href":"https:\/\/www.leccecronaca.it\/index.php\/wp-json\/wp\/v2\/users\/4"}],"replies":[{"embeddable":true,"href":"https:\/\/www.leccecronaca.it\/index.php\/wp-json\/wp\/v2\/comments?post=208440"}],"version-history":[{"count":14,"href":"https:\/\/www.leccecronaca.it\/index.php\/wp-json\/wp\/v2\/posts\/208440\/revisions"}],"predecessor-version":[{"id":208620,"href":"https:\/\/www.leccecronaca.it\/index.php\/wp-json\/wp\/v2\/posts\/208440\/revisions\/208620"}],"wp:featuredmedia":[{"embeddable":true,"href":"https:\/\/www.leccecronaca.it\/index.php\/wp-json\/wp\/v2\/media\/208441"}],"wp:attachment":[{"href":"https:\/\/www.leccecronaca.it\/index.php\/wp-json\/wp\/v2\/media?parent=208440"}],"wp:term":[{"taxonomy":"category","embeddable":true,"href":"https:\/\/www.leccecronaca.it\/index.php\/wp-json\/wp\/v2\/categories?post=208440"},{"taxonomy":"post_tag","embeddable":true,"href":"https:\/\/www.leccecronaca.it\/index.php\/wp-json\/wp\/v2\/tags?post=208440"}],"curies":[{"name":"wp","href":"https:\/\/api.w.org\/{rel}","templated":true}]}}