{"id":208468,"date":"2022-12-04T16:58:33","date_gmt":"2022-12-04T15:58:33","guid":{"rendered":"http:\/\/www.leccecronaca.it\/?p=208468"},"modified":"2022-12-11T13:56:34","modified_gmt":"2022-12-11T12:56:34","slug":"i-lusinghieri-progetti-di-maldarizzi-per-il-salento","status":"publish","type":"post","link":"https:\/\/www.leccecronaca.it\/index.php\/2022\/12\/04\/i-lusinghieri-progetti-di-maldarizzi-per-il-salento\/","title":{"rendered":"I LUSINGHIERI PROGETTI DI MALDARIZZI PER IL SALENTO"},"content":{"rendered":"\n<p><img decoding=\"async\" loading=\"lazy\" width=\"2048\" height=\"1366\" class=\"wp-image-208471\" style=\"width: 1200px;\" src=\"https:\/\/www.leccecronaca.it\/wordpress\/wp-content\/uploads\/2022\/12\/sassi.jpeg\" alt=\"\" srcset=\"https:\/\/www.leccecronaca.it\/wordpress\/wp-content\/uploads\/2022\/12\/sassi.jpeg 2048w, https:\/\/www.leccecronaca.it\/wordpress\/wp-content\/uploads\/2022\/12\/sassi-300x200.jpeg 300w, https:\/\/www.leccecronaca.it\/wordpress\/wp-content\/uploads\/2022\/12\/sassi-1024x683.jpeg 1024w, https:\/\/www.leccecronaca.it\/wordpress\/wp-content\/uploads\/2022\/12\/sassi-768x512.jpeg 768w, https:\/\/www.leccecronaca.it\/wordpress\/wp-content\/uploads\/2022\/12\/sassi-1536x1025.jpeg 1536w\" sizes=\"(max-width: 2048px) 100vw, 2048px\" \/><\/p>\n\n\n\n<p>(g.p.)&nbsp;&nbsp;_____<em><strong>_ \u201cIl temporary store \u00e8 solo l\u2019inizio di un progetto industriale. Abbiamo preso una parte della storica sede Cam di Lecce e a giorni inizieremo i lavori, ospiter\u00e0 la parte commerciale e assistenziale, una parte post vendita, un vasto parco auto usate e una sezione dedicata al noleggio a medio e lungo termine di qualsiasi tipo di veicolo. \u00c8 un investimento importante su un territorio a cui ci lega un profondo affetto. Inoltre, assumeremo persone del territorio, portando nuovi posti di lavoro\u201d.<\/strong><\/em><\/p>\n\n\n\n<p>Cos\u00ec ieri sera il Cavaliere del Lavoro <strong>Francesco Maldarizzi<\/strong> all&#8217;inaugurazione della nuova sede di Lecce in  via Braccio Martello 1 di <strong>MALDARIZZI AUTOMOTIVE<\/strong>.<\/p>\n\n\n\n<p>Oltre al sindaco Carlo Salvemini (nella foto insime al Cavaliere al taglio del nastro) altri qualificati ospiti hanno animato una serata elegante, interessante, condivisa, del resto creata da protagonisti da tutti i numerosi partecipanti.<\/p>\n\n\n\n<p><\/p>\n\n\n\n<p><\/p>\n\n\n\n<p>A leccecronaca.it  l&#8217;assessore allo Sviluppo Economico della Regione Puglia Alessandro Delli Noci ha voluto sottolineare la capacit\u00e0 di questa azienda di saper guardare al futuro e di saper investire sulle nuove tecnolgie legate all&#8217;affascinante mondo delle automobili.<\/p>\n\n\n\n<p>Dal canto suo, il senatore Roberto Marti si \u00e8 espresso in termini lusinghieri sulle opportunit\u00e0 offerte dall&#8217; avere anche nel nostro Salento una realt\u00e0 nazionale prestigiosa e  cos\u00ec importante come Maldarizzi Atomotive.______&nbsp;<\/p>\n\n\n\n<p>LA RICERCA nel nostro articolo del 30 novembre scorso<\/p>\n\n\n\n<p><blockquote class=\"wp-embedded-content\" data-secret=\"aGmvinsJWR\"><a href=\"https:\/\/www.leccecronaca.it\/index.php\/2022\/11\/30\/maldarizzi-automotive-temporary-store-a-lecce\/\">MALDARIZZI AUTOMOTIVE TEMPORARY STORE A LECCE<\/a><\/blockquote><iframe class=\"wp-embedded-content\" sandbox=\"allow-scripts\" security=\"restricted\" style=\"position: absolute; clip: rect(1px, 1px, 1px, 1px);\" title=\"&#8220;MALDARIZZI AUTOMOTIVE TEMPORARY STORE A LECCE&#8221; &#8212; LecceCronaca.it\" src=\"https:\/\/www.leccecronaca.it\/index.php\/2022\/11\/30\/maldarizzi-automotive-temporary-store-a-lecce\/embed\/#?secret=uCTZUDuRhY#?secret=aGmvinsJWR\" data-secret=\"aGmvinsJWR\" width=\"500\" height=\"282\" frameborder=\"0\" marginwidth=\"0\" marginheight=\"0\" scrolling=\"no\"><\/iframe><\/p>\n\n\n\n<p><\/p>\n<fb:like href='https:\/\/www.leccecronaca.it\/index.php\/2022\/12\/04\/i-lusinghieri-progetti-di-maldarizzi-per-il-salento\/' send='true' layout='button_count' show_faces='true' width='450' height='65' action='recommend' colorscheme='light' font='lucida grande'><\/fb:like><span class=\"fb_share\"><fb:like href=\"https:\/\/www.leccecronaca.it\/index.php\/2022\/12\/04\/i-lusinghieri-progetti-di-maldarizzi-per-il-salento\/\" layout=\"button_count\"><\/fb:like><\/span>","protected":false},"excerpt":{"rendered":"<p>(g.p.)&nbsp;&nbsp;______ \u201cIl temporary store \u00e8 solo l\u2019inizio di un progetto industriale. Abbiamo preso una parte della storica sede Cam di Lecce e a giorni inizieremo i lavori, ospiter\u00e0 la parte commerciale e assistenziale, una parte post vendita, un vasto parco auto usate e una sezione dedicata al noleggio a medio e lungo termine di qualsiasi [&hellip;]<\/p>\n","protected":false},"author":4,"featured_media":208471,"comment_status":"open","ping_status":"closed","sticky":false,"template":"","format":"standard","meta":[],"categories":[1],"tags":[],"_links":{"self":[{"href":"https:\/\/www.leccecronaca.it\/index.php\/wp-json\/wp\/v2\/posts\/208468"}],"collection":[{"href":"https:\/\/www.leccecronaca.it\/index.php\/wp-json\/wp\/v2\/posts"}],"about":[{"href":"https:\/\/www.leccecronaca.it\/index.php\/wp-json\/wp\/v2\/types\/post"}],"author":[{"embeddable":true,"href":"https:\/\/www.leccecronaca.it\/index.php\/wp-json\/wp\/v2\/users\/4"}],"replies":[{"embeddable":true,"href":"https:\/\/www.leccecronaca.it\/index.php\/wp-json\/wp\/v2\/comments?post=208468"}],"version-history":[{"count":3,"href":"https:\/\/www.leccecronaca.it\/index.php\/wp-json\/wp\/v2\/posts\/208468\/revisions"}],"predecessor-version":[{"id":208617,"href":"https:\/\/www.leccecronaca.it\/index.php\/wp-json\/wp\/v2\/posts\/208468\/revisions\/208617"}],"wp:featuredmedia":[{"embeddable":true,"href":"https:\/\/www.leccecronaca.it\/index.php\/wp-json\/wp\/v2\/media\/208471"}],"wp:attachment":[{"href":"https:\/\/www.leccecronaca.it\/index.php\/wp-json\/wp\/v2\/media?parent=208468"}],"wp:term":[{"taxonomy":"category","embeddable":true,"href":"https:\/\/www.leccecronaca.it\/index.php\/wp-json\/wp\/v2\/categories?post=208468"},{"taxonomy":"post_tag","embeddable":true,"href":"https:\/\/www.leccecronaca.it\/index.php\/wp-json\/wp\/v2\/tags?post=208468"}],"curies":[{"name":"wp","href":"https:\/\/api.w.org\/{rel}","templated":true}]}}